{"id":11283,"date":"2023-06-03T00:16:21","date_gmt":"2023-06-03T05:16:21","guid":{"rendered":"https:\/\/informebajio.com.mx\/?p=11283"},"modified":"2023-06-03T00:16:21","modified_gmt":"2023-06-03T05:16:21","slug":"tequisquiapan-sera-parte-de-la-olimpiada-nacional-de-matematicas","status":"publish","type":"post","link":"https:\/\/informebajio.com.mx\/?p=11283","title":{"rendered":"Tequisquiapan ser\u00e1 parte de la Olimpiada Nacional de Matem\u00e1ticas"},"content":{"rendered":"<div id=\"content-body-5851641-10155011\">\n<p>La escuela <b>secundaria general \u201cCerro de las Campanas\u201d,<\/b> del municipio de<b> Tequisquiapan<\/b>, ser\u00e1 parte de la <b>XXIII Olimpiada Nacional de<a rel=\"Follow noopener\" target=\"_self\" href=\"https:\/\/www.diariodequeretaro.com.mx\/mexico\/sociedad\/en-mexico-solo-dos-de-cada-10-ninos-saben-matematicas-kumon-8768249.html\"> Matem\u00e1ticas<\/a><\/b> para Alumnos de Primaria y Secundaria (ONMAPS), no solo porque habr\u00e1 una representante de este lugar, sino porque los<b> participantes acudir\u00e1n este fin de semana a conocer la instituci\u00f3n.<\/b><\/p>\n<p>Lo anterior lo dio a conocer el director del plantel, <b>Jos\u00e9 Luis Hern\u00e1ndez Orozco,<\/b> quien asegur\u00f3 que este a\u00f1o ser\u00e1 especial para la escuela, ya que como todos los a\u00f1os, <b>habr\u00e1 una representante de la escuela en la Olimpiada<\/b>, se trata de <b>Camila Berenice Hern\u00e1ndez Nieto<\/b>, quien competir\u00e1 con los dem\u00e1s menores de escuelas que en su gran mayor\u00eda son de instituciones particulares, pues ella, junto con el joven de la escuela secundaria \u201cRoberto Ruiz Obreg\u00f3n\u201d, <b>Ricardo Arturo Villalobos Samano<\/b> de San Juan del R\u00edo, ser\u00e1n <b>los dos \u00fanicos part\u00edcipes de la regi\u00f3n.<\/b><\/p>\n<p>Explic\u00f3 que el concurso <b>comienza este 1 de junio <\/b>en la capital queretana y \u00fanicamente el s\u00e1bado, los <b>alumnos de otros estados visitar\u00e1n el Pueblo M\u00e1gico<\/b>, uno de los sitios, la secundar\u00eda \u201cCerro de las Campanas\u201d, con la intenci\u00f3n de que conozcan las instalaciones de donde continuamente salen los j\u00f3venes destacados en la asignatura de matem\u00e1ticas. <\/p>\n<p><i>\u201cDespu\u00e9s de 23 a\u00f1os regresa esta Olimpiada a Quer\u00e9taro, inicia este 1 de junio, se realizar\u00e1 todo en la capital del estado, solo el s\u00e1bado visitar\u00e1n Tequisquiapan, visitar\u00e1n la secundaria Cerro de las Campanas, seguimos dando buenos resultados, en una pre selecci\u00f3n de Quer\u00e9taro, ten\u00edamos 16 alumnos, pero ya en una \u00faltima etapa pues solo nos qued\u00f3 una alumna que orgullosamente junto con un alumno de San Juan del R\u00edo, son los \u00fanicos dos alumnos de escuelas p\u00fablicas, dado que los dem\u00e1s integrantes que forman la selecci\u00f3n de Quer\u00e9taro son de escuelas particulares\u201d.<\/i><\/p>\n<p>Refiri\u00f3 que esta Olimpiada comenz\u00f3 hace varias d\u00e9cadas en el estado, es por ello, que este a\u00f1o,<b> lleva el nombre de \u201cMtro. Roberto Ram\u00edrez Ram\u00edrez\u201d<\/b>, por lo que este a\u00f1o se contar\u00e1 con una importante asistencia de participantes, pues en esta edici\u00f3n, dijo que se integrar\u00e1n j\u00f3venes del nivel media superior por primera vez.<\/p>\n<p><b>\u27a1\ufe0f <\/b><a href=\"https:\/\/oem.us16.list-manage.com\/subscribe?u=c04a811ee61dc85305bf7133b&amp;id=f1b85ee5bb\"><b>Suscr\u00edbete a nuestro Newsletter y recibe las notas m\u00e1s relevantes en tu correo<\/b><\/a><b\/><\/p>\n<p>Finalmente dijo que es de gran orgullo para la instituci\u00f3n que representa, recibir a los<b> cientos de participantes <\/b>este pr\u00f3ximo fin de semana en las instalaciones de la secundaria, ya que conocer\u00e1n parte de la ense\u00f1anza que en el lugar se ofrece, pero adem\u00e1s de la cultura y tradiciones tequisquiapenses. <\/p>\n<\/div>\n<p><script>(function(d, s, id) {\nvar js, fjs = d.getElementsByTagName(s)[0];\nif (d.getElementById(id)) return;\njs = d.createElement(s); js.id = id;\njs.src = 'https:\/\/connect.facebook.net\/es_LA\/sdk.js#xfbml=1&version=v3.2&appId=232029482016746&autoLogAppEvents=1';\nfjs.parentNode.insertBefore(js, fjs);\n}(document, 'script', 'facebook-jssdk'));\n<\/script><\/p>\n","protected":false},"excerpt":{"rendered":"<p>La escuela secundaria general \u201cCerro de las Campanas\u201d, del municipio de Tequisquiapan, ser\u00e1 parte de la XXIII Olimpiada Nacional de Matem\u00e1ticas para Alumnos de Primaria y Secundaria (ONMAPS), no solo porque habr\u00e1 una representante de este lugar, sino porque los participantes acudir\u00e1n este fin de semana a conocer la instituci\u00f3n. Lo anterior lo dio a [&hellip;]<\/p>\n","protected":false},"author":2,"featured_media":11284,"comment_status":"","ping_status":"","sticky":false,"template":"","format":"standard","meta":{"_monsterinsights_skip_tracking":false,"_monsterinsights_sitenote_active":false,"_monsterinsights_sitenote_note":"","_monsterinsights_sitenote_category":0,"footnotes":""},"categories":[6],"tags":[],"class_list":["post-11283","post","type-post","status-publish","format-standard","has-post-thumbnail","hentry","category-san-juan-del-rio"],"_links":{"self":[{"href":"https:\/\/informebajio.com.mx\/index.php?rest_route=\/wp\/v2\/posts\/11283","targetHints":{"allow":["GET"]}}],"collection":[{"href":"https:\/\/informebajio.com.mx\/index.php?rest_route=\/wp\/v2\/posts"}],"about":[{"href":"https:\/\/informebajio.com.mx\/index.php?rest_route=\/wp\/v2\/types\/post"}],"author":[{"embeddable":true,"href":"https:\/\/informebajio.com.mx\/index.php?rest_route=\/wp\/v2\/users\/2"}],"replies":[{"embeddable":true,"href":"https:\/\/informebajio.com.mx\/index.php?rest_route=%2Fwp%2Fv2%2Fcomments&post=11283"}],"version-history":[{"count":0,"href":"https:\/\/informebajio.com.mx\/index.php?rest_route=\/wp\/v2\/posts\/11283\/revisions"}],"wp:featuredmedia":[{"embeddable":true,"href":"https:\/\/informebajio.com.mx\/index.php?rest_route=\/wp\/v2\/media\/11284"}],"wp:attachment":[{"href":"https:\/\/informebajio.com.mx\/index.php?rest_route=%2Fwp%2Fv2%2Fmedia&parent=11283"}],"wp:term":[{"taxonomy":"category","embeddable":true,"href":"https:\/\/informebajio.com.mx\/index.php?rest_route=%2Fwp%2Fv2%2Fcategories&post=11283"},{"taxonomy":"post_tag","embeddable":true,"href":"https:\/\/informebajio.com.mx\/index.php?rest_route=%2Fwp%2Fv2%2Ftags&post=11283"}],"curies":[{"name":"wp","href":"https:\/\/api.w.org\/{rel}","templated":true}]}}