{"id":11299,"date":"2023-06-03T06:18:00","date_gmt":"2023-06-03T11:18:00","guid":{"rendered":"https:\/\/informebajio.com.mx\/?p=11299"},"modified":"2023-06-03T06:18:00","modified_gmt":"2023-06-03T11:18:00","slug":"exposicion-de-autos-abarroto-amealco","status":"publish","type":"post","link":"https:\/\/informebajio.com.mx\/?p=11299","title":{"rendered":"Exposici\u00f3n de autos abarrot\u00f3 Amealco"},"content":{"rendered":"<div id=\"content-body-5851641-10140034\">\n<p>La plaza principal de municipio de <b><a href=\"https:\/\/www.elsoldesanjuandelrio.com.mx\/local\/repunta-produccion-de-nopal-verdulero-en-amealco-10016280.html\" target=\"_self\" rel=\"Follow noopener\">Amealco de Bonfil<\/a> <\/b>luci\u00f3 abarrotada este domingo durante la visita del<b> <i>influencer<\/i> Mart\u00edn Vaca, del programa Mexic\u00e1nicos, <\/b>quien recorri\u00f3 en conjunto con el alcalde <b>Ren\u00e9 Mej\u00eda<\/b> Montoya las principales calles del centro y ser parte de la <b>exposici\u00f3n de carros cl\u00e1sicos.<\/b><\/p>\n<p>Es la segunda ocasi\u00f3n que el mec\u00e1nico m\u00e1s famoso de la frontera norte de M\u00e9xico, pisa la cuna de Lele, para generar di\u00e1logo con las personas e intercambiar consejos con los due\u00f1os de los autos que, <b>despu\u00e9s de muchas d\u00e9cadas, siguen ofreciendo un gran servicio.<\/b><\/p>\n<p>A trav\u00e9s de un comunicado de prensa, la administraci\u00f3n de esta localidad hizo \u00e9nfasis en que este tipo de eventos generan mayor dinamismo y<b> flujo de turistas hacia el Pueblo M\u00e1gico<\/b>, el cual no solo permea al centro, sino a los artesanos, prestadores de servicios o bien, para quienes gustan de pernoctar en los recintos de caba\u00f1as de las zonas boscosas.<\/p>\n<p>\u201cEl compromiso de la administraci\u00f3n municipal de <b>Amealco de Bonfil<\/b> que encabeza el presidente Ren\u00e9 Mej\u00eda, es firme con la construcci\u00f3n del progreso y la felicidad que ha logrado concretar, entre muchas cosas, gracias al fortalecimiento del turismo con eventos de gran magnitud, como el realizado el d\u00eda de hoy; la exhibici\u00f3n de autos antiguos, que con la presencia de <b>Mart\u00edn Vaca, protagonista de Mexic\u00e1nicos<\/b>, logr\u00f3 casa llena en la plaza principal del centro\u201d destacaron en el comunicado. <\/p>\n<p>De este modo, el gobierno municipal se comprometi\u00f3 a seguir generando m\u00e1s eventos como este, para instar a que haya visitantes y que, el municipio goza de diversos lugares para la recreaci\u00f3n. <\/p>\n<p><b>La estrella del programa de Discovery Channel, pase\u00f3 por las calles principales del centro hist\u00f3rico a bordo de un coche cl\u00e1sico,<\/b> para llegar al Kiosko donde se tom\u00f3 fotograf\u00edas con los innumerables fans que lo esperaban.<\/p>\n<p>Este recorrido se llev\u00f3 a cabo a la par de que se realizaba la <b>exhibici\u00f3n de autos antiguos, organizada por el Club de Carros Antiguos de Amealco, <\/b>que mostr\u00f3 veh\u00edculos de todos los modelos y todos los colores, para el disfrute visual de los turistas.<\/p>\n<p><b id=\"docs-internal-guid-ab1652c2-7fff-1312-6d3e-ecbe54689cd0\"><b>\u27a1\ufe0f <\/b><a href=\"https:\/\/oem.us16.list-manage.com\/subscribe?u=c04a811ee61dc85305bf7133b&amp;id=f1b85ee5bb\"><b><u>Suscr\u00edbete a nuestro Newsletter y recibe las notas m\u00e1s relevantes en tu correo<\/u><\/b><\/a><\/b><\/p>\n<p><i>\u201cEs as\u00ed que en Amealco se registraron m\u00e1s de 14 mil visitantes durante este evento, lo que por supuesto se traducir\u00e1 en derrama econ\u00f3mica en beneficio de las y los amealcenses\u201d <\/i>sostuvieron en el escrito.<\/p>\n<\/div>\n<p><script>(function(d, s, id) {\nvar js, fjs = d.getElementsByTagName(s)[0];\nif (d.getElementById(id)) return;\njs = d.createElement(s); js.id = id;\njs.src = 'https:\/\/connect.facebook.net\/es_LA\/sdk.js#xfbml=1&version=v3.2&appId=232029482016746&autoLogAppEvents=1';\nfjs.parentNode.insertBefore(js, fjs);\n}(document, 'script', 'facebook-jssdk'));\n<\/script><\/p>\n","protected":false},"excerpt":{"rendered":"<p>La plaza principal de municipio de Amealco de Bonfil luci\u00f3 abarrotada este domingo durante la visita del influencer Mart\u00edn Vaca, del programa Mexic\u00e1nicos, quien recorri\u00f3 en conjunto con el alcalde Ren\u00e9 Mej\u00eda Montoya las principales calles del centro y ser parte de la exposici\u00f3n de carros cl\u00e1sicos. Es la segunda ocasi\u00f3n que el mec\u00e1nico m\u00e1s [&hellip;]<\/p>\n","protected":false},"author":2,"featured_media":11300,"comment_status":"","ping_status":"","sticky":false,"template":"","format":"standard","meta":{"_monsterinsights_skip_tracking":false,"_monsterinsights_sitenote_active":false,"_monsterinsights_sitenote_note":"","_monsterinsights_sitenote_category":0,"footnotes":""},"categories":[6],"tags":[],"class_list":["post-11299","post","type-post","status-publish","format-standard","has-post-thumbnail","hentry","category-san-juan-del-rio"],"_links":{"self":[{"href":"https:\/\/informebajio.com.mx\/index.php?rest_route=\/wp\/v2\/posts\/11299","targetHints":{"allow":["GET"]}}],"collection":[{"href":"https:\/\/informebajio.com.mx\/index.php?rest_route=\/wp\/v2\/posts"}],"about":[{"href":"https:\/\/informebajio.com.mx\/index.php?rest_route=\/wp\/v2\/types\/post"}],"author":[{"embeddable":true,"href":"https:\/\/informebajio.com.mx\/index.php?rest_route=\/wp\/v2\/users\/2"}],"replies":[{"embeddable":true,"href":"https:\/\/informebajio.com.mx\/index.php?rest_route=%2Fwp%2Fv2%2Fcomments&post=11299"}],"version-history":[{"count":0,"href":"https:\/\/informebajio.com.mx\/index.php?rest_route=\/wp\/v2\/posts\/11299\/revisions"}],"wp:featuredmedia":[{"embeddable":true,"href":"https:\/\/informebajio.com.mx\/index.php?rest_route=\/wp\/v2\/media\/11300"}],"wp:attachment":[{"href":"https:\/\/informebajio.com.mx\/index.php?rest_route=%2Fwp%2Fv2%2Fmedia&parent=11299"}],"wp:term":[{"taxonomy":"category","embeddable":true,"href":"https:\/\/informebajio.com.mx\/index.php?rest_route=%2Fwp%2Fv2%2Fcategories&post=11299"},{"taxonomy":"post_tag","embeddable":true,"href":"https:\/\/informebajio.com.mx\/index.php?rest_route=%2Fwp%2Fv2%2Ftags&post=11299"}],"curies":[{"name":"wp","href":"https:\/\/api.w.org\/{rel}","templated":true}]}}