{"id":11305,"date":"2023-06-03T08:33:32","date_gmt":"2023-06-03T13:33:32","guid":{"rendered":"https:\/\/informebajio.com.mx\/?p=11305"},"modified":"2023-06-03T08:33:32","modified_gmt":"2023-06-03T13:33:32","slug":"muy-preocupante-situacion-en-mexico-andres-pastrana","status":"publish","type":"post","link":"https:\/\/informebajio.com.mx\/?p=11305","title":{"rendered":"\u201cMuy preocupante\u201d, situaci\u00f3n en M\u00e9xico: Andr\u00e9s Pastrana"},"content":{"rendered":"<div id=\"content-body-5851641-10157302\">\n<p>Le\u00f3n, Gto.- Durante su visita a Le\u00f3n a la inauguraci\u00f3n del <b>Primer Encuentro Iberoamericano Voces por la Paz,<\/b> el <b>ex presidente de Colombia<\/b>, <b>Andr\u00e9s Pastrana Arango<\/b>, dijo que la situaci\u00f3n que se vive en M\u00e9xico en cuanto a narcotr\u00e1fico, pol\u00edtica y <b>periodismo es preocupante. <\/b><\/p>\n<p>\u27a1 <u><a rel=\"Follow noopener\" target=\"_blank\" href=\"https:\/\/oem.pressreader.com\/el-sol-de-leon\"><b>Suscr\u00edbete a nuestra edici\u00f3n digital<\/b><\/a><\/u><\/p>\n<p><b>El periodista, empresario y abogado, hizo una relaci\u00f3n entre las historias de M\u00e9xico y Colombia:<\/b> \u201cMuy preocupante, muy preocupados estamos, como yo he dicho, quienes hemos vivido el periodismo, quienes hemos sufrido la violencia del narcotr\u00e1fico, para nosotros<b> es muy triste ver que colegas mexicanos hayan sufrido como ya vieron la cifra de reporteros<\/b>, m\u00e1s de 170 periodistas han muerto en Colombia, aqu\u00ed (M\u00e9xico) <b>ya estamos llegando cerca de 40,<\/b> pero aqu\u00ed siguen levantando la mano los periodistas\u201d, dijo. <\/p>\n<p>El ex alcalde de <b>Bogot\u00e1<\/b> y luego presidente de Colombia en 1998, despu\u00e9s de su conferencia magistral \u201cMacro-decisiones de un l\u00edder por la paz\u201d impartida la tarde de este jueves, record\u00f3 que la pol\u00edtica <b>Plan Colombia <\/b>que implement\u00f3 en su gobierno ha sido la m\u00e1s exitosa para terminar con el <b>narcotr\u00e1fico<\/b> y agreg\u00f3 que es necesario que mediante <b>los periodistas se desenmascare la violencia para poder terminar con ella. <\/b><\/p>\n<p>\u201cEn eso yo cree <b>el Plan Colombia<\/b> que fundamentalmente es la pol\u00edtica m\u00e1s exitosa en la lucha contra el narcotr\u00e1fico porque esto tiene que venir de todos lados, desde la creaci\u00f3n de la cadena de producci\u00f3n, <b>negociaci\u00f3n <\/b>y todo lo que es el negocio, llam\u00e9moslo as\u00ed, venta y c\u00f3mo y de qu\u00e9 forma ya <b>gobierno locales <\/b>y nacionales tenemos que trabajar en lo que es <b>la erradicaci\u00f3n.<\/b><\/p>\n<p>\u201c<b>Lo que hicimos nosotros fue desenmascarar en Colombia el narcotr\u00e1fico<\/b>, no era misi\u00f3n nuestra de los periodistas, pero lo hicimos porque el gobierno hoy lo que est\u00e1n haciendo los consumidores ni compran ni venden, pero son los que tienen que informar c\u00f3mo le est\u00e1 afectando a la sociedad\u201d, agreg\u00f3. <\/p>\n<p>Habl\u00f3 del poder que tiene el<b> narcotr\u00e1fico<\/b> para poder infiltrarse en la <b>pol\u00edtica<\/b>, para corromper a las polic\u00edas y matar a los jueces y periodistas y para ello dijo es necesario crear conciencia desde la verdad.<\/p>\n<p><b>Te recomendamos leer: <\/b><a href=\"https:\/\/www.elsoldeleon.com.mx\/local\/ante-lideres-globales-de-la-politica-y-el-periodismo-arranco-el-primer-encuentro-iberoamericano-voces-por-la-paz-10156872.html\"><u><b>Ante l\u00edderes globales de la pol\u00edtica y el periodismo arranc\u00f3 el primer encuentro Iberoamericano Voces por la Paz<\/b><\/u><\/a><\/p>\n<p>\u201c<b>Es que el narcotr\u00e1fico tiene todos los contactos<\/b>, filtra la pol\u00edtica, corrompe la pol\u00edtica, corrompe las fuerzas armadas, corrompe a la Polic\u00eda, asesina a nuestros jueces,<b> asesina a nuestros periodistas<\/b> y yo lo que creo es que esa comunicaci\u00f3n (&#8230;) Es crear esa conciencia desde la verdad, que es lo que nos identifica a nosotros los periodistas\u201d, a\u00f1adi\u00f3.<\/p>\n<p>Dijo que cuando lleg\u00f3 al poder como presidente del pa\u00eds Colombia era un estado fallido, <b>pero tras su estrategia se convirti\u00f3 en una naci\u00f3n viable.<\/b><\/p>\n<\/div>\n<p><script>(function(d, s, id) {\nvar js, fjs = d.getElementsByTagName(s)[0];\nif (d.getElementById(id)) return;\njs = d.createElement(s); js.id = id;\njs.src = 'https:\/\/connect.facebook.net\/es_LA\/sdk.js#xfbml=1&version=v3.2&appId=899106460676237&autoLogAppEvents=1';\nfjs.parentNode.insertBefore(js, fjs);\n}(document, 'script', 'facebook-jssdk'));\n<\/script><\/p>\n","protected":false},"excerpt":{"rendered":"<p>Le\u00f3n, Gto.- Durante su visita a Le\u00f3n a la inauguraci\u00f3n del Primer Encuentro Iberoamericano Voces por la Paz, el ex presidente de Colombia, Andr\u00e9s Pastrana Arango, dijo que la situaci\u00f3n que se vive en M\u00e9xico en cuanto a narcotr\u00e1fico, pol\u00edtica y periodismo es preocupante. \u27a1 Suscr\u00edbete a nuestra edici\u00f3n digital El periodista, empresario y abogado, [&hellip;]<\/p>\n","protected":false},"author":2,"featured_media":11306,"comment_status":"","ping_status":"","sticky":false,"template":"","format":"standard","meta":{"_monsterinsights_skip_tracking":false,"_monsterinsights_sitenote_active":false,"_monsterinsights_sitenote_note":"","_monsterinsights_sitenote_category":0,"footnotes":""},"categories":[8],"tags":[],"class_list":["post-11305","post","type-post","status-publish","format-standard","has-post-thumbnail","hentry","category-guanajuato"],"_links":{"self":[{"href":"https:\/\/informebajio.com.mx\/index.php?rest_route=\/wp\/v2\/posts\/11305","targetHints":{"allow":["GET"]}}],"collection":[{"href":"https:\/\/informebajio.com.mx\/index.php?rest_route=\/wp\/v2\/posts"}],"about":[{"href":"https:\/\/informebajio.com.mx\/index.php?rest_route=\/wp\/v2\/types\/post"}],"author":[{"embeddable":true,"href":"https:\/\/informebajio.com.mx\/index.php?rest_route=\/wp\/v2\/users\/2"}],"replies":[{"embeddable":true,"href":"https:\/\/informebajio.com.mx\/index.php?rest_route=%2Fwp%2Fv2%2Fcomments&post=11305"}],"version-history":[{"count":0,"href":"https:\/\/informebajio.com.mx\/index.php?rest_route=\/wp\/v2\/posts\/11305\/revisions"}],"wp:featuredmedia":[{"embeddable":true,"href":"https:\/\/informebajio.com.mx\/index.php?rest_route=\/wp\/v2\/media\/11306"}],"wp:attachment":[{"href":"https:\/\/informebajio.com.mx\/index.php?rest_route=%2Fwp%2Fv2%2Fmedia&parent=11305"}],"wp:term":[{"taxonomy":"category","embeddable":true,"href":"https:\/\/informebajio.com.mx\/index.php?rest_route=%2Fwp%2Fv2%2Fcategories&post=11305"},{"taxonomy":"post_tag","embeddable":true,"href":"https:\/\/informebajio.com.mx\/index.php?rest_route=%2Fwp%2Fv2%2Ftags&post=11305"}],"curies":[{"name":"wp","href":"https:\/\/api.w.org\/{rel}","templated":true}]}}