{"id":11307,"date":"2023-06-03T08:45:35","date_gmt":"2023-06-03T13:45:35","guid":{"rendered":"https:\/\/informebajio.com.mx\/?p=11307"},"modified":"2023-06-03T08:45:35","modified_gmt":"2023-06-03T13:45:35","slug":"inicia-entrega-de-becas-municipales","status":"publish","type":"post","link":"https:\/\/informebajio.com.mx\/?p=11307","title":{"rendered":"Inicia entrega de Becas Municipales"},"content":{"rendered":"<div id=\"content-body-5851641-10158419\">\n<p>CELAYA, Gto.- (OEM-Informex).- A partir de este jueves, la Direcci\u00f3n de Educaci\u00f3n envi\u00f3 a los correos electr\u00f3nicos de los alumnos que ser\u00e1n beneficiados con Becas Municipales, la informaci\u00f3n como fecha, hora y lugar para participar en las conferencias o charlas como parte de las acciones de Corresponsabilidad Social, requisito indispensable para recibir su recurso econ\u00f3mico.<\/p>\n<p>La maestra Guadalupe Galicia, directora de educaci\u00f3n municipal, detall\u00f3 que la siguiente semana, de lunes a viernes, se llevar\u00e1n a cabo las acciones, por lo que invit\u00f3 a los beneficiados a que consulten sus correos electr\u00f3nicos, en donde viene la invitaci\u00f3n y el listado de fechas, horarios y lugar.<\/p>\n<p>Detall\u00f3 que esta convocatoria no aplica al Tecnol\u00f3gico de Celaya y tampoco al Tecnol\u00f3gico de Roque, ya que a los alumnos se les citar\u00e1 en su respectivo plantel, del d\u00eda y hora en que se mandar\u00e1 tambi\u00e9n por correo.<\/p>\n<p>\u201cHacemos un llamado a la ciudadan\u00eda a que chequen sus correos, en donde se les estar\u00e1 citando en el auditorio de b\u00e1squetbol de la Deportiva Miguel Alem\u00e1n, y ser\u00e1n aproximadamente 750 personas por d\u00eda, para que cubran su actividad de corresponsabilidad\u201d, detall\u00f3. <\/p>\n<p>Explic\u00f3 que hay algunos temas que deben ser del dominio de toda la comunidad, como derechos humanos, equidad de g\u00e9nero, inclusi\u00f3n, violencia econ\u00f3mica en las escuelas, violencia digital, entre otros temas que se ver\u00e1 con toda la poblaci\u00f3n, no s\u00f3lo con alumnos, sino tambi\u00e9n con los padres de familia.<\/p>\n<p>Se\u00f1al\u00f3 que ser\u00e1 cuatro mil de Becas Municipales, y dos mil 500 de Est\u00edmulos para la Educaci\u00f3n Primaria, pero en esta primera etapa se ofrecer\u00e1 la actividad de corresponsabilidad al primer grupo de estudiantes, y los padres de Est\u00edmulos para la Educaci\u00f3n ser\u00e1 en otra jornada que en d\u00edas pr\u00f3ximo se dar\u00e1 a conocer.<\/p>\n<p>Detall\u00f3 que los alumnos beneficiados del Tecnol\u00f3gico de Celaya son 180, y un aproximado de Roque, y a cada grupo se le atender\u00e1 en su respectivo plantel, ya que los temas son espec\u00edficos, y para dar continuidad a las actividades que ya se ha venido a trabajar con ellos. <\/p>\n<p>Para concluir, la maestra Guadalupe Minerva Galicia precis\u00f3 que todas las reuniones en el auditorio de basquetbol de la Unidad Deportiva Miguel Alem\u00e1n ser\u00e1n a las nueve de la ma\u00f1ana, pero es importante que los beneficiados consulten para saber qu\u00e9 d\u00eda les corresponde.Inicia<\/p>\n<\/div>\n<p><script>(function(d, s, id) {\nvar js, fjs = d.getElementsByTagName(s)[0];\nif (d.getElementById(id)) return;\njs = d.createElement(s); js.id = id;\njs.src = 'https:\/\/connect.facebook.net\/es_LA\/sdk.js#xfbml=1&version=v3.2&appId=899106460676237&autoLogAppEvents=1';\nfjs.parentNode.insertBefore(js, fjs);\n}(document, 'script', 'facebook-jssdk'));\n<\/script><\/p>\n","protected":false},"excerpt":{"rendered":"<p>CELAYA, Gto.- (OEM-Informex).- A partir de este jueves, la Direcci\u00f3n de Educaci\u00f3n envi\u00f3 a los correos electr\u00f3nicos de los alumnos que ser\u00e1n beneficiados con Becas Municipales, la informaci\u00f3n como fecha, hora y lugar para participar en las conferencias o charlas como parte de las acciones de Corresponsabilidad Social, requisito indispensable para recibir su recurso econ\u00f3mico. [&hellip;]<\/p>\n","protected":false},"author":2,"featured_media":11308,"comment_status":"","ping_status":"","sticky":false,"template":"","format":"standard","meta":{"_monsterinsights_skip_tracking":false,"_monsterinsights_sitenote_active":false,"_monsterinsights_sitenote_note":"","_monsterinsights_sitenote_category":0,"footnotes":""},"categories":[8],"tags":[],"class_list":["post-11307","post","type-post","status-publish","format-standard","has-post-thumbnail","hentry","category-guanajuato"],"_links":{"self":[{"href":"https:\/\/informebajio.com.mx\/index.php?rest_route=\/wp\/v2\/posts\/11307","targetHints":{"allow":["GET"]}}],"collection":[{"href":"https:\/\/informebajio.com.mx\/index.php?rest_route=\/wp\/v2\/posts"}],"about":[{"href":"https:\/\/informebajio.com.mx\/index.php?rest_route=\/wp\/v2\/types\/post"}],"author":[{"embeddable":true,"href":"https:\/\/informebajio.com.mx\/index.php?rest_route=\/wp\/v2\/users\/2"}],"replies":[{"embeddable":true,"href":"https:\/\/informebajio.com.mx\/index.php?rest_route=%2Fwp%2Fv2%2Fcomments&post=11307"}],"version-history":[{"count":0,"href":"https:\/\/informebajio.com.mx\/index.php?rest_route=\/wp\/v2\/posts\/11307\/revisions"}],"wp:featuredmedia":[{"embeddable":true,"href":"https:\/\/informebajio.com.mx\/index.php?rest_route=\/wp\/v2\/media\/11308"}],"wp:attachment":[{"href":"https:\/\/informebajio.com.mx\/index.php?rest_route=%2Fwp%2Fv2%2Fmedia&parent=11307"}],"wp:term":[{"taxonomy":"category","embeddable":true,"href":"https:\/\/informebajio.com.mx\/index.php?rest_route=%2Fwp%2Fv2%2Fcategories&post=11307"},{"taxonomy":"post_tag","embeddable":true,"href":"https:\/\/informebajio.com.mx\/index.php?rest_route=%2Fwp%2Fv2%2Ftags&post=11307"}],"curies":[{"name":"wp","href":"https:\/\/api.w.org\/{rel}","templated":true}]}}