{"id":11311,"date":"2023-06-03T10:54:06","date_gmt":"2023-06-03T15:54:06","guid":{"rendered":"https:\/\/informebajio.com.mx\/?p=11311"},"modified":"2023-06-03T10:54:06","modified_gmt":"2023-06-03T15:54:06","slug":"dia-de-la-marina-conoce-los-rangos-de-los-marinos-en-el-pais","status":"publish","type":"post","link":"https:\/\/informebajio.com.mx\/?p=11311","title":{"rendered":"D\u00eda de la Marina: conoce los rangos de los marinos en el pa\u00eds"},"content":{"rendered":"<div id=\"content-body-225-10155125\">\n<p>Morelia, Michoac\u00e1n (OEM-Infomex).-El <b>1\u00b0 de junio<\/b> se conmemora el festejo del <b>D\u00eda de la Marina<\/b>, por eso aprovechamos esta conmemoraci\u00f3n para decirte qu\u00e9 es la <b>Secretar\u00eda de la Marina (Semar)<\/b> y los rangos de mando que existen dentro de estas fuerzas armadas.<\/p>\n<p>La primera ocasi\u00f3n en que se celebr\u00f3 el D\u00eda de la Marina fue el 1\u00b0 de junio de<b> 1942<\/b>, con el objetivo de homenajear a dos buques mexicanos, <b> \u201cPotrero del Llano\u201d y \u201cFaja de Oro\u201d<\/b>, los cuales fueron <b>hundidos por submarinos alemanes<\/b>, y en ellos <b>perdieron la vida muchos marinos mexicanos<\/b>.<\/p>\n<p>La Marina tiene como responsabilidad <b>velar por la seguridad mar\u00edtima del pa\u00eds y aplicar la Autoridad Mar\u00edtima Nacional para garantizar la soberan\u00eda<\/b> e impulsar el desarrollo de M\u00e9xico.<\/p>\n<p>En estas fuerzas armadas hay<b> quince grados <\/b>y cada uno realiza<b> tareas propias<\/b>, adem\u00e1s <b>se identifican con insignias diferentes<\/b>: Marinero, Cabo, Tercer Maestre, Segundo Maestre, Guardia Marina o Primer Maestre, Teniente de Corbata, Teniente de Fragata, Teniente de Nav\u00edo, Capit\u00e1n de Corbeta, Capit\u00e1n de Fragata, Capit\u00e1n de Nav\u00edo, Contralmirante, Vicealmirante, Almirante y Secretario de Marina.<\/p>\n<h2><b>Requisitos de ingreso <\/b><\/h2>\n<p>Si deseas ser parte de las filas de la Marina debes <b>cumplir con los siguientes requisitos<\/b>: Ser mexicano (a) por nacimiento; tener 18 a\u00f1os cumplidos y m\u00e1xima de 30 a\u00f1os 00 meses, 00 d\u00edas a la fecha de contrataci\u00f3n (ambos sexos); estatura m\u00ednima para masculino: 1.63 mts, para femenino: 1.55 mts; IMC: de 18.5 a 24.9 [\u00cdndice de Masa Corporal= peso (Kg) \/ altura2 (m)]; Resultar apto (a) en los ex\u00e1menes: M\u00e9dico, Cl\u00ednico y Perfil Psicom\u00e9trico (personalidad); cubrir perfil de acuerdo a las directivas vigentes para el cumplimiento de las actividades navales; no ser desertor o haber pertenecido a alguna otra Fuerza Armada, Instituciones de Procuraci\u00f3n de Justicia, Seguridad P\u00fablica Federal, Estatal y\/o Municipal, y no tener antecedentes penales. <\/p>\n<p>Debes asegurarte de cumplir con estos requisitos o de lo contrario <b>no continuar\u00e1s en el<\/b> <b>proceso de selecci\u00f3n<\/b>.<\/p>\n<p><b>La documentaci\u00f3n <\/b>que debes ingresar son los siguientes: Curriculum vitae (sin copias); acta de nacimiento; certificado de estudios; clave \u00fanica de registro de poblaci\u00f3n (CURP); cartilla del servicio militar nacional o constancia valida del tr\u00e1mite de liberaci\u00f3n (excepto personal femenino); credencial de elector o recibo de tr\u00e1mite de reposici\u00f3n; comprobante de domicilio; carta de antecedentes no penales de la localidad y entidad federativa (excepto \u00e1rea metropolitana); registro federal de contribuyentes (RFC), expedido por el Servicio de Administraci\u00f3n Tributaria (SAT); dos fotograf\u00edas a color tama\u00f1o infantil recientes; presentar fotograf\u00edas a color de cuerpo completo de frente y perfil reciente; contar con Firma Fiel vigente.<\/p>\n<\/div>\n<p><script>(function(d, s, id) {\nvar js, fjs = d.getElementsByTagName(s)[0];\nif (d.getElementById(id)) return;\njs = d.createElement(s); js.id = id;\njs.src = 'https:\/\/connect.facebook.net\/es_LA\/sdk.js#xfbml=1&version=v3.2&appId=2304818722879035&autoLogAppEvents=1';\nfjs.parentNode.insertBefore(js, fjs);\n}(document, 'script', 'facebook-jssdk'));\n<\/script><\/p>\n","protected":false},"excerpt":{"rendered":"<p>Morelia, Michoac\u00e1n (OEM-Infomex).-El 1\u00b0 de junio se conmemora el festejo del D\u00eda de la Marina, por eso aprovechamos esta conmemoraci\u00f3n para decirte qu\u00e9 es la Secretar\u00eda de la Marina (Semar) y los rangos de mando que existen dentro de estas fuerzas armadas. La primera ocasi\u00f3n en que se celebr\u00f3 el D\u00eda de la Marina fue [&hellip;]<\/p>\n","protected":false},"author":2,"featured_media":11312,"comment_status":"","ping_status":"","sticky":false,"template":"","format":"standard","meta":{"_monsterinsights_skip_tracking":false,"_monsterinsights_sitenote_active":false,"_monsterinsights_sitenote_note":"","_monsterinsights_sitenote_category":0,"footnotes":""},"categories":[7],"tags":[],"class_list":["post-11311","post","type-post","status-publish","format-standard","has-post-thumbnail","hentry","category-michoacan"],"_links":{"self":[{"href":"https:\/\/informebajio.com.mx\/index.php?rest_route=\/wp\/v2\/posts\/11311","targetHints":{"allow":["GET"]}}],"collection":[{"href":"https:\/\/informebajio.com.mx\/index.php?rest_route=\/wp\/v2\/posts"}],"about":[{"href":"https:\/\/informebajio.com.mx\/index.php?rest_route=\/wp\/v2\/types\/post"}],"author":[{"embeddable":true,"href":"https:\/\/informebajio.com.mx\/index.php?rest_route=\/wp\/v2\/users\/2"}],"replies":[{"embeddable":true,"href":"https:\/\/informebajio.com.mx\/index.php?rest_route=%2Fwp%2Fv2%2Fcomments&post=11311"}],"version-history":[{"count":0,"href":"https:\/\/informebajio.com.mx\/index.php?rest_route=\/wp\/v2\/posts\/11311\/revisions"}],"wp:featuredmedia":[{"embeddable":true,"href":"https:\/\/informebajio.com.mx\/index.php?rest_route=\/wp\/v2\/media\/11312"}],"wp:attachment":[{"href":"https:\/\/informebajio.com.mx\/index.php?rest_route=%2Fwp%2Fv2%2Fmedia&parent=11311"}],"wp:term":[{"taxonomy":"category","embeddable":true,"href":"https:\/\/informebajio.com.mx\/index.php?rest_route=%2Fwp%2Fv2%2Fcategories&post=11311"},{"taxonomy":"post_tag","embeddable":true,"href":"https:\/\/informebajio.com.mx\/index.php?rest_route=%2Fwp%2Fv2%2Ftags&post=11311"}],"curies":[{"name":"wp","href":"https:\/\/api.w.org\/{rel}","templated":true}]}}