{"id":11333,"date":"2023-06-03T18:18:53","date_gmt":"2023-06-03T23:18:53","guid":{"rendered":"https:\/\/informebajio.com.mx\/?p=11333"},"modified":"2023-06-03T18:18:53","modified_gmt":"2023-06-03T23:18:53","slug":"afinan-costos-de-espacios-comerciales-en-feria","status":"publish","type":"post","link":"https:\/\/informebajio.com.mx\/?p=11333","title":{"rendered":"Afinan costos de espacios comerciales en feria"},"content":{"rendered":"<div id=\"content-body-5851641-10151432\">\n<p>Con la finalidad de generar mayor dinamismo econ\u00f3mico entre los <b>comerciantes del <a rel=\"Follow noopener\" target=\"_self\" href=\"https:\/\/www.elsoldesanjuandelrio.com.mx\/deportes\/presentan-caravana-biker-como-parte-de-la-feria-de-san-juan-del-rio-10108401.html\">municipio de San Juan del R\u00edo<\/a>,<\/b> ya se encuentran afinando los<b> costos de los locales de las naves en el marco de la feria<\/b> de esta demarcaci\u00f3n correspondiente al 2023.<\/p>\n<p>As\u00ed lo dio a conocer <b>Gerardo Raya Romo, <\/b>empresario de esta celebraci\u00f3n, al mencionar que dentro del <b>Centro Expositor <\/b>habr\u00e1 una infraestructura para la nave gastron\u00f3mica, en donde los precios podr\u00edan estar por encima de 18 mil pesos, y para el <b>caso de la comercial arriba de 15 mil pesos.<\/b><\/p>\n<p>Sin embargo, tambi\u00e9n dijo que est\u00e1n buscando la manera de mejorar estas cantidades para privilegiar al sector artesanal de esta localidad, principalmente para las personas de las <b>comunidades que busquen un lugar para vender y presentar los productos con valor agregado que se generan.<\/b><\/p>\n<p>Tambi\u00e9n precis\u00f3 que las tarifas van a depender de la orientaci\u00f3n y la zona que busquen los comerciantes, y que es indispensable que se empiecen a acercar a las <b>instalaciones del Centro C\u00edvico,<\/b> en donde podr\u00e1n conocer m\u00e1s sobre las disposiciones para participar como locatarias en esta feria.<\/p>\n<p><i>\u201cRespecto a los espacios comerciales se han vendido las naves para locales y estamos trabajando con los artesanos para darles unos precios especiales para que tengan oportunidad de participar, la administraci\u00f3n nos dar\u00e1 la indicaci\u00f3n de a qui\u00e9nes tendremos que darles preferencia, hay algunos que ya se han acercado a la presidencia&#8221;.<\/i><\/p>\n<p>En este sentido, el empresario <b>Gerardo Raya<\/b> dijo que \u201cel costo del stand comercial var\u00eda por el \u00e1rea gastron\u00f3mica y comercial que tienen un <b>costo desde 18 mil pesos en la gastron\u00f3mica<\/b> y el \u00e1rea comercial desde 15 mil pesos y var\u00eda las ubicaciones que tengan el costo\u201d.<\/p>\n<p>Hizo \u00e9nfasis en que la cartelera musical para el teatro del pueblo y el Palenque podr\u00e1n garantizar que tengan buenas ventas para el caso de quienes deciden ser parte de alguna de estas naves,<b> tomando en cuenta que la feria abrir\u00e1 a partir de las 14:00 horas para el disfrute de las familias.<\/b><\/p>\n<p><b>\u27a1\ufe0f <\/b><a href=\"https:\/\/oem.us16.list-manage.com\/subscribe?u=c04a811ee61dc85305bf7133b&amp;id=f1b85ee5bb\"><b><u>Suscr\u00edbete a nuestro Newsletter y recibe las notas m\u00e1s relevantes en tu correo<\/u><\/b><\/a><\/p>\n<p>Finalmente, Raya Romo mencion\u00f3 que es importante que este tipo de celebraciones reactiven la econom\u00eda familiar que todav\u00eda se ve vulnerada como consecuencia por la contingencia sanitaria por el Covid-19 desde el 2020.<\/p>\n<\/div>\n<p><script>(function(d, s, id) {\nvar js, fjs = d.getElementsByTagName(s)[0];\nif (d.getElementById(id)) return;\njs = d.createElement(s); js.id = id;\njs.src = 'https:\/\/connect.facebook.net\/es_LA\/sdk.js#xfbml=1&version=v3.2&appId=232029482016746&autoLogAppEvents=1';\nfjs.parentNode.insertBefore(js, fjs);\n}(document, 'script', 'facebook-jssdk'));\n<\/script><\/p>\n","protected":false},"excerpt":{"rendered":"<p>Con la finalidad de generar mayor dinamismo econ\u00f3mico entre los comerciantes del municipio de San Juan del R\u00edo, ya se encuentran afinando los costos de los locales de las naves en el marco de la feria de esta demarcaci\u00f3n correspondiente al 2023. As\u00ed lo dio a conocer Gerardo Raya Romo, empresario de esta celebraci\u00f3n, al [&hellip;]<\/p>\n","protected":false},"author":2,"featured_media":11334,"comment_status":"","ping_status":"","sticky":false,"template":"","format":"standard","meta":{"_monsterinsights_skip_tracking":false,"_monsterinsights_sitenote_active":false,"_monsterinsights_sitenote_note":"","_monsterinsights_sitenote_category":0,"footnotes":""},"categories":[6],"tags":[],"class_list":["post-11333","post","type-post","status-publish","format-standard","has-post-thumbnail","hentry","category-san-juan-del-rio"],"_links":{"self":[{"href":"https:\/\/informebajio.com.mx\/index.php?rest_route=\/wp\/v2\/posts\/11333","targetHints":{"allow":["GET"]}}],"collection":[{"href":"https:\/\/informebajio.com.mx\/index.php?rest_route=\/wp\/v2\/posts"}],"about":[{"href":"https:\/\/informebajio.com.mx\/index.php?rest_route=\/wp\/v2\/types\/post"}],"author":[{"embeddable":true,"href":"https:\/\/informebajio.com.mx\/index.php?rest_route=\/wp\/v2\/users\/2"}],"replies":[{"embeddable":true,"href":"https:\/\/informebajio.com.mx\/index.php?rest_route=%2Fwp%2Fv2%2Fcomments&post=11333"}],"version-history":[{"count":0,"href":"https:\/\/informebajio.com.mx\/index.php?rest_route=\/wp\/v2\/posts\/11333\/revisions"}],"wp:featuredmedia":[{"embeddable":true,"href":"https:\/\/informebajio.com.mx\/index.php?rest_route=\/wp\/v2\/media\/11334"}],"wp:attachment":[{"href":"https:\/\/informebajio.com.mx\/index.php?rest_route=%2Fwp%2Fv2%2Fmedia&parent=11333"}],"wp:term":[{"taxonomy":"category","embeddable":true,"href":"https:\/\/informebajio.com.mx\/index.php?rest_route=%2Fwp%2Fv2%2Fcategories&post=11333"},{"taxonomy":"post_tag","embeddable":true,"href":"https:\/\/informebajio.com.mx\/index.php?rest_route=%2Fwp%2Fv2%2Ftags&post=11333"}],"curies":[{"name":"wp","href":"https:\/\/api.w.org\/{rel}","templated":true}]}}