{"id":11345,"date":"2023-06-04T00:20:19","date_gmt":"2023-06-04T05:20:19","guid":{"rendered":"https:\/\/informebajio.com.mx\/?p=11345"},"modified":"2023-06-04T00:20:19","modified_gmt":"2023-06-04T05:20:19","slug":"comenzo-segunda-etapa-en-av-tecnologico","status":"publish","type":"post","link":"https:\/\/informebajio.com.mx\/?p=11345","title":{"rendered":"Comenz\u00f3 segunda etapa en Av. Tecnol\u00f3gico"},"content":{"rendered":"<div id=\"content-body-5851641-10151340\">\n<p><b>Bibiana Rodr\u00edguez Montes<\/b>, secretar\u00eda de <b>Gobierno del Municipio de San Juan del R\u00edo<\/b>, inform\u00f3 que recientemente se reuni\u00f3 con los vecinos de la Colonia Pedregal, con el objetivo de informar sobre el<b> arranque de la segunda etapa de la remodelaci\u00f3n de <a rel=\"Follow noopener\" target=\"_self\" href=\"https:\/\/www.elsoldesanjuandelrio.com.mx\/local\/puente-tecnologico-podria-quedar-listo-en-marzo-9570474.html\">avenida Tecnol\u00f3gico<\/a>,<\/b> sobre todo para hacer \u00e9nfasis en lo que representa esta infraestructura moderna para la ciudad.<\/p>\n<p>En entrevista, la funcionaria destac\u00f3 que este acercamiento obedece a socializar lo que resta del tramo al resaltar que es uno de los compromisos del gobernador del estado de Quer\u00e9taro, <b>Mauricio Kuri Gonz\u00e1lez<\/b>, y que ahora corresponde la<b> ampliaci\u00f3n de carriles de la vialidad<\/b> tanto de ida, como de regreso.<\/p>\n<p>Descart\u00f3 que se vayan a tener que suspender clases de la<b> escuela \u201cH\u00e9roe de Nacozari\u201d,<\/b> la cual es una primaria que se encuentra a un costado del puente, aunque pidi\u00f3 la paciencia y tolerancia de la gente para lo que resta de la modernizaci\u00f3n.<\/p>\n<p><i>\u201cAcudimos a una reuni\u00f3n informativa con padres de familia y vecinos de las colonias aleda\u00f1as a la obra que se realiza en avenida Tecnol\u00f3gico, por la colonia Pedregal, en la zona oriente, les estuvimos platicando sobre los cuatro carriles que van a servir para la conexi\u00f3n\u201d.<\/i><\/p>\n<p>Destac\u00f3 que desde el a\u00f1o pasado se empez\u00f3 la ejecuci\u00f3n de esta acci\u00f3n, la cual permitir\u00e1 una mayor movilidad para los miles de trabajadores que diariamente <b>se deben trasladar al Nuevo Parque Industrial<\/b>, el que por estos meses ha estado limitado el paso.<\/p>\n<p> Coment\u00f3 que en este encuentro los vecinos expusieron algunas de las dudas que tienen y se les convoc\u00f3 a diferentes mesas de di\u00e1logo para que vayan observando la log\u00edstica que se tiene para la infraestructura, al considerar que tambi\u00e9n es una v\u00eda r\u00e1pida para quienes bajan de la <b>autopista federal 57.<\/b><\/p>\n<p><i>\u201cNo se prev\u00e9 ning\u00fan cierre de la escuela, tampoco se suspenden clases, el operativo ya est\u00e1 definido, ya est\u00e1 en buscar alternativas para que los ni\u00f1os no tengan ning\u00fan problema, son trabajos que ya est\u00e1n definidos y previamente estudiados\u201d.<\/i><\/p>\n<p><b>\u27a1\ufe0f <\/b><a href=\"https:\/\/oem.us16.list-manage.com\/subscribe?u=c04a811ee61dc85305bf7133b&amp;id=f1b85ee5bb\"><b><u>Suscr\u00edbete a nuestro Newsletter y recibe las notas m\u00e1s relevantes en tu correo<\/u><\/b><\/a><\/p>\n<p><b>Rodr\u00edguez Montes<\/b> expuso que el sistema de red el\u00e9ctrica y drenaje de esta zona tambi\u00e9n se est\u00e1 considerando, de tal modo que, no impida el corte de servicio<b> para los vecinos de La Ferrocarrilera, El Pedregal y San Rafael.<\/b><\/p>\n<\/div>\n<p><script>(function(d, s, id) {\nvar js, fjs = d.getElementsByTagName(s)[0];\nif (d.getElementById(id)) return;\njs = d.createElement(s); js.id = id;\njs.src = 'https:\/\/connect.facebook.net\/es_LA\/sdk.js#xfbml=1&version=v3.2&appId=232029482016746&autoLogAppEvents=1';\nfjs.parentNode.insertBefore(js, fjs);\n}(document, 'script', 'facebook-jssdk'));\n<\/script><\/p>\n","protected":false},"excerpt":{"rendered":"<p>Bibiana Rodr\u00edguez Montes, secretar\u00eda de Gobierno del Municipio de San Juan del R\u00edo, inform\u00f3 que recientemente se reuni\u00f3 con los vecinos de la Colonia Pedregal, con el objetivo de informar sobre el arranque de la segunda etapa de la remodelaci\u00f3n de avenida Tecnol\u00f3gico, sobre todo para hacer \u00e9nfasis en lo que representa esta infraestructura moderna [&hellip;]<\/p>\n","protected":false},"author":2,"featured_media":11346,"comment_status":"","ping_status":"","sticky":false,"template":"","format":"standard","meta":{"_monsterinsights_skip_tracking":false,"_monsterinsights_sitenote_active":false,"_monsterinsights_sitenote_note":"","_monsterinsights_sitenote_category":0,"footnotes":""},"categories":[6],"tags":[],"class_list":["post-11345","post","type-post","status-publish","format-standard","has-post-thumbnail","hentry","category-san-juan-del-rio"],"_links":{"self":[{"href":"https:\/\/informebajio.com.mx\/index.php?rest_route=\/wp\/v2\/posts\/11345","targetHints":{"allow":["GET"]}}],"collection":[{"href":"https:\/\/informebajio.com.mx\/index.php?rest_route=\/wp\/v2\/posts"}],"about":[{"href":"https:\/\/informebajio.com.mx\/index.php?rest_route=\/wp\/v2\/types\/post"}],"author":[{"embeddable":true,"href":"https:\/\/informebajio.com.mx\/index.php?rest_route=\/wp\/v2\/users\/2"}],"replies":[{"embeddable":true,"href":"https:\/\/informebajio.com.mx\/index.php?rest_route=%2Fwp%2Fv2%2Fcomments&post=11345"}],"version-history":[{"count":0,"href":"https:\/\/informebajio.com.mx\/index.php?rest_route=\/wp\/v2\/posts\/11345\/revisions"}],"wp:featuredmedia":[{"embeddable":true,"href":"https:\/\/informebajio.com.mx\/index.php?rest_route=\/wp\/v2\/media\/11346"}],"wp:attachment":[{"href":"https:\/\/informebajio.com.mx\/index.php?rest_route=%2Fwp%2Fv2%2Fmedia&parent=11345"}],"wp:term":[{"taxonomy":"category","embeddable":true,"href":"https:\/\/informebajio.com.mx\/index.php?rest_route=%2Fwp%2Fv2%2Fcategories&post=11345"},{"taxonomy":"post_tag","embeddable":true,"href":"https:\/\/informebajio.com.mx\/index.php?rest_route=%2Fwp%2Fv2%2Ftags&post=11345"}],"curies":[{"name":"wp","href":"https:\/\/api.w.org\/{rel}","templated":true}]}}