{"id":11383,"date":"2023-06-04T12:30:13","date_gmt":"2023-06-04T17:30:13","guid":{"rendered":"https:\/\/informebajio.com.mx\/?p=11383"},"modified":"2023-06-04T12:30:13","modified_gmt":"2023-06-04T17:30:13","slug":"habra-cuatro-rutas-para-la-feria","status":"publish","type":"post","link":"https:\/\/informebajio.com.mx\/?p=11383","title":{"rendered":"Habr\u00e1 cuatro rutas para la feria"},"content":{"rendered":"<div id=\"content-body-5851641-10151273\">\n<p>Con el objetivo de garantizar la movilidad para los asistentes a la<a rel=\"Follow noopener\" target=\"_self\" href=\"https:\/\/www.elsoldesanjuandelrio.com.mx\/local\/descartan-incremento-en-costo-de-acceso-a-la-feria-de-san-juan-del-rio-9865404.html\"><b> feria San Juan 2023 <\/b><\/a>se van a disponer de cuatro diferentes rutas saliendo de puntos estrat\u00e9gicos de parte de las empresas concesionarias que existen en esta demarcaci\u00f3n, mencion\u00f3 <b>\u00c1ngel Rangel Nieves, secretario de Seguridad P\u00fablica.<\/b><\/p>\n<p>Sostuvo que dentro de los puntos en donde estar\u00e1n<b> saliendo son 5 de Mayo<\/b>, la zona oriente y otros lugares que est\u00e1n por definirse, y que en breve se dar\u00e1n a conocer para que las personas puedan acudir desde que se pongan en <b>circulaci\u00f3n al filo de las 13:00 horas.<\/b><\/p>\n<p>Subray\u00f3 que el principal objetivo es que los asistentes salgan y lleguen de su casa en las mejores condiciones, as\u00ed que estar\u00e1n brindando el servicio hasta la madrugada, principalmente, cuando los grupos que <b>se presenten en el teatro del pueblo o Palenque sean masivos.<\/b><\/p>\n<p><i>\u201cTuvimos reuniones con los empresarios del transporte p\u00fablico, son cuatro rutas estrat\u00e9gicas y se podr\u00edan ampliar las unidades dependiendo los aforos para la movilidad de las personas, tambi\u00e9n se podr\u00edan ampliar los horarios para que todos lleguen a casa en orden y seguros. Habr\u00e1 transporte p\u00fablico hasta que tengamos la feria vac\u00eda\u201d.<\/i><\/p>\n<p>Coment\u00f3 que, las unidades que estar\u00e1n llevando pasaje hacia el recinto ferial, estar\u00e1n rotuladas y que tambi\u00e9n estar\u00e1n pendientes de los taxistas que ofrezcan a hacer servicio hacia esta zona, para que se coloquen en los lugares correspondientes para llevar a los usuarios.<\/p>\n<p>Rangel Nieves declar\u00f3 que ser\u00e1 la <b>Agencia de Movilidad del Estado de Quer\u00e9taro <\/b>quienes definan las tarifas para que se respeten durante el periodo de feria con la intenci\u00f3n de no generar problem\u00e1ticas que alteren el orden.<\/p>\n<p>Para el caso de los d\u00edas que haya mayor afluencia de gente, algunos de los oficiales estar\u00e1n contribuyendo con los conductores, principalmente de los camiones para preservar el<b> orden durante los trayectos hacia sus destinos<\/b>, por lo que <b>recomend\u00f3 la pericia de las personas a no subir con bajo el consumo excesivo del alcohol.<\/b><\/p>\n<p><b>\u27a1\ufe0f <\/b><a href=\"https:\/\/oem.us16.list-manage.com\/subscribe?u=c04a811ee61dc85305bf7133b&amp;id=f1b85ee5bb\"><b><u>Suscr\u00edbete a nuestro Newsletter y recibe las notas m\u00e1s relevantes en tu correo<\/u><\/b><\/a><\/p>\n<p>\u201cEl transporte va a ser seguro y va a ser la Agencia de Movilidad para que se definan las tarifas en estos festejos que concluyen el pr\u00f3ximo 2 de julio\u201d, concluy\u00f3.<\/p>\n<\/div>\n<p><script>(function(d, s, id) {\nvar js, fjs = d.getElementsByTagName(s)[0];\nif (d.getElementById(id)) return;\njs = d.createElement(s); js.id = id;\njs.src = 'https:\/\/connect.facebook.net\/es_LA\/sdk.js#xfbml=1&version=v3.2&appId=232029482016746&autoLogAppEvents=1';\nfjs.parentNode.insertBefore(js, fjs);\n}(document, 'script', 'facebook-jssdk'));\n<\/script><\/p>\n","protected":false},"excerpt":{"rendered":"<p>Con el objetivo de garantizar la movilidad para los asistentes a la feria San Juan 2023 se van a disponer de cuatro diferentes rutas saliendo de puntos estrat\u00e9gicos de parte de las empresas concesionarias que existen en esta demarcaci\u00f3n, mencion\u00f3 \u00c1ngel Rangel Nieves, secretario de Seguridad P\u00fablica. Sostuvo que dentro de los puntos en donde [&hellip;]<\/p>\n","protected":false},"author":2,"featured_media":11384,"comment_status":"","ping_status":"","sticky":false,"template":"","format":"standard","meta":{"_monsterinsights_skip_tracking":false,"_monsterinsights_sitenote_active":false,"_monsterinsights_sitenote_note":"","_monsterinsights_sitenote_category":0,"footnotes":""},"categories":[6],"tags":[],"class_list":["post-11383","post","type-post","status-publish","format-standard","has-post-thumbnail","hentry","category-san-juan-del-rio"],"_links":{"self":[{"href":"https:\/\/informebajio.com.mx\/index.php?rest_route=\/wp\/v2\/posts\/11383","targetHints":{"allow":["GET"]}}],"collection":[{"href":"https:\/\/informebajio.com.mx\/index.php?rest_route=\/wp\/v2\/posts"}],"about":[{"href":"https:\/\/informebajio.com.mx\/index.php?rest_route=\/wp\/v2\/types\/post"}],"author":[{"embeddable":true,"href":"https:\/\/informebajio.com.mx\/index.php?rest_route=\/wp\/v2\/users\/2"}],"replies":[{"embeddable":true,"href":"https:\/\/informebajio.com.mx\/index.php?rest_route=%2Fwp%2Fv2%2Fcomments&post=11383"}],"version-history":[{"count":0,"href":"https:\/\/informebajio.com.mx\/index.php?rest_route=\/wp\/v2\/posts\/11383\/revisions"}],"wp:featuredmedia":[{"embeddable":true,"href":"https:\/\/informebajio.com.mx\/index.php?rest_route=\/wp\/v2\/media\/11384"}],"wp:attachment":[{"href":"https:\/\/informebajio.com.mx\/index.php?rest_route=%2Fwp%2Fv2%2Fmedia&parent=11383"}],"wp:term":[{"taxonomy":"category","embeddable":true,"href":"https:\/\/informebajio.com.mx\/index.php?rest_route=%2Fwp%2Fv2%2Fcategories&post=11383"},{"taxonomy":"post_tag","embeddable":true,"href":"https:\/\/informebajio.com.mx\/index.php?rest_route=%2Fwp%2Fv2%2Ftags&post=11383"}],"curies":[{"name":"wp","href":"https:\/\/api.w.org\/{rel}","templated":true}]}}