{"id":11395,"date":"2023-06-04T18:33:53","date_gmt":"2023-06-04T23:33:53","guid":{"rendered":"https:\/\/informebajio.com.mx\/?p=11395"},"modified":"2023-06-04T18:33:53","modified_gmt":"2023-06-04T23:33:53","slug":"donaron-trenzas-para-pelucas-oncologicas","status":"publish","type":"post","link":"https:\/\/informebajio.com.mx\/?p=11395","title":{"rendered":"Donaron trenzas para pelucas oncol\u00f3gicas"},"content":{"rendered":"<div id=\"content-body-5851641-10165920\">\n<p>A trav\u00e9s de un trabajo en colaboraci\u00f3n entre la <b>Direcci\u00f3n Municipal de la Juventud de San Juan del R\u00edo y la Fundaci\u00f3n Telet\u00f3n <\/b>se logr\u00f3 la <b>donaci\u00f3n de 17 trenzas de cabello <\/b>para elaboraci\u00f3n de pelucas oncol\u00f3gicas que ser\u00e1n entregadas a <b><a rel=\"Follow noopener\" target=\"_self\" href=\"https:\/\/www.elsoldesanjuandelrio.com.mx\/local\/banco-de-tapitas-patrocinara-viaje-a-pacientes-con-cancer-9122074.html\">pacientes que padecen c\u00e1ncer<\/a><\/b>, dio a conocer el titular de dicha dependencia, <b>Luis Alberto Galv\u00e1n Hern\u00e1ndez.<\/b><\/p>\n<p>Se\u00f1al\u00f3 que dentro de la campa\u00f1a participaron alrededor de<b> 25 personas<\/b>, sin embargo, <b>solo 17 de ellas cumplieron con los requisitos. <\/b>Apunt\u00f3 que las trenzas de cabello fueron entregadas directamente a representantes del <b>Hospital Infantil Telet\u00f3n de Oncolog\u00eda (HITO), <\/b>un centro integral especializado en el tratamiento de ni\u00f1os con c\u00e1ncer en M\u00e9xico y que se ubica en la capital del estado.<\/p>\n<p><i>\u201cSe realiz\u00f3 una peque\u00f1a campa\u00f1a de donaci\u00f3n de trenzas de cabello para la elaboraci\u00f3n de pelucas oncol\u00f3gicas. Hubo la participaci\u00f3n alrededor de 25 personas, no todas cubrieron el requerimiento que se necesita que es el largo de 30 cent\u00edmetros y el tema que se encuentre en buen estado el cabello. A partir de ah\u00ed, se lograron donar 17, de m\u00e1s de 30 cent\u00edmetros, las cuales fueron directamente dadas a la representante del HITO\u201d, coment\u00f3.<\/i><\/p>\n<p>Detall\u00f3 que en esta campa\u00f1a tambi\u00e9n particip\u00f3 personal del<b> Instituto de Capacitaci\u00f3n para el Trabajo del Estado de Quer\u00e9taro (Icateq), especialmente mujeres, <\/b>quienes fueron las encargadas de hacer el cambio de look a las personas que se acercaron para hacer la donaci\u00f3n de su cabello.<\/p>\n<p>A\u00f1adi\u00f3 que a partir de la puesta en marcha de esta iniciativa, personas se han sumado a la causa y han acudido a las instalaciones de Direcci\u00f3n Municipal de la Juventud para mostrar inter\u00e9s en donar su cabello, por lo que no descart\u00f3 que <b>en los pr\u00f3ximos meses realice otra campa\u00f1a para que nuevamente las trenzas que se re\u00fanan sean enviadas al Hospital Infantil Telet\u00f3n de Oncolog\u00eda.<\/b><\/p>\n<p>Puntualiz\u00f3 que esta no es la primera vez que la instancia que dirige trabaja en conjunto con la <b>Fundaci\u00f3n Telet\u00f3n,<\/b> pues record\u00f3 que en noviembre y diciembre del a\u00f1o anterior colaboraron en la campa\u00f1a de boteo que organiza dicha asociaci\u00f3n civil.<\/p>\n<p><b id=\"docs-internal-guid-d36d50eb-7fff-3c8e-819c-02f88fce44d5\"><b>\u27a1\ufe0f <\/b><a href=\"https:\/\/oem.us16.list-manage.com\/subscribe?u=c04a811ee61dc85305bf7133b&amp;id=f1b85ee5bb\"><b><u>Suscr\u00edbete a nuestro Newsletter y recibe las notas m\u00e1s relevantes en tu correo<\/u><\/b><\/a><\/b><\/p>\n<p><i>\u201cMuy probablemente se va a crear otra, la verdad fue un \u00e9xito. Hubo muchas personas que se acercaron y nos pidieron nuevamente que se pudiera realizar en general un evento y pues esperemos muy pronto, en un mes, dos meses, podamos realizar una segunda campa\u00f1a. Tambi\u00e9n est\u00e1 la alternativa por parte del Telet\u00f3n de que se pueda visitar directamente al hospital para hacer la entrega. La puerta est\u00e1 abierta para realizar diferentes actividades\u201d, concluy\u00f3.<\/i><\/p>\n<\/div>\n<p><script>(function(d, s, id) {\nvar js, fjs = d.getElementsByTagName(s)[0];\nif (d.getElementById(id)) return;\njs = d.createElement(s); js.id = id;\njs.src = 'https:\/\/connect.facebook.net\/es_LA\/sdk.js#xfbml=1&version=v3.2&appId=232029482016746&autoLogAppEvents=1';\nfjs.parentNode.insertBefore(js, fjs);\n}(document, 'script', 'facebook-jssdk'));\n<\/script><\/p>\n","protected":false},"excerpt":{"rendered":"<p>A trav\u00e9s de un trabajo en colaboraci\u00f3n entre la Direcci\u00f3n Municipal de la Juventud de San Juan del R\u00edo y la Fundaci\u00f3n Telet\u00f3n se logr\u00f3 la donaci\u00f3n de 17 trenzas de cabello para elaboraci\u00f3n de pelucas oncol\u00f3gicas que ser\u00e1n entregadas a pacientes que padecen c\u00e1ncer, dio a conocer el titular de dicha dependencia, Luis Alberto [&hellip;]<\/p>\n","protected":false},"author":2,"featured_media":11396,"comment_status":"","ping_status":"","sticky":false,"template":"","format":"standard","meta":{"_monsterinsights_skip_tracking":false,"_monsterinsights_sitenote_active":false,"_monsterinsights_sitenote_note":"","_monsterinsights_sitenote_category":0,"footnotes":""},"categories":[6],"tags":[],"class_list":["post-11395","post","type-post","status-publish","format-standard","has-post-thumbnail","hentry","category-san-juan-del-rio"],"_links":{"self":[{"href":"https:\/\/informebajio.com.mx\/index.php?rest_route=\/wp\/v2\/posts\/11395","targetHints":{"allow":["GET"]}}],"collection":[{"href":"https:\/\/informebajio.com.mx\/index.php?rest_route=\/wp\/v2\/posts"}],"about":[{"href":"https:\/\/informebajio.com.mx\/index.php?rest_route=\/wp\/v2\/types\/post"}],"author":[{"embeddable":true,"href":"https:\/\/informebajio.com.mx\/index.php?rest_route=\/wp\/v2\/users\/2"}],"replies":[{"embeddable":true,"href":"https:\/\/informebajio.com.mx\/index.php?rest_route=%2Fwp%2Fv2%2Fcomments&post=11395"}],"version-history":[{"count":0,"href":"https:\/\/informebajio.com.mx\/index.php?rest_route=\/wp\/v2\/posts\/11395\/revisions"}],"wp:featuredmedia":[{"embeddable":true,"href":"https:\/\/informebajio.com.mx\/index.php?rest_route=\/wp\/v2\/media\/11396"}],"wp:attachment":[{"href":"https:\/\/informebajio.com.mx\/index.php?rest_route=%2Fwp%2Fv2%2Fmedia&parent=11395"}],"wp:term":[{"taxonomy":"category","embeddable":true,"href":"https:\/\/informebajio.com.mx\/index.php?rest_route=%2Fwp%2Fv2%2Fcategories&post=11395"},{"taxonomy":"post_tag","embeddable":true,"href":"https:\/\/informebajio.com.mx\/index.php?rest_route=%2Fwp%2Fv2%2Ftags&post=11395"}],"curies":[{"name":"wp","href":"https:\/\/api.w.org\/{rel}","templated":true}]}}