{"id":11403,"date":"2023-06-04T20:34:27","date_gmt":"2023-06-05T01:34:27","guid":{"rendered":"https:\/\/informebajio.com.mx\/?p=11403"},"modified":"2023-06-04T20:34:27","modified_gmt":"2023-06-05T01:34:27","slug":"protestan-familiares-de-militares-desaparecidos-denuncian-abandono","status":"publish","type":"post","link":"https:\/\/informebajio.com.mx\/?p=11403","title":{"rendered":"Protestan familiares de militares desaparecidos; denuncian abandono"},"content":{"rendered":"<div id=\"content_nitf\">\n<p>En el D\u00eda de la Marina, familiares de militares desaparecidos o sujetos a proceso penal por delitos que se les imputan en el ejercicio de sus labores marcharon por calles del Centro Hist\u00f3rico capitalino y se manifestaron ante Palacio Nacional, en demanda de justicia.<\/p>\n<p>Miembros del movimiento Todos somos un Ej\u00e9rcito, mexicanos somos todos, reclamaron que los casos de desaparecidos no se investigan debidamente, mientras los militares sujetos a juicio fueron abandonados por sus mandos y sufren de violaciones al debido proceso.<\/p>\n<p>Hilario Maya P\u00e9rez, padre del subteniente Humberto Maya Aguilar, quien muri\u00f3 en septiembre de 2020, afirm\u00f3 que en su caso no hay ning\u00fan apoyo de la Secretar\u00eda de la Defensa Nacional (Sedena) para investigar el fallecimiento de su hijo, a quien incluso las autoridades castrenses intentaron desconocer como integrante de sus filas.<\/p>\n<p>\u201cLas instituciones como tal son honorables; sin embargo, las personas que est\u00e1n a cargo de ellas son corruptas y les dan la espalda a los militares en desgracia, pasan por alto a quienes buscan a sus familiares o a los que les entregaron a sus hijos, a sus hermanos muertos\u201d, se\u00f1al\u00f3 el hombre.<\/p>\n<p>\u201cA los militares que son vinculados a proceso, lejos de arroparlos, de protegerlos como instituci\u00f3n, la Sedena y la Marina apartan la vista\u201d, afirm\u00f3 en entrevista.<\/p>\n<h3>Entregaron sus peticiones en Palacio Nacional<\/h3>\n<p>Los manifestantes entregaron expedientes de sus casos en las oficinas de Atenci\u00f3n Ciudadana de Palacio Nacional y luego marcharon para volver y leer sus demandas ante la puerta central de la sede del Ejecutivo.<\/p>\n<p>Maya P\u00e9rez critic\u00f3 el papel que jueces y magistrados federales han tenido en estos casos.<\/p>\n<p>\u201cYa tienen las carpetas fabricadas, ya saben que vienen los delincuentes y ya tienen lista su defensa. O sea, ellos act\u00faan en forma contraria a su deber, ellos buscan c\u00f3mo liberar a los delincuentes. Entonces de nada sirve que nuestras fuerzas armadas expongan sus vidas, expongan su integridad f\u00edsica, si el Poder Judicial los libera, los encubre y los protege\u201d, afirm\u00f3.<\/p>\n<\/div>\n<p><script>\n      !function(f,b,e,v,n,t,s)\n      {if(f.fbq)return;n=f.fbq=function(){n.callMethod?\n      n.callMethod.apply(n,arguments):n.queue.push(arguments)};\n      if(!f._fbq)f._fbq=n;n.push=n;n.loaded=!0;n.version='2.0';\n      n.queue=[];t=b.createElement(e);t.async=!0;\n      t.src=v;s=b.getElementsByTagName(e)[0];\n      s.parentNode.insertBefore(t,s)}(window, document,'script',\n      'https:\/\/connect.facebook.net\/en_US\/fbevents.js');\n      fbq('init', '133913093805922');\n      fbq('track', 'PageView');\n      fbq('track', 'Contact');\n      fbq('track', 'Donate');\n      fbq('track', 'FindLocation');\n      fbq('track', 'Lead');\n      fbq('track', 'Search');\n      fbq('track', 'Subscribe', {value: '0.00', currency: 'MXN', predicted_ltv: '0.00'});\n      fbq('track', 'ViewContent');\n    <\/script><script type=\"text\/javascript\">(function(d, s, id) {\n\t  var js, fjs = d.getElementsByTagName(s)[0];\n\t  if (d.getElementById(id)) return;\n\t  js = d.createElement(s); js.id = id;\n\t  js.src = \"\/\/connect.facebook.net\/es_LA\/sdk.js#xfbml=1&amp;version=v3.3&amp;appId=774389309362880\";\n\t  fjs.parentNode.insertBefore(js, fjs);\n\t}(document, 'script', 'facebook-jssdk'));<\/script><\/p>\n","protected":false},"excerpt":{"rendered":"<p>En el D\u00eda de la Marina, familiares de militares desaparecidos o sujetos a proceso penal por delitos que se les imputan en el ejercicio de sus labores marcharon por calles del Centro Hist\u00f3rico capitalino y se manifestaron ante Palacio Nacional, en demanda de justicia. Miembros del movimiento Todos somos un Ej\u00e9rcito, mexicanos somos todos, reclamaron [&hellip;]<\/p>\n","protected":false},"author":2,"featured_media":11404,"comment_status":"","ping_status":"","sticky":false,"template":"","format":"standard","meta":{"_monsterinsights_skip_tracking":false,"_monsterinsights_sitenote_active":false,"_monsterinsights_sitenote_note":"","_monsterinsights_sitenote_category":0,"footnotes":""},"categories":[9],"tags":[],"class_list":["post-11403","post","type-post","status-publish","format-standard","has-post-thumbnail","hentry","category-deportes"],"_links":{"self":[{"href":"https:\/\/informebajio.com.mx\/index.php?rest_route=\/wp\/v2\/posts\/11403","targetHints":{"allow":["GET"]}}],"collection":[{"href":"https:\/\/informebajio.com.mx\/index.php?rest_route=\/wp\/v2\/posts"}],"about":[{"href":"https:\/\/informebajio.com.mx\/index.php?rest_route=\/wp\/v2\/types\/post"}],"author":[{"embeddable":true,"href":"https:\/\/informebajio.com.mx\/index.php?rest_route=\/wp\/v2\/users\/2"}],"replies":[{"embeddable":true,"href":"https:\/\/informebajio.com.mx\/index.php?rest_route=%2Fwp%2Fv2%2Fcomments&post=11403"}],"version-history":[{"count":0,"href":"https:\/\/informebajio.com.mx\/index.php?rest_route=\/wp\/v2\/posts\/11403\/revisions"}],"wp:featuredmedia":[{"embeddable":true,"href":"https:\/\/informebajio.com.mx\/index.php?rest_route=\/wp\/v2\/media\/11404"}],"wp:attachment":[{"href":"https:\/\/informebajio.com.mx\/index.php?rest_route=%2Fwp%2Fv2%2Fmedia&parent=11403"}],"wp:term":[{"taxonomy":"category","embeddable":true,"href":"https:\/\/informebajio.com.mx\/index.php?rest_route=%2Fwp%2Fv2%2Fcategories&post=11403"},{"taxonomy":"post_tag","embeddable":true,"href":"https:\/\/informebajio.com.mx\/index.php?rest_route=%2Fwp%2Fv2%2Ftags&post=11403"}],"curies":[{"name":"wp","href":"https:\/\/api.w.org\/{rel}","templated":true}]}}