{"id":11415,"date":"2023-06-05T00:34:13","date_gmt":"2023-06-05T05:34:13","guid":{"rendered":"https:\/\/informebajio.com.mx\/?p=11415"},"modified":"2023-06-05T00:34:13","modified_gmt":"2023-06-05T05:34:13","slug":"alistan-festejos-para-el-santo-patrono","status":"publish","type":"post","link":"https:\/\/informebajio.com.mx\/?p=11415","title":{"rendered":"Alistan festejos para el santo patrono"},"content":{"rendered":"<div id=\"content-body-5851641-10167972\">\n<p>Del 15 al 24 de junio se llevar\u00e1n a cabo diversas actividades en la iglesia de San Juan del R\u00edo con motivo de las fiestas en honor al <b>santo patrono San Juan Bautista,<\/b> para ello, se tiene prevista la participaci\u00f3n del sector obrero, los comerciantes, los campesinos, entre otros m\u00e1s.<\/p>\n<p>Lo anterior lo dio a conocer el vicario de la parroquia San Juan Bautista, Francisco Javier Saavedra Aguill\u00f3n, quien asegur\u00f3 que para la iglesia sanjuanense el d\u00eda especial es el <b>24 de junio,<\/b> debido a que desde las seis de la ma\u00f1ana se tendr\u00e1n ma\u00f1anitas con mariachi en honor al santo patrono.<\/p>\n<p>A las siete y ocho de la ma\u00f1ana, se tendr\u00e1n dos eucarist\u00edas y a las 10 de la ma\u00f1ana, se recibir\u00e1n a la danza de San Isidro, ya que al medio d\u00eda, se realizar\u00e1 una eucarist\u00eda presidida por el <b>obispo Em\u00e9rito de la Di\u00f3cesis de Quer\u00e9taro, don Mario de Gasper\u00edn<\/b>, en tanto a la una de la tarde, continuar\u00e1 la presentaci\u00f3n del mariachi en el atrio parroquial.<\/p>\n<p>Pero adem\u00e1s, mencion\u00f3 que este mismo d\u00eda, a las siete de la tarde, se tiene prevista una eucarist\u00eda por el buen temporal y a las nueve de la noche, la quema de fuegos pirot\u00e9cnicos en el atrio parroquial.<\/p>\n<p>El sacerdote dijo que adicional a este d\u00eda, desde el 15 de junio comenzar\u00e1 una novena a las 6:45 de la tarde, en la cual participar\u00e1n grupos de obreros, comerciantes, campesinos, ni\u00f1os, adolescentes, para pedir en esta ocasi\u00f3n por el bienestar de los migrantes, internos de los Ceresos y para los integrantes de las poblaciones ind\u00edgenas.<\/p>\n<p><i>\u201cSe pedir\u00e1 por los enfermos, por los m\u00e9dicos, enfermeras y todo el personal de salud, se pedir\u00e1 por la paz del mundo, por la familia, por los gobernantes y las autoridades civiles de San Juan del R\u00edo y por la reconversi\u00f3n de sus habitantes\u201d.<\/i><\/p>\n<p><b id=\"docs-internal-guid-38d4aef2-7fff-aed6-3bfb-5e6609fbaba7\"><b>\u27a1\ufe0f <\/b><a href=\"https:\/\/oem.us16.list-manage.com\/subscribe?u=c04a811ee61dc85305bf7133b&amp;id=f1b85ee5bb\"><b><u>Suscr\u00edbete a nuestro Newsletter y recibe las notas m\u00e1s relevantes en tu correo<\/u><\/b><\/a><\/b><\/p>\n<p>Por lo anterior, llam\u00f3 a los creyentes a participar y sumarse a dichas actividades que se realizar\u00e1n con motivo de las<b> fiestas en honor del santo patrono del municipio sanjuanense<\/b>, ya que en a\u00f1os anteriores a causa de la pandemia por Covid-19, dijo que fueron suspendidas. <\/p>\n<\/div>\n<p><script>(function(d, s, id) {\nvar js, fjs = d.getElementsByTagName(s)[0];\nif (d.getElementById(id)) return;\njs = d.createElement(s); js.id = id;\njs.src = 'https:\/\/connect.facebook.net\/es_LA\/sdk.js#xfbml=1&version=v3.2&appId=232029482016746&autoLogAppEvents=1';\nfjs.parentNode.insertBefore(js, fjs);\n}(document, 'script', 'facebook-jssdk'));\n<\/script><\/p>\n","protected":false},"excerpt":{"rendered":"<p>Del 15 al 24 de junio se llevar\u00e1n a cabo diversas actividades en la iglesia de San Juan del R\u00edo con motivo de las fiestas en honor al santo patrono San Juan Bautista, para ello, se tiene prevista la participaci\u00f3n del sector obrero, los comerciantes, los campesinos, entre otros m\u00e1s. Lo anterior lo dio a [&hellip;]<\/p>\n","protected":false},"author":2,"featured_media":11416,"comment_status":"","ping_status":"","sticky":false,"template":"","format":"standard","meta":{"_monsterinsights_skip_tracking":false,"_monsterinsights_sitenote_active":false,"_monsterinsights_sitenote_note":"","_monsterinsights_sitenote_category":0,"footnotes":""},"categories":[6],"tags":[],"class_list":["post-11415","post","type-post","status-publish","format-standard","has-post-thumbnail","hentry","category-san-juan-del-rio"],"_links":{"self":[{"href":"https:\/\/informebajio.com.mx\/index.php?rest_route=\/wp\/v2\/posts\/11415","targetHints":{"allow":["GET"]}}],"collection":[{"href":"https:\/\/informebajio.com.mx\/index.php?rest_route=\/wp\/v2\/posts"}],"about":[{"href":"https:\/\/informebajio.com.mx\/index.php?rest_route=\/wp\/v2\/types\/post"}],"author":[{"embeddable":true,"href":"https:\/\/informebajio.com.mx\/index.php?rest_route=\/wp\/v2\/users\/2"}],"replies":[{"embeddable":true,"href":"https:\/\/informebajio.com.mx\/index.php?rest_route=%2Fwp%2Fv2%2Fcomments&post=11415"}],"version-history":[{"count":0,"href":"https:\/\/informebajio.com.mx\/index.php?rest_route=\/wp\/v2\/posts\/11415\/revisions"}],"wp:featuredmedia":[{"embeddable":true,"href":"https:\/\/informebajio.com.mx\/index.php?rest_route=\/wp\/v2\/media\/11416"}],"wp:attachment":[{"href":"https:\/\/informebajio.com.mx\/index.php?rest_route=%2Fwp%2Fv2%2Fmedia&parent=11415"}],"wp:term":[{"taxonomy":"category","embeddable":true,"href":"https:\/\/informebajio.com.mx\/index.php?rest_route=%2Fwp%2Fv2%2Fcategories&post=11415"},{"taxonomy":"post_tag","embeddable":true,"href":"https:\/\/informebajio.com.mx\/index.php?rest_route=%2Fwp%2Fv2%2Ftags&post=11415"}],"curies":[{"name":"wp","href":"https:\/\/api.w.org\/{rel}","templated":true}]}}