{"id":11439,"date":"2023-06-05T09:46:55","date_gmt":"2023-06-05T14:46:55","guid":{"rendered":"https:\/\/informebajio.com.mx\/?p=11439"},"modified":"2023-06-05T09:46:55","modified_gmt":"2023-06-05T14:46:55","slug":"gran-exito-de-saca-la-bici-en-corregidora","status":"publish","type":"post","link":"https:\/\/informebajio.com.mx\/?p=11439","title":{"rendered":"Gran \u00e9xito de Saca la Bici en Corregidora"},"content":{"rendered":"<div>\n<p>Laura Valdelamar<\/p>\n<p>Noticias<\/p>\n<p>Con gran \u00e9xito se llev\u00f3 a cabo el magno evento de la Bici monumental con el grupo de Saca la Bici, en conjunto con el municipio encabezado por el alcalde Roberto Sosa Pichardo, acto que tuvo lugar la Plaza del Gran Cue.<\/p>\n<p><!-- Composite Start --><\/p>\n<p><!-- Composite End --><\/p>\n<p>Un gran n\u00famero de ciclistas se dieron cita para celebrar el D\u00eda Mundial de la bicicleta, el cual fue un d\u00eda de fiesta, al llegar los habitantes de esta demarcaci\u00f3n para acompa\u00f1ar y disfrutar del espect\u00e1culo que brind\u00f3 el grupo de Saca la Bici, quienes en todo momento mostraron emoci\u00f3n y alegr\u00eda.<\/p>\n<p>En su mensaje el presidente municipal Roberto Sosa Pichardo, destac\u00f3 la importancia de contar con eventos de esta naturaleza para\u00a0 el disfrute de la ciudadan\u00eda de Corregidora, ademas de incrementar el turismo y que cada vez m\u00e1s personas de todos los municipios del Estado, a nivel nacional e internacional puedan conocer la Pir\u00e1mide de El Cerrito, la m\u00e1s grande de la zona del baj\u00edo.<\/p>\n<p><img loading=\"lazy\" decoding=\"async\" class=\"alignnone wp-image-602252 size-full\" src=\"https:\/\/cdn.noticiasdequeretaro.com.mx\/wp-content\/uploads\/2023\/06\/04075319\/Gran-%C3%A9xito-de-Saca-la-Bici-en-Corregidora-1.jpeg\" alt=\"\" width=\"720\" height=\"480\" srcset=\"https:\/\/cdn.noticiasdequeretaro.com.mx\/wp-content\/uploads\/2023\/06\/04075319\/Gran-%C3%A9xito-de-Saca-la-Bici-en-Corregidora-1.jpeg 720w, https:\/\/cdn.noticiasdequeretaro.com.mx\/wp-content\/uploads\/2023\/06\/04075319\/Gran-%C3%A9xito-de-Saca-la-Bici-en-Corregidora-1-600x400.jpeg 600w, https:\/\/cdn.noticiasdequeretaro.com.mx\/wp-content\/uploads\/2023\/06\/04075319\/Gran-%C3%A9xito-de-Saca-la-Bici-en-Corregidora-1-300x200.jpeg 300w\" sizes=\"auto, (max-width: 720px) 100vw, 720px\"\/><\/p>\n<\/div>\n<p><\/p>\n","protected":false},"excerpt":{"rendered":"<p>Laura Valdelamar Noticias Con gran \u00e9xito se llev\u00f3 a cabo el magno evento de la Bici monumental con el grupo de Saca la Bici, en conjunto con el municipio encabezado por el alcalde Roberto Sosa Pichardo, acto que tuvo lugar la Plaza del Gran Cue. Un gran n\u00famero de ciclistas se dieron cita para celebrar [&hellip;]<\/p>\n","protected":false},"author":2,"featured_media":11440,"comment_status":"","ping_status":"","sticky":false,"template":"","format":"standard","meta":{"_monsterinsights_skip_tracking":false,"_monsterinsights_sitenote_active":false,"_monsterinsights_sitenote_note":"","_monsterinsights_sitenote_category":0,"footnotes":""},"categories":[4],"tags":[],"class_list":["post-11439","post","type-post","status-publish","format-standard","has-post-thumbnail","hentry","category-queretaro"],"_links":{"self":[{"href":"https:\/\/informebajio.com.mx\/index.php?rest_route=\/wp\/v2\/posts\/11439","targetHints":{"allow":["GET"]}}],"collection":[{"href":"https:\/\/informebajio.com.mx\/index.php?rest_route=\/wp\/v2\/posts"}],"about":[{"href":"https:\/\/informebajio.com.mx\/index.php?rest_route=\/wp\/v2\/types\/post"}],"author":[{"embeddable":true,"href":"https:\/\/informebajio.com.mx\/index.php?rest_route=\/wp\/v2\/users\/2"}],"replies":[{"embeddable":true,"href":"https:\/\/informebajio.com.mx\/index.php?rest_route=%2Fwp%2Fv2%2Fcomments&post=11439"}],"version-history":[{"count":0,"href":"https:\/\/informebajio.com.mx\/index.php?rest_route=\/wp\/v2\/posts\/11439\/revisions"}],"wp:featuredmedia":[{"embeddable":true,"href":"https:\/\/informebajio.com.mx\/index.php?rest_route=\/wp\/v2\/media\/11440"}],"wp:attachment":[{"href":"https:\/\/informebajio.com.mx\/index.php?rest_route=%2Fwp%2Fv2%2Fmedia&parent=11439"}],"wp:term":[{"taxonomy":"category","embeddable":true,"href":"https:\/\/informebajio.com.mx\/index.php?rest_route=%2Fwp%2Fv2%2Fcategories&post=11439"},{"taxonomy":"post_tag","embeddable":true,"href":"https:\/\/informebajio.com.mx\/index.php?rest_route=%2Fwp%2Fv2%2Ftags&post=11439"}],"curies":[{"name":"wp","href":"https:\/\/api.w.org\/{rel}","templated":true}]}}