{"id":11443,"date":"2023-06-05T13:14:44","date_gmt":"2023-06-05T18:14:44","guid":{"rendered":"https:\/\/informebajio.com.mx\/?p=11443"},"modified":"2023-06-05T13:14:44","modified_gmt":"2023-06-05T18:14:44","slug":"aplican-110-mdp-para-la-seguridad-en-san-juan-del-rio","status":"publish","type":"post","link":"https:\/\/informebajio.com.mx\/?p=11443","title":{"rendered":"Aplican 110 mdp para la seguridad en San Juan del R\u00edo"},"content":{"rendered":"<div id=\"content-body-5851641-10157406\">\n<p><b>El presidente municipal de San Juan del R\u00edo, Roberto Carlos Cabrera Valencia<\/b>, inform\u00f3 que la<b> inversi\u00f3n en seguridad <\/b>ya se est\u00e1 ejecutando en la actualidad para<b> garantizar la tranquilidad de la poblaci\u00f3n<\/b>, y que siga habiendo un clima de paz en las colonias y comunidades, adem\u00e1s que estas acciones comprenden una inversi\u00f3n superior a<b><a rel=\"Follow noopener\" target=\"_self\" href=\"https:\/\/www.elsoldesanjuandelrio.com.mx\/local\/millonada-a-seguridad-en-san-juan-habra-mas-tecnologia-9979287.html\"> 110 millones de pesos.<\/a><\/b><\/p>\n<p>En entrevista declar\u00f3 que esta inversi\u00f3n es en coordinaci\u00f3n con el gobierno del Estado de Quer\u00e9taro, mediante el inter\u00e9s del gobernador<b> Mauricio Kuri Gonz\u00e1lez<\/b> para elevar la calidad de vida de la ciudadan\u00eda en esta regi\u00f3n, por el crecimiento acelerado que tiene.<\/p>\n<p>Refiri\u00f3 que, son cuatro etapas de inversi\u00f3n en su administraci\u00f3n para que puedan existir las condiciones seguras para las familias, los trabajadores, comerciantes y todos los sectores que componen a la sociedad, tomando en cuenta que este a\u00f1o <b>se estar\u00e1n invirtiendo 110 millones.<\/b><\/p>\n<p><i>&#8220;Vamos a hacer un recorrido para que vean lo que est\u00e1 haciendo, la empresa y los alcances que vamos a tener en esta primera etapa, si es que se trata de la fibra \u00f3ptica o el mejoramiento del C4 e incluso la inversi\u00f3n de m\u00e1s videovigilancia y vamos a afinar el sistema de alarmas escolares&#8221;.<\/i><\/p>\n<p>Agreg\u00f3 que, uno de los compromisos fue<b> elevar la calidad tecnol\u00f3gica<\/b> para contribuir a que el tiempo de llegada desde un incidente hasta que llaman a los uniformados pueda ser \u00f3ptimo.<\/p>\n<p><b><a rel=\"Follow noopener\" target=\"_self\" href=\"https:\/\/www.elsoldesanjuandelrio.com.mx\/local\/inseguridad-escala-en-san-juan-afirma-el-pri-10002117.html\">Tambi\u00e9n te puede interesar leer: Inseguridad escala en San Juan, afirma el PRI<\/a><\/b><\/p>\n<p>El alcalde refiri\u00f3 que independientemente de la inversi\u00f3n que se est\u00e9 ejecutando, es indispensable que los ciudadanos formen parte de las estrategias para <b>evitar incidencias delictivas<\/b>, de tal manera en la que se sumen <b>a los reportes oportunos<\/b><\/p>\n<p>Cabrera Valencia hizo menci\u00f3n en que posteriormente se estar\u00e1n poniendo en marcha el sistema de alertas en algunos planteles escolares en donde ha existido mayor incidencia delictiva, con la finalidad de evitar los robos, y en este esquema <b>se van a destinar 12.5 millones de pesos<\/b>, contando con algunos estudios los cuales refieren <b>que va a mejorar la percepci\u00f3n de seguridad.<\/b><\/p>\n<p><b id=\"docs-internal-guid-c2c89ddb-7fff-fcad-9367-9e97e4c2339a\"><b>\u27a1\ufe0f <\/b><a href=\"https:\/\/oem.us16.list-manage.com\/subscribe?u=c04a811ee61dc85305bf7133b&amp;id=f1b85ee5bb\"><b><u>Suscr\u00edbete a nuestro Newsletter y recibe las notas m\u00e1s relevantes en tu correo<\/u><\/b><\/a><\/b><\/p>\n<p>Finalmente, sostuvo que este modelo preventivo con algunos padres de familia que contribuyan y se tengan mayor cercan\u00eda con los vecinos de los centros escolares tomando acciones determinantes y prontas.<\/p>\n<\/div>\n<p><script>(function(d, s, id) {\nvar js, fjs = d.getElementsByTagName(s)[0];\nif (d.getElementById(id)) return;\njs = d.createElement(s); js.id = id;\njs.src = 'https:\/\/connect.facebook.net\/es_LA\/sdk.js#xfbml=1&version=v3.2&appId=232029482016746&autoLogAppEvents=1';\nfjs.parentNode.insertBefore(js, fjs);\n}(document, 'script', 'facebook-jssdk'));\n<\/script><\/p>\n","protected":false},"excerpt":{"rendered":"<p>El presidente municipal de San Juan del R\u00edo, Roberto Carlos Cabrera Valencia, inform\u00f3 que la inversi\u00f3n en seguridad ya se est\u00e1 ejecutando en la actualidad para garantizar la tranquilidad de la poblaci\u00f3n, y que siga habiendo un clima de paz en las colonias y comunidades, adem\u00e1s que estas acciones comprenden una inversi\u00f3n superior a 110 [&hellip;]<\/p>\n","protected":false},"author":2,"featured_media":11444,"comment_status":"","ping_status":"","sticky":false,"template":"","format":"standard","meta":{"_monsterinsights_skip_tracking":false,"_monsterinsights_sitenote_active":false,"_monsterinsights_sitenote_note":"","_monsterinsights_sitenote_category":0,"footnotes":""},"categories":[6],"tags":[],"class_list":["post-11443","post","type-post","status-publish","format-standard","has-post-thumbnail","hentry","category-san-juan-del-rio"],"_links":{"self":[{"href":"https:\/\/informebajio.com.mx\/index.php?rest_route=\/wp\/v2\/posts\/11443","targetHints":{"allow":["GET"]}}],"collection":[{"href":"https:\/\/informebajio.com.mx\/index.php?rest_route=\/wp\/v2\/posts"}],"about":[{"href":"https:\/\/informebajio.com.mx\/index.php?rest_route=\/wp\/v2\/types\/post"}],"author":[{"embeddable":true,"href":"https:\/\/informebajio.com.mx\/index.php?rest_route=\/wp\/v2\/users\/2"}],"replies":[{"embeddable":true,"href":"https:\/\/informebajio.com.mx\/index.php?rest_route=%2Fwp%2Fv2%2Fcomments&post=11443"}],"version-history":[{"count":0,"href":"https:\/\/informebajio.com.mx\/index.php?rest_route=\/wp\/v2\/posts\/11443\/revisions"}],"wp:featuredmedia":[{"embeddable":true,"href":"https:\/\/informebajio.com.mx\/index.php?rest_route=\/wp\/v2\/media\/11444"}],"wp:attachment":[{"href":"https:\/\/informebajio.com.mx\/index.php?rest_route=%2Fwp%2Fv2%2Fmedia&parent=11443"}],"wp:term":[{"taxonomy":"category","embeddable":true,"href":"https:\/\/informebajio.com.mx\/index.php?rest_route=%2Fwp%2Fv2%2Fcategories&post=11443"},{"taxonomy":"post_tag","embeddable":true,"href":"https:\/\/informebajio.com.mx\/index.php?rest_route=%2Fwp%2Fv2%2Ftags&post=11443"}],"curies":[{"name":"wp","href":"https:\/\/api.w.org\/{rel}","templated":true}]}}