{"id":11459,"date":"2023-06-05T19:15:40","date_gmt":"2023-06-06T00:15:40","guid":{"rendered":"https:\/\/informebajio.com.mx\/?p=11459"},"modified":"2023-06-05T19:15:40","modified_gmt":"2023-06-06T00:15:40","slug":"resaltan-equidad-laboral-en-san-juan","status":"publish","type":"post","link":"https:\/\/informebajio.com.mx\/?p=11459","title":{"rendered":"Resaltan equidad laboral en San Juan"},"content":{"rendered":"<div id=\"content-body-5851641-10166561\">\n<p><b>La secretaria del Trabajo, Liliana San Mart\u00edn Castillo<\/b>, realiz\u00f3 un recorrido en la empresa <b>Morgan Technical Ceramics, ubicada en el <a rel=\"Follow noopener\" target=\"_self\" href=\"https:\/\/www.elsoldesanjuandelrio.com.mx\/local\/no-desistiran-en-ley-de-identidad-de-genero-10164221.html\">municipio de San Juan del R\u00edo<\/a>,<\/b> para conocer las acciones que han implementado como parte del Distintivo Sin Brecha, mediante el cual se promueve la <b>equidad laboral <\/b>en centros de trabajo de todo el estado.<\/p>\n<p>Durante su visita a la empresa del<b> sector manufacturero aeroespacial,<\/b> la titular de la dependencia resalt\u00f3 ante el \u00e1rea directiva, de producci\u00f3n y recursos humanos, los resultados que se han obtenido de las diversas estrategias de <b>vinculaci\u00f3n laboral.<\/b><\/p>\n<p>La funcionaria estatal coment\u00f3 que los resultados generados se realizan en conjunto para la atracci\u00f3n de talento, con lo cual se impulsa el empleo de los habitantes de la zona, al subrayar el <b>auge industrial <\/b>de la demarcaci\u00f3n en la actualidad. <\/p>\n<p>Se percat\u00f3 de los procesos que comprenden en esta empresa y que van direccionado a una de las \u00e1reas en las que, el <b>estado de Quer\u00e9taro<\/b> se ha venido posicionando gracias, dijo, a la apuesta de empresarios con visi\u00f3n de ampliar su capital y dejar <b>oportunidades al talento local.<\/b><\/p>\n<p>San Martin hizo \u00e9nfasis en que, de acuerdo con las empresas que hay en este municipio, un porcentaje muy alto quiere ser parte del <b>distintivo Sin Brecha,<\/b> y que para ello se siguen preparando y condicionando lugares para la movilidad de quienes lo requieran. <\/p>\n<p><b>CANACINTRA<\/b><\/p>\n<p>En su paso por San Juan del R\u00edo<b>, <\/b>la del Trabajo Liliana San Mart\u00edn Castillo, particip\u00f3 en la reuni\u00f3n del Comit\u00e9 de Recursos Humanos de la C\u00e1mara Nacional de la Industria de la Transformaci\u00f3n <b>(Canacintra), San Juan del R\u00edo<\/b>, en donde tuvo la oportunidad de compartir las acciones y programas mediante los cuales se promueve la conciliaci\u00f3n y los entornos laborales sanos.<\/p>\n<p><b id=\"docs-internal-guid-e961c64d-7fff-0383-f13b-7c234d3c9a0b\"><b>\u27a1\ufe0f <\/b><a href=\"https:\/\/oem.us16.list-manage.com\/subscribe?u=c04a811ee61dc85305bf7133b&amp;id=f1b85ee5bb\"><b><u>Suscr\u00edbete a nuestro Newsletter y recibe las notas m\u00e1s relevantes en tu correo<\/u><\/b><\/a><\/b><\/p>\n<p>Acompa\u00f1ada del presidente de <b>Canacintra, Manuel Rivadeneyra D\u00edaz,<\/b> as\u00ed como de autoridades laborales estatales y federales, la titular de la dependencia puntualiz\u00f3 que es de suma importancia mantener un di\u00e1logo cercano y permanente con el sector empresarial con la finalidad de atender los requerimientos del campo laboral actual, adem\u00e1s de brindar acompa\u00f1amiento a las y los trabajadores.<\/p>\n<\/div>\n<p><script>(function(d, s, id) {\nvar js, fjs = d.getElementsByTagName(s)[0];\nif (d.getElementById(id)) return;\njs = d.createElement(s); js.id = id;\njs.src = 'https:\/\/connect.facebook.net\/es_LA\/sdk.js#xfbml=1&version=v3.2&appId=232029482016746&autoLogAppEvents=1';\nfjs.parentNode.insertBefore(js, fjs);\n}(document, 'script', 'facebook-jssdk'));\n<\/script><\/p>\n","protected":false},"excerpt":{"rendered":"<p>La secretaria del Trabajo, Liliana San Mart\u00edn Castillo, realiz\u00f3 un recorrido en la empresa Morgan Technical Ceramics, ubicada en el municipio de San Juan del R\u00edo, para conocer las acciones que han implementado como parte del Distintivo Sin Brecha, mediante el cual se promueve la equidad laboral en centros de trabajo de todo el estado. [&hellip;]<\/p>\n","protected":false},"author":2,"featured_media":11460,"comment_status":"","ping_status":"","sticky":false,"template":"","format":"standard","meta":{"_monsterinsights_skip_tracking":false,"_monsterinsights_sitenote_active":false,"_monsterinsights_sitenote_note":"","_monsterinsights_sitenote_category":0,"footnotes":""},"categories":[6],"tags":[],"class_list":["post-11459","post","type-post","status-publish","format-standard","has-post-thumbnail","hentry","category-san-juan-del-rio"],"_links":{"self":[{"href":"https:\/\/informebajio.com.mx\/index.php?rest_route=\/wp\/v2\/posts\/11459","targetHints":{"allow":["GET"]}}],"collection":[{"href":"https:\/\/informebajio.com.mx\/index.php?rest_route=\/wp\/v2\/posts"}],"about":[{"href":"https:\/\/informebajio.com.mx\/index.php?rest_route=\/wp\/v2\/types\/post"}],"author":[{"embeddable":true,"href":"https:\/\/informebajio.com.mx\/index.php?rest_route=\/wp\/v2\/users\/2"}],"replies":[{"embeddable":true,"href":"https:\/\/informebajio.com.mx\/index.php?rest_route=%2Fwp%2Fv2%2Fcomments&post=11459"}],"version-history":[{"count":0,"href":"https:\/\/informebajio.com.mx\/index.php?rest_route=\/wp\/v2\/posts\/11459\/revisions"}],"wp:featuredmedia":[{"embeddable":true,"href":"https:\/\/informebajio.com.mx\/index.php?rest_route=\/wp\/v2\/media\/11460"}],"wp:attachment":[{"href":"https:\/\/informebajio.com.mx\/index.php?rest_route=%2Fwp%2Fv2%2Fmedia&parent=11459"}],"wp:term":[{"taxonomy":"category","embeddable":true,"href":"https:\/\/informebajio.com.mx\/index.php?rest_route=%2Fwp%2Fv2%2Fcategories&post=11459"},{"taxonomy":"post_tag","embeddable":true,"href":"https:\/\/informebajio.com.mx\/index.php?rest_route=%2Fwp%2Fv2%2Ftags&post=11459"}],"curies":[{"name":"wp","href":"https:\/\/api.w.org\/{rel}","templated":true}]}}