{"id":11501,"date":"2023-06-06T07:17:38","date_gmt":"2023-06-06T12:17:38","guid":{"rendered":"https:\/\/informebajio.com.mx\/?p=11501"},"modified":"2023-06-06T07:17:38","modified_gmt":"2023-06-06T12:17:38","slug":"abunda-extraccion-ilegal-de-cactaceas","status":"publish","type":"post","link":"https:\/\/informebajio.com.mx\/?p=11501","title":{"rendered":"Abunda extracci\u00f3n ilegal de cact\u00e1ceas"},"content":{"rendered":"<div id=\"content-body-5851641-10166225\">\n<p>Uno de los principales problemas que enfrenta <b>El Rodeo, en San Juan del R\u00edo,<\/b> es la<b> extracci\u00f3n ilegal de cact\u00e1ceas<\/b> en la zona cerril de la comunidad, acci\u00f3n que genera un impacto negativo al medio ambiente, considerando que<b><a rel=\"Follow noopener\" target=\"_self\" href=\"https:\/\/www.elsoldesanjuandelrio.com.mx\/local\/garambullos-fruta-desertica-que-florece-en-temporada-de-lluvias-8512856.html\"> algunas especies<\/a><\/b> est\u00e1n en peligro de extinci\u00f3n, afirm\u00f3 el delegado municipal de este sitio, <b>\u00c1lvaro Gonz\u00e1lez P\u00e9rez.<\/b><\/p>\n<p>Refiri\u00f3 que se han detectado a personas ajenas a la comunidad que acuden a la zona cerril para llevar a cabo el saqueo de <b>algunas especies de cact\u00e1ceas<\/b>, para despu\u00e9s, asegur\u00f3, comercializar con ellas, ya sea dentro o fuera del municipio. Dijo que en lo que va de la administraci\u00f3n<b> ha recibido cinco reportes de este tipo. Sin embargo, apunt\u00f3, en muchas ocasiones estos hechos no se reportan.<\/b><\/p>\n<p><i>\u201cSe est\u00e1 perdiendo la flora de la zona cerril por la venta ilegal. Hemos sabido que los productos que salen de aqu\u00ed se venden en otras partes, por lo regular es gente de fuera la que viene, extrae los cactus y los venden (\u2026). Hasta ahorita, hemos tenido como unos cinco reportes en lo que va de la administraci\u00f3n\u201d, coment\u00f3<\/i>.<\/p>\n<p>Puntualiz\u00f3 que a trav\u00e9s de recorridos por la zona cerril de la localidad es que se han detectado los puntos que presentan mayor da\u00f1o por el<b> saqueo de la flora<\/b> que se hace en el sitio. A\u00f1adi\u00f3 que son notorios los lugares donde hay afectaciones, pues en algunos casos las personas han arrasado con las cact\u00e1ceas del lugar.<\/p>\n<p>Indic\u00f3 que para enfrentar esta situaci\u00f3n, se est\u00e1 planteando elaborar un reglamento interno de la comunidad, mediante el cual se busca sancionar a personas que se les descubra extrayendo o transportando este tipo de flora. Indic\u00f3 que esta iniciativa se da para combatir esta pr\u00e1ctica que va en aumento al<b> interior de esta localidad sanjuanense.<\/b><\/p>\n<p>Aunado a la extracci\u00f3n de cact\u00e1ceas, asegur\u00f3 que tambi\u00e9n comienza a observarse el fen\u00f3meno de la tala ilegal de \u00e1rboles. Afirm\u00f3 que si bien no se ha identificado a quien comete este tipo de hechos, es importante emprender acciones para tratar de frenar esta situaci\u00f3n y <b>con ello proteger el ecosistema que existe en El Rodeo.<\/b><\/p>\n<p><b id=\"docs-internal-guid-f8557c65-7fff-fc25-7644-f430b3c9da81\"><b>\u27a1\ufe0f <\/b><a href=\"https:\/\/oem.us16.list-manage.com\/subscribe?u=c04a811ee61dc85305bf7133b&amp;id=f1b85ee5bb\"><b><u>Suscr\u00edbete a nuestro Newsletter y recibe las notas m\u00e1s relevantes en tu correo<\/u><\/b><\/a><\/b><\/p>\n<p><i>\u201cHemos sabido que se est\u00e1n vendiendo estos productos y es por eso que queremos tener nuestro reglamento interno, para tratar de proteger la flora que hay en la comunidad (\u2026). Si vamos a la zona cerril es f\u00e1cil identificar que ya casi no hay cactus, se nota de donde lo sacan. Y la tala ilegal, que por ah\u00ed tambi\u00e9n ya empieza a haber en los \u00e1rboles que ya nada m\u00e1s est\u00e1n con el puro tronco\u201d, concluy\u00f3<\/i>.<\/p>\n<\/div>\n<p><script>(function(d, s, id) {\nvar js, fjs = d.getElementsByTagName(s)[0];\nif (d.getElementById(id)) return;\njs = d.createElement(s); js.id = id;\njs.src = 'https:\/\/connect.facebook.net\/es_LA\/sdk.js#xfbml=1&version=v3.2&appId=232029482016746&autoLogAppEvents=1';\nfjs.parentNode.insertBefore(js, fjs);\n}(document, 'script', 'facebook-jssdk'));\n<\/script><\/p>\n","protected":false},"excerpt":{"rendered":"<p>Uno de los principales problemas que enfrenta El Rodeo, en San Juan del R\u00edo, es la extracci\u00f3n ilegal de cact\u00e1ceas en la zona cerril de la comunidad, acci\u00f3n que genera un impacto negativo al medio ambiente, considerando que algunas especies est\u00e1n en peligro de extinci\u00f3n, afirm\u00f3 el delegado municipal de este sitio, \u00c1lvaro Gonz\u00e1lez P\u00e9rez. [&hellip;]<\/p>\n","protected":false},"author":2,"featured_media":11502,"comment_status":"","ping_status":"","sticky":false,"template":"","format":"standard","meta":{"_monsterinsights_skip_tracking":false,"_monsterinsights_sitenote_active":false,"_monsterinsights_sitenote_note":"","_monsterinsights_sitenote_category":0,"footnotes":""},"categories":[6],"tags":[],"class_list":["post-11501","post","type-post","status-publish","format-standard","has-post-thumbnail","hentry","category-san-juan-del-rio"],"_links":{"self":[{"href":"https:\/\/informebajio.com.mx\/index.php?rest_route=\/wp\/v2\/posts\/11501","targetHints":{"allow":["GET"]}}],"collection":[{"href":"https:\/\/informebajio.com.mx\/index.php?rest_route=\/wp\/v2\/posts"}],"about":[{"href":"https:\/\/informebajio.com.mx\/index.php?rest_route=\/wp\/v2\/types\/post"}],"author":[{"embeddable":true,"href":"https:\/\/informebajio.com.mx\/index.php?rest_route=\/wp\/v2\/users\/2"}],"replies":[{"embeddable":true,"href":"https:\/\/informebajio.com.mx\/index.php?rest_route=%2Fwp%2Fv2%2Fcomments&post=11501"}],"version-history":[{"count":0,"href":"https:\/\/informebajio.com.mx\/index.php?rest_route=\/wp\/v2\/posts\/11501\/revisions"}],"wp:featuredmedia":[{"embeddable":true,"href":"https:\/\/informebajio.com.mx\/index.php?rest_route=\/wp\/v2\/media\/11502"}],"wp:attachment":[{"href":"https:\/\/informebajio.com.mx\/index.php?rest_route=%2Fwp%2Fv2%2Fmedia&parent=11501"}],"wp:term":[{"taxonomy":"category","embeddable":true,"href":"https:\/\/informebajio.com.mx\/index.php?rest_route=%2Fwp%2Fv2%2Fcategories&post=11501"},{"taxonomy":"post_tag","embeddable":true,"href":"https:\/\/informebajio.com.mx\/index.php?rest_route=%2Fwp%2Fv2%2Ftags&post=11501"}],"curies":[{"name":"wp","href":"https:\/\/api.w.org\/{rel}","templated":true}]}}