{"id":11533,"date":"2023-06-06T19:35:14","date_gmt":"2023-06-07T00:35:14","guid":{"rendered":"https:\/\/informebajio.com.mx\/?p=11533"},"modified":"2023-06-06T19:35:14","modified_gmt":"2023-06-07T00:35:14","slug":"maltrato-infantil-mas-de-mil-casos","status":"publish","type":"post","link":"https:\/\/informebajio.com.mx\/?p=11533","title":{"rendered":"Maltrato infantil, m\u00e1s de mil casos"},"content":{"rendered":"<div id=\"content-body-5851641-10170332\">\n<p><b>La Procuradur\u00eda Estatal de Protecci\u00f3n de Ni\u00f1as, Ni\u00f1os y Adolescentes (PEPNNA)<\/b> recibi\u00f3 mil 10 reportes por <b>maltrato infantil,<\/b> los cuales est\u00e1n relacionados principalmente a incidencias como <b>omisi\u00f3n de cuidados, violencia familiar y violencia sexual en contra de los menores de edad<\/b>, afirm\u00f3 el titular de la dependencia, Manuel Hern\u00e1ndez Rodr\u00edguez.<\/p>\n<p><b>Refiri\u00f3 que del balance realizado del 2022,<\/b> del total de reportes recibidos, el 9 por ciento corresponden a asuntos de violencia sexual, espec\u00edficamente abuso sexual (3 por ciento) y violaci\u00f3n (6 por ciento). Respecto a estas cifras, asegur\u00f3 que en los \u00faltimos a\u00f1os se ha mantenido el nivel de incidencias de este rubro.<\/p>\n<p>Adem\u00e1s, a\u00f1adi\u00f3 que se est\u00e1 generando una mayor cultura de la denuncia respecto al tema, e incluso, puntualiz\u00f3, se tiene vinculaci\u00f3n con la <b>Unidad de Servicios para la Educaci\u00f3n B\u00e1sica en el Estado de Quer\u00e9taro (USEBEQ)<\/b> para que los asuntos de <b>abuso sexual <\/b>que puedan identificarse en el \u00e1mbito escolar puedan ser canalizados a las procuradur\u00edas municipales de protecci\u00f3n o directamente hacia la Fiscal\u00eda General del Estado (FGE) para iniciar las carpetas de investigaci\u00f3n.<\/p>\n<p><i>\u201cConsideramos que en los \u00faltimos a\u00f1os se ha mantenido el nivel de los porcentajes respecto al <b>tema de abuso sexual<\/b> (\u2026). Nosotros trabajamos con <b>Corazones M\u00e1gicos, <\/b>ellos tambi\u00e9n hacen campa\u00f1as de prevenci\u00f3n y precisamente lo que pasa es que ya tenemos la vinculaci\u00f3n, incluso tambi\u00e9n con <b>USEBEQ<\/b>, para que todos los asuntos de abuso sexual sean canalizados a las procuradur\u00edas de protecci\u00f3n o directamente a fiscal\u00eda para iniciar las carpetas\u201d<\/i>, coment\u00f3.<\/p>\n<p>Explic\u00f3 que los casos de<b> violencia sexual <\/b>normalmente se dan en el n\u00facleo familiar, es decir, los agresores son aquellas figuras que se observan como de confianza, <b>tales como padres, t\u00edos, primos o abuelos. <\/b>Agreg\u00f3 que tambi\u00e9n suelen presentarse casos en familias compuestas.<\/p>\n<p>Respecto a<b> San Juan del R\u00edo<\/b>, afirm\u00f3 que en 2022 se detectaron 239 reportes de maltrato infantil. Explic\u00f3 que a trav\u00e9s de las procuradur\u00edas municipales se reciben este tipo de incidencias, y son ellas mismas las encargadas de hacer la clasificaci\u00f3n de acuerdo al delito.<\/p>\n<p><b><a rel=\"Follow noopener\" target=\"_self\" href=\"https:\/\/www.elsoldesanjuandelrio.com.mx\/local\/atiende-dif-de-san-juan-al-mes-a-150-ninos-violentados-9657389.html\">Tambi\u00e9n te puede interesar: Atiende DIF de San Juan al mes a 150 ni\u00f1os violentados<\/a><\/b><\/p>\n<p><b>Ceseco<\/b><\/p>\n<p>Al respecto de la violencia sexual hacia menores de edad, la Coordinadora de la Central de Servicios a la Comunidad <b>(Ceseco) de la UAQ en San Juan del R\u00edo<\/b>, Daniela Emilene Castillo Manzo, explic\u00f3 que detectar el abuso sexual en un menor de edad resulta complejo, pues en ocasiones los agredidos no presentan s\u00edntomas, lo cual no es significado de alerta o bien, presentan algunas conductas que no sugieren la presencia de abuso.<\/p>\n<p><i>\u201cHay algunas se\u00f1ales de alerta, pero lamentablemente no est\u00e1n en todos los casos. Una es que regularmente el ni\u00f1o ya no quiere ir a ese lugar o si est\u00e1 en familia, cuando llega el agresor inmediatamente cambian, los ves m\u00e1s nerviosos, los ves con ganas de orinar, no se le quieren acercar a la persona. Pero como digo, no son rasgos. No puedes generalizar\u201d, expres\u00f3.<\/i><\/p>\n<p>En ese sentido, afirm\u00f3 que una incidencia de violencia sexual, no suele aparecer en el primer momento de la <b>terapia psicol\u00f3gica,<\/b> sino luego de mucho tiempo, pues en la mayor\u00eda de los casos<b> las v\u00edctimas suelen confesar el hecho<\/b> luego de varios a\u00f1os de haber ocurrido la agresi\u00f3n. Adem\u00e1s, dijo, que en la mayor\u00eda de las ocasiones no se habla de la violencia sexual por el hecho de que se prioriza mantener una buena relaci\u00f3n con parientes, a pesar de que ellos hayan sido los agresores.<\/p>\n<p><b id=\"docs-internal-guid-ea5c283a-7fff-5bd8-f60e-98bf55a3ad36\"><b>\u27a1\ufe0f <\/b><a href=\"https:\/\/oem.us16.list-manage.com\/subscribe?u=c04a811ee61dc85305bf7133b&amp;id=f1b85ee5bb\"><b><u>Suscr\u00edbete a nuestro Newsletter y recibe las notas m\u00e1s relevantes en tu correo<\/u><\/b><\/a><\/b><\/p>\n<p><i>\u201cSi no se toca la sexualidad, mucho menos el abuso y como el abuso sexual est\u00e1 dado en familia, no se toca porque \u2018c\u00f3mo nos vamos a enojar con la t\u00eda por lo que hizo el primo\u2019. No se habla, se habla en estos espacios, pero muchos a\u00f1os despu\u00e9s\u201d, subray\u00f3.<\/i><\/p>\n<\/div>\n<p><script>(function(d, s, id) {\nvar js, fjs = d.getElementsByTagName(s)[0];\nif (d.getElementById(id)) return;\njs = d.createElement(s); js.id = id;\njs.src = 'https:\/\/connect.facebook.net\/es_LA\/sdk.js#xfbml=1&version=v3.2&appId=232029482016746&autoLogAppEvents=1';\nfjs.parentNode.insertBefore(js, fjs);\n}(document, 'script', 'facebook-jssdk'));\n<\/script><\/p>\n","protected":false},"excerpt":{"rendered":"<p>La Procuradur\u00eda Estatal de Protecci\u00f3n de Ni\u00f1as, Ni\u00f1os y Adolescentes (PEPNNA) recibi\u00f3 mil 10 reportes por maltrato infantil, los cuales est\u00e1n relacionados principalmente a incidencias como omisi\u00f3n de cuidados, violencia familiar y violencia sexual en contra de los menores de edad, afirm\u00f3 el titular de la dependencia, Manuel Hern\u00e1ndez Rodr\u00edguez. Refiri\u00f3 que del balance realizado [&hellip;]<\/p>\n","protected":false},"author":2,"featured_media":11534,"comment_status":"","ping_status":"","sticky":false,"template":"","format":"standard","meta":{"_monsterinsights_skip_tracking":false,"_monsterinsights_sitenote_active":false,"_monsterinsights_sitenote_note":"","_monsterinsights_sitenote_category":0,"footnotes":""},"categories":[6],"tags":[],"class_list":["post-11533","post","type-post","status-publish","format-standard","has-post-thumbnail","hentry","category-san-juan-del-rio"],"_links":{"self":[{"href":"https:\/\/informebajio.com.mx\/index.php?rest_route=\/wp\/v2\/posts\/11533","targetHints":{"allow":["GET"]}}],"collection":[{"href":"https:\/\/informebajio.com.mx\/index.php?rest_route=\/wp\/v2\/posts"}],"about":[{"href":"https:\/\/informebajio.com.mx\/index.php?rest_route=\/wp\/v2\/types\/post"}],"author":[{"embeddable":true,"href":"https:\/\/informebajio.com.mx\/index.php?rest_route=\/wp\/v2\/users\/2"}],"replies":[{"embeddable":true,"href":"https:\/\/informebajio.com.mx\/index.php?rest_route=%2Fwp%2Fv2%2Fcomments&post=11533"}],"version-history":[{"count":0,"href":"https:\/\/informebajio.com.mx\/index.php?rest_route=\/wp\/v2\/posts\/11533\/revisions"}],"wp:featuredmedia":[{"embeddable":true,"href":"https:\/\/informebajio.com.mx\/index.php?rest_route=\/wp\/v2\/media\/11534"}],"wp:attachment":[{"href":"https:\/\/informebajio.com.mx\/index.php?rest_route=%2Fwp%2Fv2%2Fmedia&parent=11533"}],"wp:term":[{"taxonomy":"category","embeddable":true,"href":"https:\/\/informebajio.com.mx\/index.php?rest_route=%2Fwp%2Fv2%2Fcategories&post=11533"},{"taxonomy":"post_tag","embeddable":true,"href":"https:\/\/informebajio.com.mx\/index.php?rest_route=%2Fwp%2Fv2%2Ftags&post=11533"}],"curies":[{"name":"wp","href":"https:\/\/api.w.org\/{rel}","templated":true}]}}