{"id":11553,"date":"2023-06-07T03:19:38","date_gmt":"2023-06-07T08:19:38","guid":{"rendered":"https:\/\/informebajio.com.mx\/?p=11553"},"modified":"2023-06-07T03:19:38","modified_gmt":"2023-06-07T08:19:38","slug":"renuncia-canciller-de-mexico-marcelo-ebrard-va-por-candidatura-de-morena","status":"publish","type":"post","link":"https:\/\/informebajio.com.mx\/?p=11553","title":{"rendered":"Renuncia canciller de M\u00e9xico Marcelo Ebrard; va por candidatura de Morena"},"content":{"rendered":"<div>\n<p>-Dejar\u00e1 el puesto el pr\u00f3ximo 12 de junio.<\/p>\n<p>Luego de la reuni\u00f3n de las corcholatas con el Presidente de la Rep\u00fablica Andres Manuel L\u00f3pez Obrador, el Secretario de relaciones exteriores anunci\u00f3 este martes que a partir del 12 de junio dejar\u00e1 su puesto para participar en la contienda interna por la candidatura de Morena.<br \/>Despu\u00e9s de estar 54 meses a cargo de la pol\u00edtica exterior afirm\u00f3 que \u201cMe entusiasma participar en este gran movimiento, Morena, me entusiasma y me enorgullezco de ser parte de esta Cuarta Transformaci\u00f3n y tambi\u00e9n me entusiasma actuar con congruencia respecto a lo que hemos propuesto, por eso me separ\u00f3 del cargo\u00bb.<br \/>El hasta ahora canciller le toc\u00f3 negociar con Donald Trump y la amenaza de aranceles a importaciones mexicanas, los insumos m\u00e9dicos y la vacuna contra covid-19, as\u00ed como la contenci\u00f3n de la migraci\u00f3n.<\/p>\n<\/div>\n<p><\/p>\n","protected":false},"excerpt":{"rendered":"<p>-Dejar\u00e1 el puesto el pr\u00f3ximo 12 de junio. Luego de la reuni\u00f3n de las corcholatas con el Presidente de la Rep\u00fablica Andres Manuel L\u00f3pez Obrador, el Secretario de relaciones exteriores anunci\u00f3 este martes que a partir del 12 de junio dejar\u00e1 su puesto para participar en la contienda interna por la candidatura de Morena.Despu\u00e9s de [&hellip;]<\/p>\n","protected":false},"author":2,"featured_media":11554,"comment_status":"","ping_status":"","sticky":false,"template":"","format":"standard","meta":{"_monsterinsights_skip_tracking":false,"_monsterinsights_sitenote_active":false,"_monsterinsights_sitenote_note":"","_monsterinsights_sitenote_category":0,"footnotes":""},"categories":[5],"tags":[],"class_list":["post-11553","post","type-post","status-publish","format-standard","has-post-thumbnail","hentry","category-san-luis-potosi"],"_links":{"self":[{"href":"https:\/\/informebajio.com.mx\/index.php?rest_route=\/wp\/v2\/posts\/11553","targetHints":{"allow":["GET"]}}],"collection":[{"href":"https:\/\/informebajio.com.mx\/index.php?rest_route=\/wp\/v2\/posts"}],"about":[{"href":"https:\/\/informebajio.com.mx\/index.php?rest_route=\/wp\/v2\/types\/post"}],"author":[{"embeddable":true,"href":"https:\/\/informebajio.com.mx\/index.php?rest_route=\/wp\/v2\/users\/2"}],"replies":[{"embeddable":true,"href":"https:\/\/informebajio.com.mx\/index.php?rest_route=%2Fwp%2Fv2%2Fcomments&post=11553"}],"version-history":[{"count":0,"href":"https:\/\/informebajio.com.mx\/index.php?rest_route=\/wp\/v2\/posts\/11553\/revisions"}],"wp:featuredmedia":[{"embeddable":true,"href":"https:\/\/informebajio.com.mx\/index.php?rest_route=\/wp\/v2\/media\/11554"}],"wp:attachment":[{"href":"https:\/\/informebajio.com.mx\/index.php?rest_route=%2Fwp%2Fv2%2Fmedia&parent=11553"}],"wp:term":[{"taxonomy":"category","embeddable":true,"href":"https:\/\/informebajio.com.mx\/index.php?rest_route=%2Fwp%2Fv2%2Fcategories&post=11553"},{"taxonomy":"post_tag","embeddable":true,"href":"https:\/\/informebajio.com.mx\/index.php?rest_route=%2Fwp%2Fv2%2Ftags&post=11553"}],"curies":[{"name":"wp","href":"https:\/\/api.w.org\/{rel}","templated":true}]}}