{"id":11618,"date":"2023-06-07T19:38:03","date_gmt":"2023-06-08T00:38:03","guid":{"rendered":"https:\/\/informebajio.com.mx\/?p=11618"},"modified":"2023-06-07T19:38:03","modified_gmt":"2023-06-08T00:38:03","slug":"van-contra-acoso-escolar-y-sexual-en-el-cbtis-145","status":"publish","type":"post","link":"https:\/\/informebajio.com.mx\/?p=11618","title":{"rendered":"Van contra acoso escolar y sexual en el CBTIS 145"},"content":{"rendered":"<div id=\"content-body-5851641-10179598\">\n<p>Con el objetivo de <b>prevenir, identificar y atende<\/b>r todos aquellos casos de posible<b> <a rel=\"Follow noopener\" target=\"_self\" href=\"https:\/\/www.elsoldesanjuandelrio.com.mx\/local\/acoso-sexual-subio-34-en-san-juan-del-rio-9537815.html\">acoso escolar y sexual<\/a> <\/b>en el <b>Centro de Bachillerato Tecnol\u00f3gico, Industrial y de Servicios<\/b> (CBTIS 145), de San Juan del R\u00edo, se puso en marcha el <b>buz\u00f3n del Programa Cero Tolerancia al Acoso<\/b>.<\/p>\n<p>Para lo anterior, acudi\u00f3 al plantel, la supervisora de Educaci\u00f3n Media Superior de la Secretar\u00eda de Educaci\u00f3n P\u00fablica (SEP), en el estado, <b>Mar\u00eda Teresa de Jes\u00fas Faddul S\u00e1nchez<\/b>, quien acompa\u00f1ada de la directora de la escuela, Claudia Revueltas Z\u00fa\u00f1iga, habilitaron este espacio, para que los <b>estudiantes puedan contar con el apoyo y respaldo <\/b>ante este tipo de casos, hechos que dijo, tendr\u00e1n un seguimiento en la propia Fiscal\u00eda del estado.<\/p>\n<p><i>\u201cSon cuatro ejes que son prioritarios en esta gesti\u00f3n para poder llevar a cabo la implementaci\u00f3n del marco curricular com\u00fan, el segundo seria, j\u00f3venes al centro, el otro seria, cero tolerancia al acoso sexual y rendici\u00f3n de cuentas, en funci\u00f3n de todo ello, estamos d\u00e1ndole seguimiento a la unidad precisamente de apoyo al acoso sexual de cualquier situaci\u00f3n que se presente y que afecte a la integridad de los j\u00f3venes, estamos trabajando intensamente en la implementaci\u00f3n del nuevo modelo educativo de la escuela mexicana\u201d,<\/i> apunt\u00f3 Jes\u00fas Faddul S\u00e1nchez.<\/p>\n<p>En este mismo contexto, la directora del plante<b>l, Claudia Revueltas Z\u00fa\u00f1iga<\/b>, dijo que si bien en este lugar se cuenta con protocolos de apoyo y asistencia para los integrantes de la comunidad estudiantil, es <b>necesario que se cuente con este tipo de sistemas,<\/b> ya que las v\u00edctimas de acoso escolar o sexual, podr\u00e1n iniciar con su denuncia a distancia o presencial, en el primer caso, por la posible verg\u00fcenza de comenzar con el procedimiento.<\/p>\n<p><i>\u201cPor eso, una opci\u00f3n es el buz\u00f3n electr\u00f3nico y ah\u00ed ellos pueden escribir esta parte de su denuncia y entonces nosotros lo que haremos, es seguir el protocolo que nos marca la Secretar\u00eda de dar aviso de levantar una acta y darle seguimiento legal, o pueden acudir a la oficina donde estar\u00e1 oficina f\u00edsicamente y ah\u00ed podr\u00e1n tramitar todo este suceso, habr\u00e1 a quienes les guste realizar su denuncia de una o de otra manera\u201d.<\/i><\/p>\n<p><b>\u27a1\ufe0f <\/b><a href=\"https:\/\/oem.us16.list-manage.com\/subscribe?u=c04a811ee61dc85305bf7133b&amp;id=f1b85ee5bb\"><b>Suscr\u00edbete a nuestro Newsletter y recibe las notas m\u00e1s relevantes en tu correo<\/b><\/a><b\/><\/p>\n<p>Asegur\u00f3 que al interior de la escuela, <b>se brindar\u00e1 asistencia psicol\u00f3gica<\/b> para aquellas personas que sean posiblemente v\u00edctimas de este tipo de hechos, es por ello, que <b>exhort\u00f3 a los estudiantes a denunciar y no quedarse callados.<\/b><\/p>\n<\/div>\n<p><script>(function(d, s, id) {\nvar js, fjs = d.getElementsByTagName(s)[0];\nif (d.getElementById(id)) return;\njs = d.createElement(s); js.id = id;\njs.src = 'https:\/\/connect.facebook.net\/es_LA\/sdk.js#xfbml=1&version=v3.2&appId=232029482016746&autoLogAppEvents=1';\nfjs.parentNode.insertBefore(js, fjs);\n}(document, 'script', 'facebook-jssdk'));\n<\/script><\/p>\n","protected":false},"excerpt":{"rendered":"<p>Con el objetivo de prevenir, identificar y atender todos aquellos casos de posible acoso escolar y sexual en el Centro de Bachillerato Tecnol\u00f3gico, Industrial y de Servicios (CBTIS 145), de San Juan del R\u00edo, se puso en marcha el buz\u00f3n del Programa Cero Tolerancia al Acoso. Para lo anterior, acudi\u00f3 al plantel, la supervisora de [&hellip;]<\/p>\n","protected":false},"author":2,"featured_media":11619,"comment_status":"","ping_status":"","sticky":false,"template":"","format":"standard","meta":{"_monsterinsights_skip_tracking":false,"_monsterinsights_sitenote_active":false,"_monsterinsights_sitenote_note":"","_monsterinsights_sitenote_category":0,"footnotes":""},"categories":[6],"tags":[],"class_list":["post-11618","post","type-post","status-publish","format-standard","has-post-thumbnail","hentry","category-san-juan-del-rio"],"_links":{"self":[{"href":"https:\/\/informebajio.com.mx\/index.php?rest_route=\/wp\/v2\/posts\/11618","targetHints":{"allow":["GET"]}}],"collection":[{"href":"https:\/\/informebajio.com.mx\/index.php?rest_route=\/wp\/v2\/posts"}],"about":[{"href":"https:\/\/informebajio.com.mx\/index.php?rest_route=\/wp\/v2\/types\/post"}],"author":[{"embeddable":true,"href":"https:\/\/informebajio.com.mx\/index.php?rest_route=\/wp\/v2\/users\/2"}],"replies":[{"embeddable":true,"href":"https:\/\/informebajio.com.mx\/index.php?rest_route=%2Fwp%2Fv2%2Fcomments&post=11618"}],"version-history":[{"count":0,"href":"https:\/\/informebajio.com.mx\/index.php?rest_route=\/wp\/v2\/posts\/11618\/revisions"}],"wp:featuredmedia":[{"embeddable":true,"href":"https:\/\/informebajio.com.mx\/index.php?rest_route=\/wp\/v2\/media\/11619"}],"wp:attachment":[{"href":"https:\/\/informebajio.com.mx\/index.php?rest_route=%2Fwp%2Fv2%2Fmedia&parent=11618"}],"wp:term":[{"taxonomy":"category","embeddable":true,"href":"https:\/\/informebajio.com.mx\/index.php?rest_route=%2Fwp%2Fv2%2Fcategories&post=11618"},{"taxonomy":"post_tag","embeddable":true,"href":"https:\/\/informebajio.com.mx\/index.php?rest_route=%2Fwp%2Fv2%2Ftags&post=11618"}],"curies":[{"name":"wp","href":"https:\/\/api.w.org\/{rel}","templated":true}]}}