{"id":11632,"date":"2023-06-07T23:23:18","date_gmt":"2023-06-08T04:23:18","guid":{"rendered":"https:\/\/informebajio.com.mx\/?p=11632"},"modified":"2023-06-07T23:23:18","modified_gmt":"2023-06-08T04:23:18","slug":"clausuran-la-tienda-donde-joven-empleado-cayo-de-azotea","status":"publish","type":"post","link":"https:\/\/informebajio.com.mx\/?p=11632","title":{"rendered":"Clausuran la tienda donde joven empleado cay\u00f3 de azotea."},"content":{"rendered":"<div>\n<p>La Coordinaci\u00f3n de Protecci\u00f3n Civil de Gobierno del Estado clausur\u00f3 este mi\u00e9rcoles la tienda \u201cVertiche\u201d, ubicada en el andador Zaragoza en el centro hist\u00f3rico capitalino, luego de que ayer, un joven empleado cayera desde la azotea y horas despu\u00e9s falleciera en una cl\u00ednica del IMSS.<br \/>Una indignaci\u00f3n generalizada entre la ciudadan\u00eda ha ocasionado el terrible accidente donde el joven C\u00e9sar Gerardo perdiera la vida. Sus patrones lo pusieron a limpiar la azotea y el joven cay\u00f3 por un domo, traspasando el falso techo de tablarroca e impact\u00e1ndose en el suelo desde una altura aproximada de 5 metros de altura.<br \/>Esta misma ma\u00f1ana, familiares del joven empleado se manifestaron frente a la Fiscal\u00eda General del Estado (FGE) para exigir a las autoridades investiguen a fondo y determinen la responsabilidad tanto del personal m\u00e9dico de la Cl\u00ednica 2 del IMSS, como de los propietarios de la tienda por la muerte de Gerardo y que sean llevados ante la justicia.<\/p>\n<\/div>\n<p><\/p>\n","protected":false},"excerpt":{"rendered":"<p>La Coordinaci\u00f3n de Protecci\u00f3n Civil de Gobierno del Estado clausur\u00f3 este mi\u00e9rcoles la tienda \u201cVertiche\u201d, ubicada en el andador Zaragoza en el centro hist\u00f3rico capitalino, luego de que ayer, un joven empleado cayera desde la azotea y horas despu\u00e9s falleciera en una cl\u00ednica del IMSS.Una indignaci\u00f3n generalizada entre la ciudadan\u00eda ha ocasionado el terrible accidente [&hellip;]<\/p>\n","protected":false},"author":2,"featured_media":11633,"comment_status":"","ping_status":"","sticky":false,"template":"","format":"standard","meta":{"_monsterinsights_skip_tracking":false,"_monsterinsights_sitenote_active":false,"_monsterinsights_sitenote_note":"","_monsterinsights_sitenote_category":0,"footnotes":""},"categories":[5],"tags":[],"class_list":["post-11632","post","type-post","status-publish","format-standard","has-post-thumbnail","hentry","category-san-luis-potosi"],"_links":{"self":[{"href":"https:\/\/informebajio.com.mx\/index.php?rest_route=\/wp\/v2\/posts\/11632","targetHints":{"allow":["GET"]}}],"collection":[{"href":"https:\/\/informebajio.com.mx\/index.php?rest_route=\/wp\/v2\/posts"}],"about":[{"href":"https:\/\/informebajio.com.mx\/index.php?rest_route=\/wp\/v2\/types\/post"}],"author":[{"embeddable":true,"href":"https:\/\/informebajio.com.mx\/index.php?rest_route=\/wp\/v2\/users\/2"}],"replies":[{"embeddable":true,"href":"https:\/\/informebajio.com.mx\/index.php?rest_route=%2Fwp%2Fv2%2Fcomments&post=11632"}],"version-history":[{"count":0,"href":"https:\/\/informebajio.com.mx\/index.php?rest_route=\/wp\/v2\/posts\/11632\/revisions"}],"wp:featuredmedia":[{"embeddable":true,"href":"https:\/\/informebajio.com.mx\/index.php?rest_route=\/wp\/v2\/media\/11633"}],"wp:attachment":[{"href":"https:\/\/informebajio.com.mx\/index.php?rest_route=%2Fwp%2Fv2%2Fmedia&parent=11632"}],"wp:term":[{"taxonomy":"category","embeddable":true,"href":"https:\/\/informebajio.com.mx\/index.php?rest_route=%2Fwp%2Fv2%2Fcategories&post=11632"},{"taxonomy":"post_tag","embeddable":true,"href":"https:\/\/informebajio.com.mx\/index.php?rest_route=%2Fwp%2Fv2%2Ftags&post=11632"}],"curies":[{"name":"wp","href":"https:\/\/api.w.org\/{rel}","templated":true}]}}