{"id":11656,"date":"2023-06-08T07:40:04","date_gmt":"2023-06-08T12:40:04","guid":{"rendered":"https:\/\/informebajio.com.mx\/?p=11656"},"modified":"2023-06-08T07:40:04","modified_gmt":"2023-06-08T12:40:04","slug":"denuncian-fugas-de-drenaje-en-el-organal","status":"publish","type":"post","link":"https:\/\/informebajio.com.mx\/?p=11656","title":{"rendered":"Denuncian fugas de drenaje en El Organal"},"content":{"rendered":"<div id=\"content-body-5851641-10166122\">\n<p>Desde hace dos semanas el <b>sistema de drenaje de la calle Ignacio Zaragoza, en la <a rel=\"Follow noopener\" target=\"_self\" href=\"https:\/\/www.elsoldesanjuandelrio.com.mx\/local\/negocio-marchito-auguran-mala-calidad-en-las-rosas-de-el-organal-10005892.html\">comunidad de El Organal<\/a><\/b>, en San Juan del R\u00edo, se encuentra tapado, situaci\u00f3n que ha producido que los desechos salgan por uno de los registros, generando un <b>foco de infecci\u00f3n para quienes habitan y transitan por la zona,<\/b> denunciaron vecinos de la localidad, quienes decidieron omitir sus nombres.<\/p>\n<p>Refirieron que el problema comenz\u00f3 a mediados de mayo, cuando aguas negras comenzaron a fugarse de uno de los registros que <b>se encuentra cerca del Centro de Salud de la comunidad.<\/b> Dijeron que, a partir de entonces, la salida de desechos es diaria, generando as\u00ed algunos encharcamientos de aguas negras,<b> y por ende un foco de infecci\u00f3n.<\/b><\/p>\n<p>Apuntaron que los encharcamientos se encuentran justo a las afueras del <b>Centro de Salud<\/b> y se extienden unos cuantos metros, pasando por el frente del Polo de <b>Desarrollo del Sistema Municipal DIF<\/b>. Expresaron que la situaci\u00f3n resulta peligrosa e insalubre para quienes acuden a las citas m\u00e9dicas o a algunas de las actividades que se desarrollan en espacios.<\/p>\n<p><i>\u201cEl drenaje lleva dos semanas tapado y por lo mismo es que comenzaron a fugarse todos los desechos ya por el registro. Como se puede ver ya se hicieron unos charcos de agua negra y con ello, pues, ya est\u00e1 el foco de infecci\u00f3n para todas las familias que viven aqu\u00ed cerca (\u2026). El Centro de Salud est\u00e1 a un metro de distancia y el Polo de Desarrollo a metros m\u00e1s adelante, entonces s\u00ed consideramos que algo peligroso para las personas que vienen a sus citas o a tomar sus cursos\u201d, <\/i>coment\u00f3 un lugare\u00f1o.<\/p>\n<p>Refirieron que desde que inici\u00f3 el problema se han hecho los reportes correspondientes al <b>Comit\u00e9 de Agua Potable<\/b> de la comunidad y al encargado de la <b>Delegaci\u00f3n Municipal.<\/b> Sin embargo, afirmaron, ambas instancias han hecho caso omiso a la situaci\u00f3n y no han actuado para solucionarla.<\/p>\n<p>Aseveraron que esta no es la primera vez que ocurre un hecho de este tipo, pues en meses anteriores ya se han enfrentado al mismo contratiempo. En ese sentido, volvieron hacer un llamado a los organismos de la comunidad para que atiendan el problema. Asimismo, solicitaron el apoyo de la <b>Junta de Agua Potable y Alcantarillado Municipal (JAPAM) para intervenir.<\/b><\/p>\n<p><b id=\"docs-internal-guid-7c13f44b-7fff-085b-1db4-abd76e30fe27\"><b>\u27a1\ufe0f <\/b><a href=\"https:\/\/oem.us16.list-manage.com\/subscribe?u=c04a811ee61dc85305bf7133b&amp;id=f1b85ee5bb\"><b><u>Suscr\u00edbete a nuestro Newsletter y recibe las notas m\u00e1s relevantes en tu correo<\/u><\/b><\/a><\/b><\/p>\n<p><i>\u201cHacemos un llamado al Comit\u00e9 de Agua Potable y al delegado para que hagan algo y solucionen esto. No es posible que llevemos dos semanas as\u00ed, si no pueden solucionarlo busquen a quien si lo haga (\u2026). Pedimos el apoyo del presidente municipal, Roberto Cabrera, y de la JAPAM para que ellos s\u00ed nos apoyen porque se trata de un tema de salud p\u00fablica, algo que pone en riesgo a muchas familias\u201d, dijo una vecina que vive cerca.<\/i><\/p>\n<\/div>\n<p><script>(function(d, s, id) {\nvar js, fjs = d.getElementsByTagName(s)[0];\nif (d.getElementById(id)) return;\njs = d.createElement(s); js.id = id;\njs.src = 'https:\/\/connect.facebook.net\/es_LA\/sdk.js#xfbml=1&version=v3.2&appId=232029482016746&autoLogAppEvents=1';\nfjs.parentNode.insertBefore(js, fjs);\n}(document, 'script', 'facebook-jssdk'));\n<\/script><\/p>\n","protected":false},"excerpt":{"rendered":"<p>Desde hace dos semanas el sistema de drenaje de la calle Ignacio Zaragoza, en la comunidad de El Organal, en San Juan del R\u00edo, se encuentra tapado, situaci\u00f3n que ha producido que los desechos salgan por uno de los registros, generando un foco de infecci\u00f3n para quienes habitan y transitan por la zona, denunciaron vecinos [&hellip;]<\/p>\n","protected":false},"author":2,"featured_media":11657,"comment_status":"","ping_status":"","sticky":false,"template":"","format":"standard","meta":{"_monsterinsights_skip_tracking":false,"_monsterinsights_sitenote_active":false,"_monsterinsights_sitenote_note":"","_monsterinsights_sitenote_category":0,"footnotes":""},"categories":[6],"tags":[],"class_list":["post-11656","post","type-post","status-publish","format-standard","has-post-thumbnail","hentry","category-san-juan-del-rio"],"_links":{"self":[{"href":"https:\/\/informebajio.com.mx\/index.php?rest_route=\/wp\/v2\/posts\/11656","targetHints":{"allow":["GET"]}}],"collection":[{"href":"https:\/\/informebajio.com.mx\/index.php?rest_route=\/wp\/v2\/posts"}],"about":[{"href":"https:\/\/informebajio.com.mx\/index.php?rest_route=\/wp\/v2\/types\/post"}],"author":[{"embeddable":true,"href":"https:\/\/informebajio.com.mx\/index.php?rest_route=\/wp\/v2\/users\/2"}],"replies":[{"embeddable":true,"href":"https:\/\/informebajio.com.mx\/index.php?rest_route=%2Fwp%2Fv2%2Fcomments&post=11656"}],"version-history":[{"count":0,"href":"https:\/\/informebajio.com.mx\/index.php?rest_route=\/wp\/v2\/posts\/11656\/revisions"}],"wp:featuredmedia":[{"embeddable":true,"href":"https:\/\/informebajio.com.mx\/index.php?rest_route=\/wp\/v2\/media\/11657"}],"wp:attachment":[{"href":"https:\/\/informebajio.com.mx\/index.php?rest_route=%2Fwp%2Fv2%2Fmedia&parent=11656"}],"wp:term":[{"taxonomy":"category","embeddable":true,"href":"https:\/\/informebajio.com.mx\/index.php?rest_route=%2Fwp%2Fv2%2Fcategories&post=11656"},{"taxonomy":"post_tag","embeddable":true,"href":"https:\/\/informebajio.com.mx\/index.php?rest_route=%2Fwp%2Fv2%2Ftags&post=11656"}],"curies":[{"name":"wp","href":"https:\/\/api.w.org\/{rel}","templated":true}]}}