{"id":11678,"date":"2023-06-08T13:45:47","date_gmt":"2023-06-08T18:45:47","guid":{"rendered":"https:\/\/informebajio.com.mx\/?p=11678"},"modified":"2023-06-08T13:45:47","modified_gmt":"2023-06-08T18:45:47","slug":"descontento-canaco-por-reubicacion-de-comerciantes-de-antojitos","status":"publish","type":"post","link":"https:\/\/informebajio.com.mx\/?p=11678","title":{"rendered":"Descontento Canaco por reubicaci\u00f3n de comerciantes de antojitos"},"content":{"rendered":"<div id=\"content-body-5851641-10178276\">\n<p>La <b>C\u00e1mara Nacional de Comercio<\/b> (Canaco) de<b> San Juan del R\u00edo<\/b>, manifest\u00f3 su <b>descontento<\/b> luego de que el gobierno municipal regresara a los<b> <a href=\"https:\/\/www.elsoldesanjuandelrio.com.mx\/local\/enojo-por-reubicacion-a-puestos-de-comida-9717509.html\" target=\"_self\" rel=\"Follow noopener\">comerciantes de antojitos mexicanos<\/a><\/b> a la plaza Independencia desde el pasado fin de semana para argumentar que <b>no se apega a la formalidad<\/b> por la que vela este organismo empresarial.<\/p>\n<p>A trav\u00e9s de un comunicado de prensa, <b>resaltaron que como sector siempre se han enfocado en buscar la legalidad en los comercios<\/b>, apoyando a nuestros afiliados y al sector en general, pero que en esta ocasi\u00f3n no est\u00e1n de acuerdo con la decisi\u00f3n que se tom\u00f3 para los semifijos.<\/p>\n<p>Informaron que, en los \u00faltimos meses<b> han mantenido diversas reuniones con autoridades<\/b> municipales a fin de dar a conocer los desacuerdos que manifiestan nuestros afiliados en diversos temas, tales como, los<b> tr\u00e1mites de aperturas y refrendos de licencias municipales, seguridad y comercio sobre la v\u00eda p\u00fablica.<\/b><\/p>\n<p>A\u00f1adieron que respecto al <b>comercio sobre la v\u00eda p\u00fablica<\/b>, <i>&#8220;hacemos un llamado a las autoridades correspondientes a respetar y aplicar el &#8220;Reglamento de Comercio Municipal&#8221;, as\u00ed como tomar en consideraci\u00f3n las demandas del comercio formalmente establecido en el municipio, ya que en d\u00edas pasados se autoriz\u00f3 que nuevamente podr\u00e1n utilizar la v\u00eda p\u00fablica en el Jard\u00edn Independencia, sum\u00e1ndose a los ya instalados en Plaza Fundadores y Jard\u00edn de la Familia incumpliendo con el reglamento antes mencionado&#8221;.<\/i><\/p>\n<p>Dentro de su comunicado<b> hicieron menci\u00f3n<\/b> en que <i>&#8220;San Juan del R\u00edo tiene todo el potencial para ser un destino tur\u00edstico de suma importancia, cuenta con diversos atractivos hist\u00f3ricos. En el a\u00f1o 2010 se nombr\u00f3 al Centro Hist\u00f3rico de San Juan Del R\u00edo como Patrimonio Mundial por la UNESCO, por lo tanto, debe ser un compromiso por los gobiernos el respetar y generar las condiciones necesarias para enaltecer y rescatar el Centro Hist\u00f3rico&#8221;.<\/i><\/p>\n<p>La Canaco declar\u00f3 que, <b>se mantiene a favor de la formalidad en el comercio,<\/b> comprendemos que las autoridades deben atender a todos los sectores y mantener un equilibrio, sin embargo, y que<b> tambi\u00e9n es responsabilidad de las autoridades<\/b> municipales <b>habilitar espacios dignos <\/b>que cuenten con las condiciones necesarias y cumplan con la reglamentaci\u00f3n municipal.<\/p>\n<p><i>&#8220;Esperamos una reconsideraci\u00f3n de las autoridades municipales para la reubicaci\u00f3n del comercio sobre la v\u00eda p\u00fablica y nos mantenemos siempre en la mejor disposici\u00f3n de trabajar en conjunto con nuestros afiliados y con los gobiernos a fin de mantener el bien com\u00fan para fortalecer los sectores del comercio, los servicios y el turismo de San Juan del R\u00edo, Quer\u00e9taro&#8221;.<\/i><\/p>\n<\/div>\n<p><script>(function(d, s, id) {\nvar js, fjs = d.getElementsByTagName(s)[0];\nif (d.getElementById(id)) return;\njs = d.createElement(s); js.id = id;\njs.src = 'https:\/\/connect.facebook.net\/es_LA\/sdk.js#xfbml=1&version=v3.2&appId=232029482016746&autoLogAppEvents=1';\nfjs.parentNode.insertBefore(js, fjs);\n}(document, 'script', 'facebook-jssdk'));\n<\/script><\/p>\n","protected":false},"excerpt":{"rendered":"<p>La C\u00e1mara Nacional de Comercio (Canaco) de San Juan del R\u00edo, manifest\u00f3 su descontento luego de que el gobierno municipal regresara a los comerciantes de antojitos mexicanos a la plaza Independencia desde el pasado fin de semana para argumentar que no se apega a la formalidad por la que vela este organismo empresarial. A trav\u00e9s [&hellip;]<\/p>\n","protected":false},"author":2,"featured_media":11679,"comment_status":"","ping_status":"","sticky":false,"template":"","format":"standard","meta":{"_monsterinsights_skip_tracking":false,"_monsterinsights_sitenote_active":false,"_monsterinsights_sitenote_note":"","_monsterinsights_sitenote_category":0,"footnotes":""},"categories":[6],"tags":[],"class_list":["post-11678","post","type-post","status-publish","format-standard","has-post-thumbnail","hentry","category-san-juan-del-rio"],"_links":{"self":[{"href":"https:\/\/informebajio.com.mx\/index.php?rest_route=\/wp\/v2\/posts\/11678","targetHints":{"allow":["GET"]}}],"collection":[{"href":"https:\/\/informebajio.com.mx\/index.php?rest_route=\/wp\/v2\/posts"}],"about":[{"href":"https:\/\/informebajio.com.mx\/index.php?rest_route=\/wp\/v2\/types\/post"}],"author":[{"embeddable":true,"href":"https:\/\/informebajio.com.mx\/index.php?rest_route=\/wp\/v2\/users\/2"}],"replies":[{"embeddable":true,"href":"https:\/\/informebajio.com.mx\/index.php?rest_route=%2Fwp%2Fv2%2Fcomments&post=11678"}],"version-history":[{"count":0,"href":"https:\/\/informebajio.com.mx\/index.php?rest_route=\/wp\/v2\/posts\/11678\/revisions"}],"wp:featuredmedia":[{"embeddable":true,"href":"https:\/\/informebajio.com.mx\/index.php?rest_route=\/wp\/v2\/media\/11679"}],"wp:attachment":[{"href":"https:\/\/informebajio.com.mx\/index.php?rest_route=%2Fwp%2Fv2%2Fmedia&parent=11678"}],"wp:term":[{"taxonomy":"category","embeddable":true,"href":"https:\/\/informebajio.com.mx\/index.php?rest_route=%2Fwp%2Fv2%2Fcategories&post=11678"},{"taxonomy":"post_tag","embeddable":true,"href":"https:\/\/informebajio.com.mx\/index.php?rest_route=%2Fwp%2Fv2%2Ftags&post=11678"}],"curies":[{"name":"wp","href":"https:\/\/api.w.org\/{rel}","templated":true}]}}