{"id":11698,"date":"2023-06-08T19:53:02","date_gmt":"2023-06-09T00:53:02","guid":{"rendered":"https:\/\/informebajio.com.mx\/?p=11698"},"modified":"2023-06-08T19:53:02","modified_gmt":"2023-06-09T00:53:02","slug":"servicios-municipales-destinara-personal-a-la-feria","status":"publish","type":"post","link":"https:\/\/informebajio.com.mx\/?p=11698","title":{"rendered":"Servicios Municipales destinar\u00e1 personal a la feria"},"content":{"rendered":"<div id=\"content-body-5851641-10189907\">\n<p><b>Joaqu\u00edn Alfaro Reyes<\/b>, secretario de <b>Servicios P\u00fablicos Municipales<\/b> de San Juan del R\u00edo, inform\u00f3 que p<b>or el periodo de <a rel=\"Follow noopener\" target=\"_self\" href=\"https:\/\/www.elsoldesanjuandelrio.com.mx\/local\/promete-cabrera-gran-cartelera-artistica-en-la-feria-10034516.html\">feria 2023<\/a><\/b> se estar\u00e1 <b>incrementando la plantilla<\/b> para esta \u00e1rea, los cuales l<b>aborar\u00e1n durante tres semanas<\/b> para dejar en \u00f3ptimas condiciones el recinto ferial.<\/p>\n<p>Coment\u00f3 que a pesar de que este sitio se estuvo utilizando para la vacunaci\u00f3n contra Covid-19 necesitaba de algunos trabajos en la <b>zona del palenque, el ruedo y en las naves<\/b> que se tienen y que se van a estar utilizando para los pr\u00f3ximos eventos ganaderos art\u00edsticos y culturales.<\/p>\n<p>Sostuvo que por ello es importante que se pudiera elevar el n\u00famero de trabajadores por lo que <b>se cuenta con cuadrillas que componen 40 personas<\/b>, quienes tambi\u00e9n estar\u00e1n trabajando mientras se realizan los eventos en la cuesti\u00f3n de limpieza y deshierbe en las periferias.<\/p>\n<p><i>\u201cTrabajamos Servicios Municipales como tal y si, ya me est\u00e1n contratando gente, la verdad en esta ocasi\u00f3n ser\u00e1n tambi\u00e9n 40 gentes, ahorita ya tengo 20, los cuales entraron a trabajar a partir de este lunes, se dan cuenta ya se est\u00e1 haciendo el barrido del camell\u00f3n, y el deshierbe de la zona den centro expositor\u201d.<\/i><\/p>\n<p>El funcionario se\u00f1al\u00f3 que <b>para que prevalezca la limpieza estar\u00e1n colocando un mayor n\u00famero de tambos de basura<\/b> para que las personas puedan colocar sus desechos en diferentes puntos, de tal manera que se privilegie una feria en \u00f3ptimas condiciones y para toda la familia.<\/p>\n<p>En este sentido <b>para el caso de los sanitarios<\/b> expuso que tambi\u00e9n hicieron algunas acciones para su correcto funcionamiento en coordinaci\u00f3n con la Junta de Agua Potable y Alcantarillado Municipal (JAPAM), por lo que para<b> los m\u00f3dulos que se tienen, ya trabajan de la mejor manera.<\/b><\/p>\n<p><i>\u201cEl periodo en el cual nos van a ayudar son m\u00e1s o menos tres semanas, porque no solo es antes, sino tambi\u00e9n despu\u00e9s de que se desarrollen las actividades en la feria, esperamos que sea suficiente y contar con el apoyo de la ciudadan\u00eda\u201d.<\/i><\/p>\n<p><b>\u27a1\ufe0f <\/b><a href=\"https:\/\/oem.us16.list-manage.com\/subscribe?u=c04a811ee61dc85305bf7133b&amp;id=f1b85ee5bb\"><b>Suscr\u00edbete a nuestro Newsletter y recibe las notas m\u00e1s relevantes en tu correo<\/b><\/a><b\/><\/p>\n<p>Finalmente, aprovech\u00f3 para informar que, tienen una <b>continua coordinaci\u00f3n con otras dependencias<\/b> del municipio para revisar que todo est\u00e9 listo para el 15 de junio.<\/p>\n<\/div>\n<p><script>(function(d, s, id) {\nvar js, fjs = d.getElementsByTagName(s)[0];\nif (d.getElementById(id)) return;\njs = d.createElement(s); js.id = id;\njs.src = 'https:\/\/connect.facebook.net\/es_LA\/sdk.js#xfbml=1&version=v3.2&appId=232029482016746&autoLogAppEvents=1';\nfjs.parentNode.insertBefore(js, fjs);\n}(document, 'script', 'facebook-jssdk'));\n<\/script><\/p>\n","protected":false},"excerpt":{"rendered":"<p>Joaqu\u00edn Alfaro Reyes, secretario de Servicios P\u00fablicos Municipales de San Juan del R\u00edo, inform\u00f3 que por el periodo de feria 2023 se estar\u00e1 incrementando la plantilla para esta \u00e1rea, los cuales laborar\u00e1n durante tres semanas para dejar en \u00f3ptimas condiciones el recinto ferial. Coment\u00f3 que a pesar de que este sitio se estuvo utilizando para [&hellip;]<\/p>\n","protected":false},"author":2,"featured_media":11699,"comment_status":"","ping_status":"","sticky":false,"template":"","format":"standard","meta":{"_monsterinsights_skip_tracking":false,"_monsterinsights_sitenote_active":false,"_monsterinsights_sitenote_note":"","_monsterinsights_sitenote_category":0,"footnotes":""},"categories":[6],"tags":[],"class_list":["post-11698","post","type-post","status-publish","format-standard","has-post-thumbnail","hentry","category-san-juan-del-rio"],"_links":{"self":[{"href":"https:\/\/informebajio.com.mx\/index.php?rest_route=\/wp\/v2\/posts\/11698","targetHints":{"allow":["GET"]}}],"collection":[{"href":"https:\/\/informebajio.com.mx\/index.php?rest_route=\/wp\/v2\/posts"}],"about":[{"href":"https:\/\/informebajio.com.mx\/index.php?rest_route=\/wp\/v2\/types\/post"}],"author":[{"embeddable":true,"href":"https:\/\/informebajio.com.mx\/index.php?rest_route=\/wp\/v2\/users\/2"}],"replies":[{"embeddable":true,"href":"https:\/\/informebajio.com.mx\/index.php?rest_route=%2Fwp%2Fv2%2Fcomments&post=11698"}],"version-history":[{"count":0,"href":"https:\/\/informebajio.com.mx\/index.php?rest_route=\/wp\/v2\/posts\/11698\/revisions"}],"wp:featuredmedia":[{"embeddable":true,"href":"https:\/\/informebajio.com.mx\/index.php?rest_route=\/wp\/v2\/media\/11699"}],"wp:attachment":[{"href":"https:\/\/informebajio.com.mx\/index.php?rest_route=%2Fwp%2Fv2%2Fmedia&parent=11698"}],"wp:term":[{"taxonomy":"category","embeddable":true,"href":"https:\/\/informebajio.com.mx\/index.php?rest_route=%2Fwp%2Fv2%2Fcategories&post=11698"},{"taxonomy":"post_tag","embeddable":true,"href":"https:\/\/informebajio.com.mx\/index.php?rest_route=%2Fwp%2Fv2%2Ftags&post=11698"}],"curies":[{"name":"wp","href":"https:\/\/api.w.org\/{rel}","templated":true}]}}