{"id":11708,"date":"2023-06-09T00:58:05","date_gmt":"2023-06-09T05:58:05","guid":{"rendered":"https:\/\/informebajio.com.mx\/?p=11708"},"modified":"2023-06-09T00:58:05","modified_gmt":"2023-06-09T05:58:05","slug":"vinculan-a-proceso-a-madre-por-la-probable-prostitucion-de-su-hija","status":"publish","type":"post","link":"https:\/\/informebajio.com.mx\/?p=11708","title":{"rendered":"Vinculan a proceso a madre por la probable prostituci\u00f3n de su hija"},"content":{"rendered":"<div>\n<p>Un juez de control vincul\u00f3 a proceso a Edith N, por su probable participaci\u00f3n en el delito de trata de personas agravada.<\/p>\n<p>(La Jornada)<\/p>\n<p>Ciudad de M\u00e9xico.\u00a0Un juez de control vincul\u00f3 a proceso a Edith N, por su probable participaci\u00f3n en el delito de trata de personas agravada, en su modalidad de explotaci\u00f3n sexual, en perjuicio de su hija menor de edad, registrado en la alcald\u00eda Azcapotzalco.<\/p>\n<p>Durante la continuaci\u00f3n de la audiencia de cumplimiento de orden de aprehensi\u00f3n, el agente del Ministerio P\u00fablico de la Fiscal\u00eda de Investigaci\u00f3n de Delitos en Materia de Trata de Personas, formul\u00f3 la imputaci\u00f3n correspondiente.<\/p>\n<p>El impartidor de justicia ratific\u00f3 a la mujer la medida cautelar de prisi\u00f3n preventiva durante los tres meses del plazo establecido para el cierre de la investigaci\u00f3n complementaria.<\/p>\n<div class=\"wp-block-image\">\n<figure class=\"aligncenter size-full\"><img loading=\"lazy\" decoding=\"async\" width=\"372\" height=\"559\" alt=\"\" srcset=\"https:\/\/laroja.com.mx\/wp-content\/uploads\/2023\/06\/image-71.png 372w, https:\/\/laroja.com.mx\/wp-content\/uploads\/2023\/06\/image-71-100x150.png 100w\" src=\"https:\/\/laroja.com.mx\/wp-content\/uploads\/2023\/06\/image-71.png\" data-sizes=\"(max-width: 372px) 100vw, 372px\" class=\"wp-image-149465 lazyload\" bad-src=\"data:image\/gif;base64,R0lGODlhAQABAAAAACH5BAEKAAEALAAAAAABAAEAAAICTAEAOw==\"\/><noscript><img loading=\"lazy\" decoding=\"async\" width=\"372\" height=\"559\" src=\"https:\/\/laroja.com.mx\/wp-content\/uploads\/2023\/06\/image-71.png\" alt=\"\" class=\"wp-image-149465\" srcset=\"https:\/\/laroja.com.mx\/wp-content\/uploads\/2023\/06\/image-71.png 372w, https:\/\/laroja.com.mx\/wp-content\/uploads\/2023\/06\/image-71-100x150.png 100w\" sizes=\"auto, (max-width: 372px) 100vw, 372px\"\/><\/noscript><figcaption class=\"wp-element-caption\">Foto: FGJ-CDMX (La Jornada)<\/figcaption><\/figure>\n<\/div><\/div>\n<p><\/p>\n","protected":false},"excerpt":{"rendered":"<p>Un juez de control vincul\u00f3 a proceso a Edith N, por su probable participaci\u00f3n en el delito de trata de personas agravada. (La Jornada) Ciudad de M\u00e9xico.\u00a0Un juez de control vincul\u00f3 a proceso a Edith N, por su probable participaci\u00f3n en el delito de trata de personas agravada, en su modalidad de explotaci\u00f3n sexual, en [&hellip;]<\/p>\n","protected":false},"author":2,"featured_media":11709,"comment_status":"","ping_status":"","sticky":false,"template":"","format":"standard","meta":{"_monsterinsights_skip_tracking":false,"_monsterinsights_sitenote_active":false,"_monsterinsights_sitenote_note":"","_monsterinsights_sitenote_category":0,"footnotes":""},"categories":[5],"tags":[],"class_list":["post-11708","post","type-post","status-publish","format-standard","has-post-thumbnail","hentry","category-san-luis-potosi"],"_links":{"self":[{"href":"https:\/\/informebajio.com.mx\/index.php?rest_route=\/wp\/v2\/posts\/11708","targetHints":{"allow":["GET"]}}],"collection":[{"href":"https:\/\/informebajio.com.mx\/index.php?rest_route=\/wp\/v2\/posts"}],"about":[{"href":"https:\/\/informebajio.com.mx\/index.php?rest_route=\/wp\/v2\/types\/post"}],"author":[{"embeddable":true,"href":"https:\/\/informebajio.com.mx\/index.php?rest_route=\/wp\/v2\/users\/2"}],"replies":[{"embeddable":true,"href":"https:\/\/informebajio.com.mx\/index.php?rest_route=%2Fwp%2Fv2%2Fcomments&post=11708"}],"version-history":[{"count":0,"href":"https:\/\/informebajio.com.mx\/index.php?rest_route=\/wp\/v2\/posts\/11708\/revisions"}],"wp:featuredmedia":[{"embeddable":true,"href":"https:\/\/informebajio.com.mx\/index.php?rest_route=\/wp\/v2\/media\/11709"}],"wp:attachment":[{"href":"https:\/\/informebajio.com.mx\/index.php?rest_route=%2Fwp%2Fv2%2Fmedia&parent=11708"}],"wp:term":[{"taxonomy":"category","embeddable":true,"href":"https:\/\/informebajio.com.mx\/index.php?rest_route=%2Fwp%2Fv2%2Fcategories&post=11708"},{"taxonomy":"post_tag","embeddable":true,"href":"https:\/\/informebajio.com.mx\/index.php?rest_route=%2Fwp%2Fv2%2Ftags&post=11708"}],"curies":[{"name":"wp","href":"https:\/\/api.w.org\/{rel}","templated":true}]}}