{"id":11718,"date":"2023-06-09T01:55:33","date_gmt":"2023-06-09T06:55:33","guid":{"rendered":"https:\/\/informebajio.com.mx\/?p=11718"},"modified":"2023-06-09T01:55:33","modified_gmt":"2023-06-09T06:55:33","slug":"proyectan-entrega-de-mas-viviendas-en-pedro-escobedo","status":"publish","type":"post","link":"https:\/\/informebajio.com.mx\/?p=11718","title":{"rendered":"Proyectan entrega de m\u00e1s viviendas en Pedro Escobedo"},"content":{"rendered":"<div id=\"content-body-5851641-10183602\">\n<p>El Gobierno Municipal de P<b>edro Escobedo renovar\u00e1 su conveni<\/b>o de colaboraci\u00f3n con el <b>Instituto de la Vivienda del Estado de Quer\u00e9taro (IVEQ)<\/b>, con el objetivo de <b>beneficiar a m\u00e1s familias escobedense<\/b>s a trav\u00e9s de la construcci\u00f3n de <b><a rel=\"Follow noopener\" target=\"_self\" href=\"https:\/\/www.elsoldesanjuandelrio.com.mx\/local\/entregan-apoyos-sociales-a-familias-8853031.html\">espacios dignos<\/a><\/b> en lo que puedan habitar, dio a conocer el titular de la <b>Secretar\u00eda de Desarrollo Humano y Social<\/b> de esta demarcaci\u00f3n, Marlon Rivera P\u00e9rez.<\/p>\n<p>Record\u00f3 que en 2022 se llev\u00f3 a cabo la primera firma de este convenio, mediante el cual se dio una participaci\u00f3n conjunta para el <b>programa \u201cJuntos por tu Vivienda\u201d,<\/b> iniciativa que apoya a las familias m\u00e1s vulnerables con la construcci\u00f3n de un hogar digno. Detall\u00f3 que con este primer convenio <b>se entregaron 17 viviendas en distintas comunidades de la demarcaci\u00f3n. <\/b><\/p>\n<p>En ese sentido, afirm\u00f3 que con la renovaci\u00f3n de este convenio<b> se pretende entregar el mismo n\u00famero de viviendas<\/b> a familias escobedenses cuyo hogar no cuente con las condiciones m\u00ednimas que les garantice una<b> calidad de vida digna. <\/b><\/p>\n<p><i>\u201cSon un total de 17 viviendas las que se han entregado a trav\u00e9s del primer convenio que se firm\u00f3 con el IVEQ. Ahorita se est\u00e1 proyectando que a mitad de este a\u00f1o se vuelva a firmar el convenio para dotar de la misma cantidad de viviendas a familias del municipio, esto en el transcurso de este a\u00f1o y del que sigue\u201d<\/i>, coment\u00f3. <\/p>\n<p>A\u00f1adi\u00f3 que las viviendas que ya fueron entregadas se ubican en <b>comunidades como San Clemente, La D Chalmita, El Sauz, La Lira<\/b>, adem\u00e1s de colonias de la cabecera municipal y en aquellas que se han regularizado en los \u00faltimos a\u00f1os gracias al programa municipal de<b> regularizaci\u00f3n de predios <\/b>que se tiene. <\/p>\n<p>Detall\u00f3 que con la renovaci\u00f3n del convenio se pretende que m\u00e1s personas de otras comunidades y colonias mejoren las condiciones de los lugares en los que viven y con ello <b>combatir el rezago social <\/b>que pudiera existir en la demarcaci\u00f3n escobedense. <\/p>\n<p><b>\u27a1\ufe0f <\/b><a href=\"https:\/\/oem.us16.list-manage.com\/subscribe?u=c04a811ee61dc85305bf7133b&amp;id=f1b85ee5bb\"><b>Suscr\u00edbete a nuestro Newsletter y recibe las notas m\u00e1s relevantes en tu correo<\/b><\/a><b\/><\/p>\n<p>De acuerdo con informaci\u00f3n compartida, el <b>programa \u201cJuntos por tu Vivienda\u201d<\/b> tiene como prop\u00f3sito <b>promover y facilitar la adquisici\u00f3n de viviendas dignas<\/b> y decorosas a las familias en condiciones de desigualdad social y vulnerabilidad; adem\u00e1s de mejorar la calidad de vida de cada uno de los integrantes. <\/p>\n<\/div>\n<p><script>(function(d, s, id) {\nvar js, fjs = d.getElementsByTagName(s)[0];\nif (d.getElementById(id)) return;\njs = d.createElement(s); js.id = id;\njs.src = 'https:\/\/connect.facebook.net\/es_LA\/sdk.js#xfbml=1&version=v3.2&appId=232029482016746&autoLogAppEvents=1';\nfjs.parentNode.insertBefore(js, fjs);\n}(document, 'script', 'facebook-jssdk'));\n<\/script><\/p>\n","protected":false},"excerpt":{"rendered":"<p>El Gobierno Municipal de Pedro Escobedo renovar\u00e1 su convenio de colaboraci\u00f3n con el Instituto de la Vivienda del Estado de Quer\u00e9taro (IVEQ), con el objetivo de beneficiar a m\u00e1s familias escobedenses a trav\u00e9s de la construcci\u00f3n de espacios dignos en lo que puedan habitar, dio a conocer el titular de la Secretar\u00eda de Desarrollo Humano [&hellip;]<\/p>\n","protected":false},"author":2,"featured_media":11719,"comment_status":"","ping_status":"","sticky":false,"template":"","format":"standard","meta":{"_monsterinsights_skip_tracking":false,"_monsterinsights_sitenote_active":false,"_monsterinsights_sitenote_note":"","_monsterinsights_sitenote_category":0,"footnotes":""},"categories":[6],"tags":[],"class_list":["post-11718","post","type-post","status-publish","format-standard","has-post-thumbnail","hentry","category-san-juan-del-rio"],"_links":{"self":[{"href":"https:\/\/informebajio.com.mx\/index.php?rest_route=\/wp\/v2\/posts\/11718","targetHints":{"allow":["GET"]}}],"collection":[{"href":"https:\/\/informebajio.com.mx\/index.php?rest_route=\/wp\/v2\/posts"}],"about":[{"href":"https:\/\/informebajio.com.mx\/index.php?rest_route=\/wp\/v2\/types\/post"}],"author":[{"embeddable":true,"href":"https:\/\/informebajio.com.mx\/index.php?rest_route=\/wp\/v2\/users\/2"}],"replies":[{"embeddable":true,"href":"https:\/\/informebajio.com.mx\/index.php?rest_route=%2Fwp%2Fv2%2Fcomments&post=11718"}],"version-history":[{"count":0,"href":"https:\/\/informebajio.com.mx\/index.php?rest_route=\/wp\/v2\/posts\/11718\/revisions"}],"wp:featuredmedia":[{"embeddable":true,"href":"https:\/\/informebajio.com.mx\/index.php?rest_route=\/wp\/v2\/media\/11719"}],"wp:attachment":[{"href":"https:\/\/informebajio.com.mx\/index.php?rest_route=%2Fwp%2Fv2%2Fmedia&parent=11718"}],"wp:term":[{"taxonomy":"category","embeddable":true,"href":"https:\/\/informebajio.com.mx\/index.php?rest_route=%2Fwp%2Fv2%2Fcategories&post=11718"},{"taxonomy":"post_tag","embeddable":true,"href":"https:\/\/informebajio.com.mx\/index.php?rest_route=%2Fwp%2Fv2%2Ftags&post=11718"}],"curies":[{"name":"wp","href":"https:\/\/api.w.org\/{rel}","templated":true}]}}