{"id":11724,"date":"2023-06-09T05:58:33","date_gmt":"2023-06-09T10:58:33","guid":{"rendered":"https:\/\/informebajio.com.mx\/?p=11724"},"modified":"2023-06-09T05:58:33","modified_gmt":"2023-06-09T10:58:33","slug":"toman-maestros-de-la-cnte-terminal-de-autobuses-y-macro-plaza-en-oaxaca","status":"publish","type":"post","link":"https:\/\/informebajio.com.mx\/?p=11724","title":{"rendered":"Toman maestros de la CNTE terminal de autobuses y Macro Plaza en Oaxaca"},"content":{"rendered":"<div>\n<p>Debido a que al d\u00eda de hoy, no se registran resultados significativos en las mesas de negociaci\u00f3n.<\/p>\n<p>(La Jornada)<\/p>\n<p>Oaxaca, Oax.\u00a0Como parte del paro de 72 horas acordado por la asamblea estatal, profesores pertenecientes a la secci\u00f3n 22 de la Coordinadora Nacional de los Trabajadores de la Educaci\u00f3n (CNTE) tomaron la terminal de Autobuses de Oriente (ADO), as\u00ed como la Macro Plaza, donde permanecen cerrados todos los establecimientos; esto debido a que al d\u00eda de hoy, no se registran resultados significativos en las mesas de negociaci\u00f3n, informaron los mentores.<\/p>\n<p>Desde las 9:00 horas los maestros pertenecientes a la regi\u00f3n de Valles Centrales comenzaron a cerrar los accesos a la terminal camionera, lo que oblig\u00f3 a la gerencia a enviar a los pasajeros a otras terminales localizadas en distintas colonias de la ciudad de Oaxaca.<\/p>\n<p>Mientras que los mentores de la Costa y Tuxtepec se ubicaron en el estacionamiento y en los accesos de la Macro Plaza, ubicada en Santa Luc\u00eda del Camino, municipio conurbado a la ciudad de Oaxaca.<\/p>\n<div class=\"wp-block-image\">\n<figure class=\"aligncenter size-full\"><img loading=\"lazy\" decoding=\"async\" width=\"745\" height=\"496\" alt=\"\" srcset=\"https:\/\/laroja.com.mx\/wp-content\/uploads\/2023\/06\/image-65.png 745w, https:\/\/laroja.com.mx\/wp-content\/uploads\/2023\/06\/image-65-600x399.png 600w, https:\/\/laroja.com.mx\/wp-content\/uploads\/2023\/06\/image-65-150x100.png 150w\" src=\"https:\/\/laroja.com.mx\/wp-content\/uploads\/2023\/06\/image-65.png\" data-sizes=\"(max-width: 745px) 100vw, 745px\" class=\"wp-image-149447 lazyload\" bad-src=\"data:image\/gif;base64,R0lGODlhAQABAAAAACH5BAEKAAEALAAAAAABAAEAAAICTAEAOw==\"\/><noscript><img loading=\"lazy\" decoding=\"async\" width=\"745\" height=\"496\" src=\"https:\/\/laroja.com.mx\/wp-content\/uploads\/2023\/06\/image-65.png\" alt=\"\" class=\"wp-image-149447\" srcset=\"https:\/\/laroja.com.mx\/wp-content\/uploads\/2023\/06\/image-65.png 745w, https:\/\/laroja.com.mx\/wp-content\/uploads\/2023\/06\/image-65-600x399.png 600w, https:\/\/laroja.com.mx\/wp-content\/uploads\/2023\/06\/image-65-150x100.png 150w\" sizes=\"auto, (max-width: 745px) 100vw, 745px\"\/><\/noscript><figcaption class=\"wp-element-caption\">Foto: Jorge A. P\u00e9rez Alfonso (La Jornada)<\/figcaption><\/figure>\n<\/div><\/div>\n<p><\/p>\n","protected":false},"excerpt":{"rendered":"<p>Debido a que al d\u00eda de hoy, no se registran resultados significativos en las mesas de negociaci\u00f3n. (La Jornada) Oaxaca, Oax.\u00a0Como parte del paro de 72 horas acordado por la asamblea estatal, profesores pertenecientes a la secci\u00f3n 22 de la Coordinadora Nacional de los Trabajadores de la Educaci\u00f3n (CNTE) tomaron la terminal de Autobuses de [&hellip;]<\/p>\n","protected":false},"author":2,"featured_media":11725,"comment_status":"","ping_status":"","sticky":false,"template":"","format":"standard","meta":{"_monsterinsights_skip_tracking":false,"_monsterinsights_sitenote_active":false,"_monsterinsights_sitenote_note":"","_monsterinsights_sitenote_category":0,"footnotes":""},"categories":[5],"tags":[],"class_list":["post-11724","post","type-post","status-publish","format-standard","has-post-thumbnail","hentry","category-san-luis-potosi"],"_links":{"self":[{"href":"https:\/\/informebajio.com.mx\/index.php?rest_route=\/wp\/v2\/posts\/11724","targetHints":{"allow":["GET"]}}],"collection":[{"href":"https:\/\/informebajio.com.mx\/index.php?rest_route=\/wp\/v2\/posts"}],"about":[{"href":"https:\/\/informebajio.com.mx\/index.php?rest_route=\/wp\/v2\/types\/post"}],"author":[{"embeddable":true,"href":"https:\/\/informebajio.com.mx\/index.php?rest_route=\/wp\/v2\/users\/2"}],"replies":[{"embeddable":true,"href":"https:\/\/informebajio.com.mx\/index.php?rest_route=%2Fwp%2Fv2%2Fcomments&post=11724"}],"version-history":[{"count":0,"href":"https:\/\/informebajio.com.mx\/index.php?rest_route=\/wp\/v2\/posts\/11724\/revisions"}],"wp:featuredmedia":[{"embeddable":true,"href":"https:\/\/informebajio.com.mx\/index.php?rest_route=\/wp\/v2\/media\/11725"}],"wp:attachment":[{"href":"https:\/\/informebajio.com.mx\/index.php?rest_route=%2Fwp%2Fv2%2Fmedia&parent=11724"}],"wp:term":[{"taxonomy":"category","embeddable":true,"href":"https:\/\/informebajio.com.mx\/index.php?rest_route=%2Fwp%2Fv2%2Fcategories&post=11724"},{"taxonomy":"post_tag","embeddable":true,"href":"https:\/\/informebajio.com.mx\/index.php?rest_route=%2Fwp%2Fv2%2Ftags&post=11724"}],"curies":[{"name":"wp","href":"https:\/\/api.w.org\/{rel}","templated":true}]}}