{"id":11728,"date":"2023-06-09T07:56:23","date_gmt":"2023-06-09T12:56:23","guid":{"rendered":"https:\/\/informebajio.com.mx\/?p=11728"},"modified":"2023-06-09T07:56:23","modified_gmt":"2023-06-09T12:56:23","slug":"advierten-del-consumo-de-agua-con-trozos-de-fruta","status":"publish","type":"post","link":"https:\/\/informebajio.com.mx\/?p=11728","title":{"rendered":"Advierten del consumo de agua con trozos de fruta"},"content":{"rendered":"<div id=\"content-body-5851641-10178921\">\n<p>El subdirector de operaci\u00f3n Sanitaria de la Direcci\u00f3n de<b> Protecci\u00f3n contra Riesgos Sanitarios<\/b> del estado, Ignacio Espinoza Lara advirti\u00f3 de los <b>riesgos que implica el consumir agua con trozos de fruta picada<\/b>, esto por la poca garant\u00eda de que hayan sido <b>desinfectados correctamente los <a rel=\"Follow noopener\" target=\"_self\" href=\"https:\/\/www.elsoldesanjuandelrio.com.mx\/local\/capacitan-a-manipuladores-de-alimentos-9570530.html\">alimentos.<\/a><\/b><\/p>\n<p>Asegur\u00f3 que durante la <b>temporada de calor,<\/b> aumenta la venta de <b>aguas de frutas en vitroleros<\/b>, motivo por el cual, para hacerla m\u00e1s apetecible, <b>agregan trozos de fruta con c\u00e1scara<\/b> que puede implicar riesgos para la salud, por tal motivo, <b>exhort\u00f3 a la poblaci\u00f3n a evitar consumir este tipo de bebidas.<\/b><\/p>\n<p><i>\u201cNo permitimos su comercializaci\u00f3n, hay algunos temas que tambi\u00e9n manejamos con las verduras y frutas que no nos garantizan su desinfecci\u00f3n, tambi\u00e9n pedimos que no las utilicen, por ejemplo, aguas de sabor con fruta picada al interior del vitrolero, luego es muy com\u00fan ver la pi\u00f1a con todo y c\u00e1scara en el recipiente, o rebanadas de naranja con todo y cascara\u201d.<\/i><\/p>\n<p>Mencion\u00f3 que por ello, el personal de esta dependencia, recurre a los <b>recorridos de verificaci\u00f3n<\/b>, con la finalidad de evitar riesgos de salud entre la poblaci\u00f3n, ya que es com\u00fan la venta de este tipo de<b> bebidas en v\u00eda p\u00fablica<\/b>.<\/p>\n<p><i>\u201cEste tipo de pr\u00e1cticas no est\u00e1n permitidas, ah\u00ed s\u00ed, si lo detectamos nos vemos en la necesidad de solicitarles que retiren el producto, sobre todo si va con c\u00e1scara, porque no nos garantiza que haya lavado bien el alimento previamente a agregarlo\u201d.<\/i><\/p>\n<p><b>\u27a1\ufe0f <\/b><a href=\"https:\/\/oem.us16.list-manage.com\/subscribe?u=c04a811ee61dc85305bf7133b&amp;id=f1b85ee5bb\"><b>Suscr\u00edbete a nuestro Newsletter y recibe las notas m\u00e1s relevantes en tu correo<\/b><\/a><b\/><\/p>\n<p>Por lo anterior, el funcionario <b>exhort\u00f3 a los vendedores de aguas frescas <\/b>evitar incurrir en este tipo de pr\u00e1cticas, a fin de reducir los problemas de salud entre la poblaci\u00f3n, ya que por esta causa, se pueden generar ciertas<b> infecciones estomacales ya sea por bacterias o par\u00e1sitos.<\/b><\/p>\n<\/div>\n<p><script>(function(d, s, id) {\nvar js, fjs = d.getElementsByTagName(s)[0];\nif (d.getElementById(id)) return;\njs = d.createElement(s); js.id = id;\njs.src = 'https:\/\/connect.facebook.net\/es_LA\/sdk.js#xfbml=1&version=v3.2&appId=232029482016746&autoLogAppEvents=1';\nfjs.parentNode.insertBefore(js, fjs);\n}(document, 'script', 'facebook-jssdk'));\n<\/script><\/p>\n","protected":false},"excerpt":{"rendered":"<p>El subdirector de operaci\u00f3n Sanitaria de la Direcci\u00f3n de Protecci\u00f3n contra Riesgos Sanitarios del estado, Ignacio Espinoza Lara advirti\u00f3 de los riesgos que implica el consumir agua con trozos de fruta picada, esto por la poca garant\u00eda de que hayan sido desinfectados correctamente los alimentos. Asegur\u00f3 que durante la temporada de calor, aumenta la venta [&hellip;]<\/p>\n","protected":false},"author":2,"featured_media":11729,"comment_status":"","ping_status":"","sticky":false,"template":"","format":"standard","meta":{"_monsterinsights_skip_tracking":false,"_monsterinsights_sitenote_active":false,"_monsterinsights_sitenote_note":"","_monsterinsights_sitenote_category":0,"footnotes":""},"categories":[6],"tags":[],"class_list":["post-11728","post","type-post","status-publish","format-standard","has-post-thumbnail","hentry","category-san-juan-del-rio"],"_links":{"self":[{"href":"https:\/\/informebajio.com.mx\/index.php?rest_route=\/wp\/v2\/posts\/11728","targetHints":{"allow":["GET"]}}],"collection":[{"href":"https:\/\/informebajio.com.mx\/index.php?rest_route=\/wp\/v2\/posts"}],"about":[{"href":"https:\/\/informebajio.com.mx\/index.php?rest_route=\/wp\/v2\/types\/post"}],"author":[{"embeddable":true,"href":"https:\/\/informebajio.com.mx\/index.php?rest_route=\/wp\/v2\/users\/2"}],"replies":[{"embeddable":true,"href":"https:\/\/informebajio.com.mx\/index.php?rest_route=%2Fwp%2Fv2%2Fcomments&post=11728"}],"version-history":[{"count":0,"href":"https:\/\/informebajio.com.mx\/index.php?rest_route=\/wp\/v2\/posts\/11728\/revisions"}],"wp:featuredmedia":[{"embeddable":true,"href":"https:\/\/informebajio.com.mx\/index.php?rest_route=\/wp\/v2\/media\/11729"}],"wp:attachment":[{"href":"https:\/\/informebajio.com.mx\/index.php?rest_route=%2Fwp%2Fv2%2Fmedia&parent=11728"}],"wp:term":[{"taxonomy":"category","embeddable":true,"href":"https:\/\/informebajio.com.mx\/index.php?rest_route=%2Fwp%2Fv2%2Fcategories&post=11728"},{"taxonomy":"post_tag","embeddable":true,"href":"https:\/\/informebajio.com.mx\/index.php?rest_route=%2Fwp%2Fv2%2Ftags&post=11728"}],"curies":[{"name":"wp","href":"https:\/\/api.w.org\/{rel}","templated":true}]}}