{"id":11772,"date":"2023-06-09T19:58:01","date_gmt":"2023-06-10T00:58:01","guid":{"rendered":"https:\/\/informebajio.com.mx\/?p=11772"},"modified":"2023-06-09T19:58:01","modified_gmt":"2023-06-10T00:58:01","slug":"anuncian-caminos-en-localidades-de-amealco","status":"publish","type":"post","link":"https:\/\/informebajio.com.mx\/?p=11772","title":{"rendered":"Anuncian caminos en localidades de Amealco"},"content":{"rendered":"<div id=\"content-body-5851641-10179518\">\n<p><b>El presidente municipal de Amealco de Bonfil, Ren\u00e9 Mej\u00eda Montoya<\/b> arranc\u00f3 <b>obras para el <a rel=\"Follow noopener\" target=\"_self\" href=\"https:\/\/www.elsoldesanjuandelrio.com.mx\/local\/mejoran-camino-en-la-presa-el-tecolote-9385826.html\">mejoramiento de los caminos<\/a><\/b> en las <b>comunidades<\/b> El Terrero y Rinc\u00f3n de Agua Buena, en d\u00f3nde se comprometi\u00f3 a seguir mejorando los<b> accesos rurales <\/b>para conectar a las comunidades.<\/p>\n<p>En un recorrido con parte del equipo de trabajo que lo acompa\u00f1a en el gabinete municipal inform\u00f3 que <b>estas obras tienen un gran impacto entre la poblaci\u00f3n<\/b> principalmente para los estudiantes y trabajadores, a quienes acerca en menor tiempo a sus centros de labores.<\/p>\n<p>Tambi\u00e9n puntualiz\u00f3 que estos caminos eran una <b>petici\u00f3n muy constante entre los vecinos,<\/b> toda vez que desde hace varias administraciones se hab\u00edan acercado a hacer su solicitud, pero que no hab\u00edan tenido eco hasta ahora, tambi\u00e9n argumentaron que no los hab\u00edan tomado en cuenta.<\/p>\n<p>En su mensaje el presidente municipal se\u00f1al\u00f3 que su gobierno se est\u00e1 caracterizando por generar <b>acercamiento con los ciudadanos<\/b> y que la <b>puesta en marcha de nuevos caminos<\/b> asegura un mejor futuro para el desarrollo en diferentes \u00e1mbitos, en lo comercial y artesanal, principalmente.<\/p>\n<p><i>\u201cEn la localidad El Terrero comenzamos con la construcci\u00f3n de empedrado en diversos caminos, lo que beneficiar\u00e1 a las y los habitantes de la comunidad, as\u00ed como a todas las personas que los visiten. Mejorando los accesos a las comunidades, construimos felicidad y progreso\u201d.<\/i><\/p>\n<p>En su recorrido de obra el mandatario municipal resalt\u00f3 la <b>importancia para los estudiantes de tener un mejor camino <\/b>y acercarlos diariamente a tiempo a su Colegio de Bachilleres en el Estado de Quer\u00e9taro (Cobaq) el que se ubica en la comunidad de San Miguel Tlaxcaltepec la cual es una de las m\u00e1s grandes delegaciones.<\/p>\n<p><b>\u27a1\ufe0f <\/b><a href=\"https:\/\/oem.us16.list-manage.com\/subscribe?u=c04a811ee61dc85305bf7133b&amp;id=f1b85ee5bb\"><b>Suscr\u00edbete a nuestro Newsletter y recibe las notas m\u00e1s relevantes en tu correo<\/b><\/a><b\/><\/p>\n<p><i>\u201cEstuvimos en la localidad de Rinc\u00f3n de Agua Buena, donde comenzamos con la construcci\u00f3n de empedreado por varios caminos. Continuamos mejorando los accesos de cada comunidad en beneficio de los amealcenses\u201d<\/i> manifest\u00f3.<\/p>\n<\/div>\n<p><script>(function(d, s, id) {\nvar js, fjs = d.getElementsByTagName(s)[0];\nif (d.getElementById(id)) return;\njs = d.createElement(s); js.id = id;\njs.src = 'https:\/\/connect.facebook.net\/es_LA\/sdk.js#xfbml=1&version=v3.2&appId=232029482016746&autoLogAppEvents=1';\nfjs.parentNode.insertBefore(js, fjs);\n}(document, 'script', 'facebook-jssdk'));\n<\/script><\/p>\n","protected":false},"excerpt":{"rendered":"<p>El presidente municipal de Amealco de Bonfil, Ren\u00e9 Mej\u00eda Montoya arranc\u00f3 obras para el mejoramiento de los caminos en las comunidades El Terrero y Rinc\u00f3n de Agua Buena, en d\u00f3nde se comprometi\u00f3 a seguir mejorando los accesos rurales para conectar a las comunidades. En un recorrido con parte del equipo de trabajo que lo acompa\u00f1a [&hellip;]<\/p>\n","protected":false},"author":2,"featured_media":11773,"comment_status":"","ping_status":"","sticky":false,"template":"","format":"standard","meta":{"_monsterinsights_skip_tracking":false,"_monsterinsights_sitenote_active":false,"_monsterinsights_sitenote_note":"","_monsterinsights_sitenote_category":0,"footnotes":""},"categories":[6],"tags":[],"class_list":["post-11772","post","type-post","status-publish","format-standard","has-post-thumbnail","hentry","category-san-juan-del-rio"],"_links":{"self":[{"href":"https:\/\/informebajio.com.mx\/index.php?rest_route=\/wp\/v2\/posts\/11772","targetHints":{"allow":["GET"]}}],"collection":[{"href":"https:\/\/informebajio.com.mx\/index.php?rest_route=\/wp\/v2\/posts"}],"about":[{"href":"https:\/\/informebajio.com.mx\/index.php?rest_route=\/wp\/v2\/types\/post"}],"author":[{"embeddable":true,"href":"https:\/\/informebajio.com.mx\/index.php?rest_route=\/wp\/v2\/users\/2"}],"replies":[{"embeddable":true,"href":"https:\/\/informebajio.com.mx\/index.php?rest_route=%2Fwp%2Fv2%2Fcomments&post=11772"}],"version-history":[{"count":0,"href":"https:\/\/informebajio.com.mx\/index.php?rest_route=\/wp\/v2\/posts\/11772\/revisions"}],"wp:featuredmedia":[{"embeddable":true,"href":"https:\/\/informebajio.com.mx\/index.php?rest_route=\/wp\/v2\/media\/11773"}],"wp:attachment":[{"href":"https:\/\/informebajio.com.mx\/index.php?rest_route=%2Fwp%2Fv2%2Fmedia&parent=11772"}],"wp:term":[{"taxonomy":"category","embeddable":true,"href":"https:\/\/informebajio.com.mx\/index.php?rest_route=%2Fwp%2Fv2%2Fcategories&post=11772"},{"taxonomy":"post_tag","embeddable":true,"href":"https:\/\/informebajio.com.mx\/index.php?rest_route=%2Fwp%2Fv2%2Ftags&post=11772"}],"curies":[{"name":"wp","href":"https:\/\/api.w.org\/{rel}","templated":true}]}}