{"id":11806,"date":"2023-06-10T08:03:05","date_gmt":"2023-06-10T13:03:05","guid":{"rendered":"https:\/\/informebajio.com.mx\/?p=11806"},"modified":"2023-06-10T08:03:05","modified_gmt":"2023-06-10T13:03:05","slug":"abren-preventa-de-departamentos-de-lujo","status":"publish","type":"post","link":"https:\/\/informebajio.com.mx\/?p=11806","title":{"rendered":"Abren preventa de departamentos de lujo"},"content":{"rendered":"<div id=\"content-body-5851641-10196990\">\n<p>En el municipio de Tequisquiapan se dio inici\u00f3 con la construcci\u00f3n del nuevo proyecto arquitect\u00f3nico de lujo que estar\u00e1 situado en el coraz\u00f3n de esta localidad, el cual estar\u00e1 conformado por 127 departamentos en el <b>complejo residencial El Relox.<\/b><\/p>\n<p>Lo anterior, lo dio a conocer uno de los socios integrantes del ambicioso proyecto, David Dorantes Res\u00e9ndiz, quien durante un recorrido por el lugar, explic\u00f3 que se trata de un <b>espacio cuyo concepto es de exclusividad<\/b>, por lo que para ello, se ha dado paso a la preventa de los departamentos que van de los tres hasta los ocho millones de pesos.<\/p>\n<p><i>\u201cSe van a construir unos departamentos que en conjunto con las 110 habitaciones del hotel en esta parte, se van a trasformar en 127 departamentos de gran lujo, todos los \u00e1rboles se van a respetar, los hu\u00e9spedes abrir\u00e1n su balc\u00f3n y tendr\u00e1n una vista de vegetaci\u00f3n, es un pulm\u00f3n en Tequisquiapan, es un lugar donde pocas propiedades llegan a tener esta vegetaci\u00f3n en Tequisquiapan\u201d.<\/i><\/p>\n<p>Adem\u00e1s, dijo que cada departamento contar\u00e1 con<b> roof garden <\/b>que tendr\u00e1 amenidades exclusivas como <b>gimnasio, restaurante, sal\u00f3n de fumadores, business center, canchas de padel, cuatro albercas, cinco carriles de nado, as\u00ed como seis pozas termales <\/b>para los residentes. <\/p>\n<p><i>\u201cEs muy importante la inversi\u00f3n para el municipio y estado, significa mucho porque Tequisquiapan es el portal tur\u00edstico del estado, Tequisquiapan ha significado mucho en la historia de Quer\u00e9taro, por eso tratamos de impulsar nuevamente esta historia\u201d.<\/i><\/p>\n<p>Agradeci\u00f3 el apoyo al gobernador del estado, Mauricio Kuri Gonz\u00e1lez, as\u00ed como del presidente municipal, Jos\u00e9 Antonio Mej\u00eda Lira, quienes dijo se han mantenido interesados en coadyuvar para <b>impulsar este proyecto arquitect\u00f3nico<\/b> que busca acaparar turismo internacional, es por ello, que de manera paulatina se ir\u00e1 concluyendo con cada espacio que conformar\u00e1 dicho residencial en Tequisquiapan y que asegur\u00f3, ser\u00e1 una evoluci\u00f3n en la historia del hotel El Relox en un complejo residencial de lujo.<\/p>\n<p><b id=\"docs-internal-guid-93fc0b7b-7fff-955d-8e33-b4bb8991d2e5\"><b>\u27a1\ufe0f <\/b><a href=\"https:\/\/api.whatsapp.com\/message\/X5NQBME4JB5VG1?autoload=1&amp;app_absent=0\"><b><u>Si quieres recibir las noticias en tu Whatsapp, env\u00eda la palabra ALTA<\/u><\/b><\/a><\/b><\/p>\n<p><i>\u201cEl proyecto comenz\u00f3 desde hace dos a\u00f1os y medio, el proyecto lo est\u00e1 llevando a cabo el Arquitecto Santiago Aspe Poniatowski, todo va a ser cantera, llevar\u00e1 acabados, ba\u00f1ado de luz calidad para generar un claustro bonito, una fuente central y todo el en el jard\u00edn, todos los materiales que lleva el departamento son tope en calidad, es lo m\u00e1s adelantado que hay en el mundo, es Alem\u00e1n, el mercado al que vamos dirigido es alto para poder competir con San Miguel de Allende, o destinos tur\u00edstico de mercado alto\u201d.<\/i><\/p>\n<\/div>\n<p><script>(function(d, s, id) {\nvar js, fjs = d.getElementsByTagName(s)[0];\nif (d.getElementById(id)) return;\njs = d.createElement(s); js.id = id;\njs.src = 'https:\/\/connect.facebook.net\/es_LA\/sdk.js#xfbml=1&version=v3.2&appId=232029482016746&autoLogAppEvents=1';\nfjs.parentNode.insertBefore(js, fjs);\n}(document, 'script', 'facebook-jssdk'));\n<\/script><\/p>\n","protected":false},"excerpt":{"rendered":"<p>En el municipio de Tequisquiapan se dio inici\u00f3 con la construcci\u00f3n del nuevo proyecto arquitect\u00f3nico de lujo que estar\u00e1 situado en el coraz\u00f3n de esta localidad, el cual estar\u00e1 conformado por 127 departamentos en el complejo residencial El Relox. Lo anterior, lo dio a conocer uno de los socios integrantes del ambicioso proyecto, David Dorantes [&hellip;]<\/p>\n","protected":false},"author":2,"featured_media":11807,"comment_status":"","ping_status":"","sticky":false,"template":"","format":"standard","meta":{"_monsterinsights_skip_tracking":false,"_monsterinsights_sitenote_active":false,"_monsterinsights_sitenote_note":"","_monsterinsights_sitenote_category":0,"footnotes":""},"categories":[6],"tags":[],"class_list":["post-11806","post","type-post","status-publish","format-standard","has-post-thumbnail","hentry","category-san-juan-del-rio"],"_links":{"self":[{"href":"https:\/\/informebajio.com.mx\/index.php?rest_route=\/wp\/v2\/posts\/11806","targetHints":{"allow":["GET"]}}],"collection":[{"href":"https:\/\/informebajio.com.mx\/index.php?rest_route=\/wp\/v2\/posts"}],"about":[{"href":"https:\/\/informebajio.com.mx\/index.php?rest_route=\/wp\/v2\/types\/post"}],"author":[{"embeddable":true,"href":"https:\/\/informebajio.com.mx\/index.php?rest_route=\/wp\/v2\/users\/2"}],"replies":[{"embeddable":true,"href":"https:\/\/informebajio.com.mx\/index.php?rest_route=%2Fwp%2Fv2%2Fcomments&post=11806"}],"version-history":[{"count":0,"href":"https:\/\/informebajio.com.mx\/index.php?rest_route=\/wp\/v2\/posts\/11806\/revisions"}],"wp:featuredmedia":[{"embeddable":true,"href":"https:\/\/informebajio.com.mx\/index.php?rest_route=\/wp\/v2\/media\/11807"}],"wp:attachment":[{"href":"https:\/\/informebajio.com.mx\/index.php?rest_route=%2Fwp%2Fv2%2Fmedia&parent=11806"}],"wp:term":[{"taxonomy":"category","embeddable":true,"href":"https:\/\/informebajio.com.mx\/index.php?rest_route=%2Fwp%2Fv2%2Fcategories&post=11806"},{"taxonomy":"post_tag","embeddable":true,"href":"https:\/\/informebajio.com.mx\/index.php?rest_route=%2Fwp%2Fv2%2Ftags&post=11806"}],"curies":[{"name":"wp","href":"https:\/\/api.w.org\/{rel}","templated":true}]}}