{"id":12024,"date":"2023-06-14T03:29:49","date_gmt":"2023-06-14T08:29:49","guid":{"rendered":"https:\/\/informebajio.com.mx\/?p=12024"},"modified":"2023-06-14T03:29:49","modified_gmt":"2023-06-14T08:29:49","slug":"asi-se-vivio-el-1er-festival-haciendas-y-vinedos-del-marques","status":"publish","type":"post","link":"https:\/\/informebajio.com.mx\/?p=12024","title":{"rendered":"As\u00ed se vivi\u00f3 el 1er Festival Haciendas y Vi\u00f1edos del Marqu\u00e9s"},"content":{"rendered":"<div>\n<p>No cabe duda que el trabajo en equipo genera grandes resultados y eso se not\u00f3 en el \u00ab1er. Festival de Haciendas y Vi\u00f1edos del Marqu\u00e9s\u00bb este 10 de Junio de 2023.<\/p>\n<figure class=\"wp-block-gallery has-nested-images columns-2 is-cropped wp-block-gallery-1 is-layout-flex\">\n<figure class=\"wp-block-image size-full\"><a href=\"https:\/\/www.de-paseo.com\/queretaro\/wp-content\/uploads\/2023\/06\/festival-haciendas-vinedos-marques-blog-2.jpg\" target=\"_blank\" rel=\"noopener\"><img loading=\"lazy\" decoding=\"async\" width=\"800\" height=\"533\" data-id=\"61303\" src=\"https:\/\/www.de-paseo.com\/queretaro\/wp-content\/uploads\/2023\/06\/festival-haciendas-vinedos-marques-blog-2.jpg\" alt=\"\" class=\"wp-image-61303 lazyload\" srcset=\"https:\/\/www.de-paseo.com\/queretaro\/wp-content\/uploads\/2023\/06\/festival-haciendas-vinedos-marques-blog-2.jpg 800w, https:\/\/www.de-paseo.com\/queretaro\/wp-content\/uploads\/2023\/06\/festival-haciendas-vinedos-marques-blog-2-300x200.jpg 300w, https:\/\/www.de-paseo.com\/queretaro\/wp-content\/uploads\/2023\/06\/festival-haciendas-vinedos-marques-blog-2-768x512.jpg 768w\" sizes=\"auto, (max-width: 800px) 100vw, 800px\"\/><noscript><img loading=\"lazy\" decoding=\"async\" width=\"800\" height=\"533\" data-id=\"61303\" src=\"https:\/\/www.de-paseo.com\/queretaro\/wp-content\/uploads\/2023\/06\/festival-haciendas-vinedos-marques-blog-2.jpg\" alt=\"\" class=\"wp-image-61303 lazyload\" srcset=\"https:\/\/www.de-paseo.com\/queretaro\/wp-content\/uploads\/2023\/06\/festival-haciendas-vinedos-marques-blog-2.jpg 800w, https:\/\/www.de-paseo.com\/queretaro\/wp-content\/uploads\/2023\/06\/festival-haciendas-vinedos-marques-blog-2-300x200.jpg 300w, https:\/\/www.de-paseo.com\/queretaro\/wp-content\/uploads\/2023\/06\/festival-haciendas-vinedos-marques-blog-2-768x512.jpg 768w\" sizes=\"auto, (max-width: 800px) 100vw, 800px\"\/><\/noscript><\/a><\/figure>\n<figure class=\"wp-block-image size-full\"><a href=\"https:\/\/www.de-paseo.com\/queretaro\/wp-content\/uploads\/2023\/06\/festival-haciendas-vinedos-marques-blog-3.jpg\" target=\"_blank\" rel=\"noopener\"><img loading=\"lazy\" decoding=\"async\" width=\"800\" height=\"533\" data-id=\"61304\" src=\"https:\/\/www.de-paseo.com\/queretaro\/wp-content\/uploads\/2023\/06\/festival-haciendas-vinedos-marques-blog-3.jpg\" alt=\"\" class=\"wp-image-61304 lazyload\" srcset=\"https:\/\/www.de-paseo.com\/queretaro\/wp-content\/uploads\/2023\/06\/festival-haciendas-vinedos-marques-blog-3.jpg 800w, https:\/\/www.de-paseo.com\/queretaro\/wp-content\/uploads\/2023\/06\/festival-haciendas-vinedos-marques-blog-3-300x200.jpg 300w, https:\/\/www.de-paseo.com\/queretaro\/wp-content\/uploads\/2023\/06\/festival-haciendas-vinedos-marques-blog-3-768x512.jpg 768w\" sizes=\"auto, (max-width: 800px) 100vw, 800px\"\/><noscript><img loading=\"lazy\" decoding=\"async\" width=\"800\" height=\"533\" data-id=\"61304\" src=\"https:\/\/www.de-paseo.com\/queretaro\/wp-content\/uploads\/2023\/06\/festival-haciendas-vinedos-marques-blog-3.jpg\" alt=\"\" class=\"wp-image-61304 lazyload\" srcset=\"https:\/\/www.de-paseo.com\/queretaro\/wp-content\/uploads\/2023\/06\/festival-haciendas-vinedos-marques-blog-3.jpg 800w, https:\/\/www.de-paseo.com\/queretaro\/wp-content\/uploads\/2023\/06\/festival-haciendas-vinedos-marques-blog-3-300x200.jpg 300w, https:\/\/www.de-paseo.com\/queretaro\/wp-content\/uploads\/2023\/06\/festival-haciendas-vinedos-marques-blog-3-768x512.jpg 768w\" sizes=\"auto, (max-width: 800px) 100vw, 800px\"\/><\/noscript><\/a><\/figure>\n<figure class=\"wp-block-image size-full\"><a href=\"https:\/\/www.de-paseo.com\/queretaro\/wp-content\/uploads\/2023\/06\/festival-haciendas-vinedos-marques-blog-1.jpg\" target=\"_blank\" rel=\"noopener\"><img loading=\"lazy\" decoding=\"async\" width=\"800\" height=\"533\" data-id=\"61305\" src=\"https:\/\/www.de-paseo.com\/queretaro\/wp-content\/uploads\/2023\/06\/festival-haciendas-vinedos-marques-blog-1.jpg\" alt=\"\" class=\"wp-image-61305 lazyload\" srcset=\"https:\/\/www.de-paseo.com\/queretaro\/wp-content\/uploads\/2023\/06\/festival-haciendas-vinedos-marques-blog-1.jpg 800w, https:\/\/www.de-paseo.com\/queretaro\/wp-content\/uploads\/2023\/06\/festival-haciendas-vinedos-marques-blog-1-300x200.jpg 300w, https:\/\/www.de-paseo.com\/queretaro\/wp-content\/uploads\/2023\/06\/festival-haciendas-vinedos-marques-blog-1-768x512.jpg 768w\" sizes=\"auto, (max-width: 800px) 100vw, 800px\"\/><noscript><img loading=\"lazy\" decoding=\"async\" width=\"800\" height=\"533\" data-id=\"61305\" src=\"https:\/\/www.de-paseo.com\/queretaro\/wp-content\/uploads\/2023\/06\/festival-haciendas-vinedos-marques-blog-1.jpg\" alt=\"\" class=\"wp-image-61305 lazyload\" srcset=\"https:\/\/www.de-paseo.com\/queretaro\/wp-content\/uploads\/2023\/06\/festival-haciendas-vinedos-marques-blog-1.jpg 800w, https:\/\/www.de-paseo.com\/queretaro\/wp-content\/uploads\/2023\/06\/festival-haciendas-vinedos-marques-blog-1-300x200.jpg 300w, https:\/\/www.de-paseo.com\/queretaro\/wp-content\/uploads\/2023\/06\/festival-haciendas-vinedos-marques-blog-1-768x512.jpg 768w\" sizes=\"auto, (max-width: 800px) 100vw, 800px\"\/><\/noscript><\/a><\/figure>\n<\/figure>\n<p>As\u00ed, familias y amigos pudieron disfrutar de un gran evento, comenzando por el bello escenario de Hacienda Amazcala donde una gran carpa delimitaba la zona para que los adultos pudieran sentarse y departir. \u00a1Y vaya que se agradec\u00eda la sombra!.<\/p>\n<p>El evento comenz\u00f3 con un agradecimiento a la madre tierra por sus bondades para el crecimiento de la vid , mediante un interesante y llamativo espect\u00e1culo por parte del Grupo Aztl\u00e1n quienes agradecieron a la tierra, seguido de un incre\u00edble show con Caballos de Alta Escuela de Hacienda Atongo.<\/p>\n<figure class=\"wp-block-gallery has-nested-images columns-2 is-cropped wp-block-gallery-3 is-layout-flex\">\n<figure class=\"wp-block-image size-full\"><a href=\"https:\/\/www.de-paseo.com\/queretaro\/wp-content\/uploads\/2023\/06\/festival-haciendas-vinedos-marques-blog-3b.jpg\" target=\"_blank\" rel=\"noopener\"><img loading=\"lazy\" decoding=\"async\" width=\"800\" height=\"533\" data-id=\"61307\" src=\"https:\/\/www.de-paseo.com\/queretaro\/wp-content\/uploads\/2023\/06\/festival-haciendas-vinedos-marques-blog-3b.jpg\" alt=\"\" class=\"wp-image-61307 lazyload\" srcset=\"https:\/\/www.de-paseo.com\/queretaro\/wp-content\/uploads\/2023\/06\/festival-haciendas-vinedos-marques-blog-3b.jpg 800w, https:\/\/www.de-paseo.com\/queretaro\/wp-content\/uploads\/2023\/06\/festival-haciendas-vinedos-marques-blog-3b-300x200.jpg 300w, https:\/\/www.de-paseo.com\/queretaro\/wp-content\/uploads\/2023\/06\/festival-haciendas-vinedos-marques-blog-3b-768x512.jpg 768w\" sizes=\"auto, (max-width: 800px) 100vw, 800px\"\/><noscript><img loading=\"lazy\" decoding=\"async\" width=\"800\" height=\"533\" data-id=\"61307\" src=\"https:\/\/www.de-paseo.com\/queretaro\/wp-content\/uploads\/2023\/06\/festival-haciendas-vinedos-marques-blog-3b.jpg\" alt=\"\" class=\"wp-image-61307 lazyload\" srcset=\"https:\/\/www.de-paseo.com\/queretaro\/wp-content\/uploads\/2023\/06\/festival-haciendas-vinedos-marques-blog-3b.jpg 800w, https:\/\/www.de-paseo.com\/queretaro\/wp-content\/uploads\/2023\/06\/festival-haciendas-vinedos-marques-blog-3b-300x200.jpg 300w, https:\/\/www.de-paseo.com\/queretaro\/wp-content\/uploads\/2023\/06\/festival-haciendas-vinedos-marques-blog-3b-768x512.jpg 768w\" sizes=\"auto, (max-width: 800px) 100vw, 800px\"\/><\/noscript><\/a><\/figure>\n<figure class=\"wp-block-image size-full\"><a href=\"https:\/\/www.de-paseo.com\/queretaro\/wp-content\/uploads\/2023\/06\/festival-haciendas-vinedos-marques-blog-4.jpg\" target=\"_blank\" rel=\"noopener\"><img loading=\"lazy\" decoding=\"async\" width=\"800\" height=\"533\" data-id=\"61306\" src=\"https:\/\/www.de-paseo.com\/queretaro\/wp-content\/uploads\/2023\/06\/festival-haciendas-vinedos-marques-blog-4.jpg\" alt=\"\" class=\"wp-image-61306 lazyload\" srcset=\"https:\/\/www.de-paseo.com\/queretaro\/wp-content\/uploads\/2023\/06\/festival-haciendas-vinedos-marques-blog-4.jpg 800w, https:\/\/www.de-paseo.com\/queretaro\/wp-content\/uploads\/2023\/06\/festival-haciendas-vinedos-marques-blog-4-300x200.jpg 300w, https:\/\/www.de-paseo.com\/queretaro\/wp-content\/uploads\/2023\/06\/festival-haciendas-vinedos-marques-blog-4-768x512.jpg 768w\" sizes=\"auto, (max-width: 800px) 100vw, 800px\"\/><noscript><img loading=\"lazy\" decoding=\"async\" width=\"800\" height=\"533\" data-id=\"61306\" src=\"https:\/\/www.de-paseo.com\/queretaro\/wp-content\/uploads\/2023\/06\/festival-haciendas-vinedos-marques-blog-4.jpg\" alt=\"\" class=\"wp-image-61306 lazyload\" srcset=\"https:\/\/www.de-paseo.com\/queretaro\/wp-content\/uploads\/2023\/06\/festival-haciendas-vinedos-marques-blog-4.jpg 800w, https:\/\/www.de-paseo.com\/queretaro\/wp-content\/uploads\/2023\/06\/festival-haciendas-vinedos-marques-blog-4-300x200.jpg 300w, https:\/\/www.de-paseo.com\/queretaro\/wp-content\/uploads\/2023\/06\/festival-haciendas-vinedos-marques-blog-4-768x512.jpg 768w\" sizes=\"auto, (max-width: 800px) 100vw, 800px\"\/><\/noscript><\/a><\/figure>\n<figure class=\"wp-block-image size-full\"><a href=\"https:\/\/www.de-paseo.com\/queretaro\/wp-content\/uploads\/2023\/06\/festival-haciendas-vinedos-marques-blog-5.jpg\" target=\"_blank\" rel=\"noopener\"><img loading=\"lazy\" decoding=\"async\" width=\"800\" height=\"533\" data-id=\"61308\" src=\"https:\/\/www.de-paseo.com\/queretaro\/wp-content\/uploads\/2023\/06\/festival-haciendas-vinedos-marques-blog-5.jpg\" alt=\"\" class=\"wp-image-61308 lazyload\" srcset=\"https:\/\/www.de-paseo.com\/queretaro\/wp-content\/uploads\/2023\/06\/festival-haciendas-vinedos-marques-blog-5.jpg 800w, https:\/\/www.de-paseo.com\/queretaro\/wp-content\/uploads\/2023\/06\/festival-haciendas-vinedos-marques-blog-5-300x200.jpg 300w, https:\/\/www.de-paseo.com\/queretaro\/wp-content\/uploads\/2023\/06\/festival-haciendas-vinedos-marques-blog-5-768x512.jpg 768w\" sizes=\"auto, (max-width: 800px) 100vw, 800px\"\/><noscript><img loading=\"lazy\" decoding=\"async\" width=\"800\" height=\"533\" data-id=\"61308\" src=\"https:\/\/www.de-paseo.com\/queretaro\/wp-content\/uploads\/2023\/06\/festival-haciendas-vinedos-marques-blog-5.jpg\" alt=\"\" class=\"wp-image-61308 lazyload\" srcset=\"https:\/\/www.de-paseo.com\/queretaro\/wp-content\/uploads\/2023\/06\/festival-haciendas-vinedos-marques-blog-5.jpg 800w, https:\/\/www.de-paseo.com\/queretaro\/wp-content\/uploads\/2023\/06\/festival-haciendas-vinedos-marques-blog-5-300x200.jpg 300w, https:\/\/www.de-paseo.com\/queretaro\/wp-content\/uploads\/2023\/06\/festival-haciendas-vinedos-marques-blog-5-768x512.jpg 768w\" sizes=\"auto, (max-width: 800px) 100vw, 800px\"\/><\/noscript><\/a><\/figure>\n<figure class=\"wp-block-image size-full\"><a href=\"https:\/\/www.de-paseo.com\/queretaro\/wp-content\/uploads\/2023\/06\/festival-haciendas-vinedos-marques-blog-6.jpg\" target=\"_blank\" rel=\"noopener\"><img loading=\"lazy\" decoding=\"async\" width=\"800\" height=\"533\" data-id=\"61309\" src=\"https:\/\/www.de-paseo.com\/queretaro\/wp-content\/uploads\/2023\/06\/festival-haciendas-vinedos-marques-blog-6.jpg\" alt=\"\" class=\"wp-image-61309 lazyload\" srcset=\"https:\/\/www.de-paseo.com\/queretaro\/wp-content\/uploads\/2023\/06\/festival-haciendas-vinedos-marques-blog-6.jpg 800w, https:\/\/www.de-paseo.com\/queretaro\/wp-content\/uploads\/2023\/06\/festival-haciendas-vinedos-marques-blog-6-300x200.jpg 300w, https:\/\/www.de-paseo.com\/queretaro\/wp-content\/uploads\/2023\/06\/festival-haciendas-vinedos-marques-blog-6-768x512.jpg 768w\" sizes=\"auto, (max-width: 800px) 100vw, 800px\"\/><noscript><img loading=\"lazy\" decoding=\"async\" width=\"800\" height=\"533\" data-id=\"61309\" src=\"https:\/\/www.de-paseo.com\/queretaro\/wp-content\/uploads\/2023\/06\/festival-haciendas-vinedos-marques-blog-6.jpg\" alt=\"\" class=\"wp-image-61309 lazyload\" srcset=\"https:\/\/www.de-paseo.com\/queretaro\/wp-content\/uploads\/2023\/06\/festival-haciendas-vinedos-marques-blog-6.jpg 800w, https:\/\/www.de-paseo.com\/queretaro\/wp-content\/uploads\/2023\/06\/festival-haciendas-vinedos-marques-blog-6-300x200.jpg 300w, https:\/\/www.de-paseo.com\/queretaro\/wp-content\/uploads\/2023\/06\/festival-haciendas-vinedos-marques-blog-6-768x512.jpg 768w\" sizes=\"auto, (max-width: 800px) 100vw, 800px\"\/><\/noscript><\/a><\/figure>\n<\/figure>\n<figure class=\"wp-block-gallery has-nested-images columns-2 is-cropped wp-block-gallery-5 is-layout-flex\">\n<figure class=\"wp-block-image size-large\"><a href=\"https:\/\/www.de-paseo.com\/queretaro\/wp-content\/uploads\/2023\/06\/festival-haciendas-vinedos-marques-blog-1-1.jpg\" target=\"_blank\" rel=\"noopener\"><img loading=\"lazy\" decoding=\"async\" width=\"800\" height=\"533\" data-id=\"61312\" src=\"https:\/\/www.de-paseo.com\/queretaro\/wp-content\/uploads\/2023\/06\/festival-haciendas-vinedos-marques-blog-1-1.jpg\" alt=\"\" class=\"wp-image-61312 lazyload\" srcset=\"https:\/\/www.de-paseo.com\/queretaro\/wp-content\/uploads\/2023\/06\/festival-haciendas-vinedos-marques-blog-1-1.jpg 800w, https:\/\/www.de-paseo.com\/queretaro\/wp-content\/uploads\/2023\/06\/festival-haciendas-vinedos-marques-blog-1-1-300x200.jpg 300w, https:\/\/www.de-paseo.com\/queretaro\/wp-content\/uploads\/2023\/06\/festival-haciendas-vinedos-marques-blog-1-1-768x512.jpg 768w\" sizes=\"auto, (max-width: 800px) 100vw, 800px\"\/><noscript><img loading=\"lazy\" decoding=\"async\" width=\"800\" height=\"533\" data-id=\"61312\" src=\"https:\/\/www.de-paseo.com\/queretaro\/wp-content\/uploads\/2023\/06\/festival-haciendas-vinedos-marques-blog-1-1.jpg\" alt=\"\" class=\"wp-image-61312 lazyload\" srcset=\"https:\/\/www.de-paseo.com\/queretaro\/wp-content\/uploads\/2023\/06\/festival-haciendas-vinedos-marques-blog-1-1.jpg 800w, https:\/\/www.de-paseo.com\/queretaro\/wp-content\/uploads\/2023\/06\/festival-haciendas-vinedos-marques-blog-1-1-300x200.jpg 300w, https:\/\/www.de-paseo.com\/queretaro\/wp-content\/uploads\/2023\/06\/festival-haciendas-vinedos-marques-blog-1-1-768x512.jpg 768w\" sizes=\"auto, (max-width: 800px) 100vw, 800px\"\/><\/noscript><\/a><\/figure>\n<figure class=\"wp-block-image size-large\"><a href=\"https:\/\/www.de-paseo.com\/queretaro\/wp-content\/uploads\/2023\/06\/festival-haciendas-vinedos-marques-blog-2-1.jpg\" target=\"_blank\" rel=\"noopener\"><img loading=\"lazy\" decoding=\"async\" width=\"800\" height=\"533\" data-id=\"61314\" src=\"https:\/\/www.de-paseo.com\/queretaro\/wp-content\/uploads\/2023\/06\/festival-haciendas-vinedos-marques-blog-2-1.jpg\" alt=\"\" class=\"wp-image-61314 lazyload\" srcset=\"https:\/\/www.de-paseo.com\/queretaro\/wp-content\/uploads\/2023\/06\/festival-haciendas-vinedos-marques-blog-2-1.jpg 800w, https:\/\/www.de-paseo.com\/queretaro\/wp-content\/uploads\/2023\/06\/festival-haciendas-vinedos-marques-blog-2-1-300x200.jpg 300w, https:\/\/www.de-paseo.com\/queretaro\/wp-content\/uploads\/2023\/06\/festival-haciendas-vinedos-marques-blog-2-1-768x512.jpg 768w\" sizes=\"auto, (max-width: 800px) 100vw, 800px\"\/><noscript><img loading=\"lazy\" decoding=\"async\" width=\"800\" height=\"533\" data-id=\"61314\" src=\"https:\/\/www.de-paseo.com\/queretaro\/wp-content\/uploads\/2023\/06\/festival-haciendas-vinedos-marques-blog-2-1.jpg\" alt=\"\" class=\"wp-image-61314 lazyload\" srcset=\"https:\/\/www.de-paseo.com\/queretaro\/wp-content\/uploads\/2023\/06\/festival-haciendas-vinedos-marques-blog-2-1.jpg 800w, https:\/\/www.de-paseo.com\/queretaro\/wp-content\/uploads\/2023\/06\/festival-haciendas-vinedos-marques-blog-2-1-300x200.jpg 300w, https:\/\/www.de-paseo.com\/queretaro\/wp-content\/uploads\/2023\/06\/festival-haciendas-vinedos-marques-blog-2-1-768x512.jpg 768w\" sizes=\"auto, (max-width: 800px) 100vw, 800px\"\/><\/noscript><\/a><\/figure>\n<figure class=\"wp-block-image size-large\"><a href=\"https:\/\/www.de-paseo.com\/queretaro\/wp-content\/uploads\/2023\/06\/festival-haciendas-vinedos-marques-blog-3-1.jpg\" target=\"_blank\" rel=\"noopener\"><img loading=\"lazy\" decoding=\"async\" width=\"800\" height=\"533\" data-id=\"61315\" src=\"https:\/\/www.de-paseo.com\/queretaro\/wp-content\/uploads\/2023\/06\/festival-haciendas-vinedos-marques-blog-3-1.jpg\" alt=\"\" class=\"wp-image-61315 lazyload\" srcset=\"https:\/\/www.de-paseo.com\/queretaro\/wp-content\/uploads\/2023\/06\/festival-haciendas-vinedos-marques-blog-3-1.jpg 800w, https:\/\/www.de-paseo.com\/queretaro\/wp-content\/uploads\/2023\/06\/festival-haciendas-vinedos-marques-blog-3-1-300x200.jpg 300w, https:\/\/www.de-paseo.com\/queretaro\/wp-content\/uploads\/2023\/06\/festival-haciendas-vinedos-marques-blog-3-1-768x512.jpg 768w\" sizes=\"auto, (max-width: 800px) 100vw, 800px\"\/><noscript><img loading=\"lazy\" decoding=\"async\" width=\"800\" height=\"533\" data-id=\"61315\" src=\"https:\/\/www.de-paseo.com\/queretaro\/wp-content\/uploads\/2023\/06\/festival-haciendas-vinedos-marques-blog-3-1.jpg\" alt=\"\" class=\"wp-image-61315 lazyload\" srcset=\"https:\/\/www.de-paseo.com\/queretaro\/wp-content\/uploads\/2023\/06\/festival-haciendas-vinedos-marques-blog-3-1.jpg 800w, https:\/\/www.de-paseo.com\/queretaro\/wp-content\/uploads\/2023\/06\/festival-haciendas-vinedos-marques-blog-3-1-300x200.jpg 300w, https:\/\/www.de-paseo.com\/queretaro\/wp-content\/uploads\/2023\/06\/festival-haciendas-vinedos-marques-blog-3-1-768x512.jpg 768w\" sizes=\"auto, (max-width: 800px) 100vw, 800px\"\/><\/noscript><\/a><\/figure>\n<figure class=\"wp-block-image size-large\"><a href=\"https:\/\/www.de-paseo.com\/queretaro\/wp-content\/uploads\/2023\/06\/festival-haciendas-vinedos-marques-blog-4-1.jpg\" target=\"_blank\" rel=\"noopener\"><img loading=\"lazy\" decoding=\"async\" width=\"800\" height=\"533\" data-id=\"61313\" src=\"https:\/\/www.de-paseo.com\/queretaro\/wp-content\/uploads\/2023\/06\/festival-haciendas-vinedos-marques-blog-4-1.jpg\" alt=\"\" class=\"wp-image-61313 lazyload\" srcset=\"https:\/\/www.de-paseo.com\/queretaro\/wp-content\/uploads\/2023\/06\/festival-haciendas-vinedos-marques-blog-4-1.jpg 800w, https:\/\/www.de-paseo.com\/queretaro\/wp-content\/uploads\/2023\/06\/festival-haciendas-vinedos-marques-blog-4-1-300x200.jpg 300w, https:\/\/www.de-paseo.com\/queretaro\/wp-content\/uploads\/2023\/06\/festival-haciendas-vinedos-marques-blog-4-1-768x512.jpg 768w\" sizes=\"auto, (max-width: 800px) 100vw, 800px\"\/><noscript><img loading=\"lazy\" decoding=\"async\" width=\"800\" height=\"533\" data-id=\"61313\" src=\"https:\/\/www.de-paseo.com\/queretaro\/wp-content\/uploads\/2023\/06\/festival-haciendas-vinedos-marques-blog-4-1.jpg\" alt=\"\" class=\"wp-image-61313 lazyload\" srcset=\"https:\/\/www.de-paseo.com\/queretaro\/wp-content\/uploads\/2023\/06\/festival-haciendas-vinedos-marques-blog-4-1.jpg 800w, https:\/\/www.de-paseo.com\/queretaro\/wp-content\/uploads\/2023\/06\/festival-haciendas-vinedos-marques-blog-4-1-300x200.jpg 300w, https:\/\/www.de-paseo.com\/queretaro\/wp-content\/uploads\/2023\/06\/festival-haciendas-vinedos-marques-blog-4-1-768x512.jpg 768w\" sizes=\"auto, (max-width: 800px) 100vw, 800px\"\/><\/noscript><\/a><\/figure>\n<\/figure>\n<p>Perfectamente organizado, el evento contaba adem\u00e1s con un espacio para compra de alimentos preparados por las haciendas y restaurantes de la zona del Marqu\u00e9s y otra para compra de vinos con una gran cantidad de etiquetas, por supuesto todos ellos tambi\u00e9n del Municipio del Marqu\u00e9s.<\/p>\n<figure class=\"wp-block-gallery has-nested-images columns-2 is-cropped wp-block-gallery-7 is-layout-flex\">\n<figure class=\"wp-block-image size-large\"><a href=\"https:\/\/www.de-paseo.com\/queretaro\/wp-content\/uploads\/2023\/06\/festival-haciendas-vinedos-marques-blog-amazcala.jpg\" target=\"_blank\" rel=\"noopener\"><img loading=\"lazy\" decoding=\"async\" width=\"800\" height=\"533\" data-id=\"61316\" src=\"https:\/\/www.de-paseo.com\/queretaro\/wp-content\/uploads\/2023\/06\/festival-haciendas-vinedos-marques-blog-amazcala.jpg\" alt=\"\" class=\"wp-image-61316 lazyload\" srcset=\"https:\/\/www.de-paseo.com\/queretaro\/wp-content\/uploads\/2023\/06\/festival-haciendas-vinedos-marques-blog-amazcala.jpg 800w, https:\/\/www.de-paseo.com\/queretaro\/wp-content\/uploads\/2023\/06\/festival-haciendas-vinedos-marques-blog-amazcala-300x200.jpg 300w, https:\/\/www.de-paseo.com\/queretaro\/wp-content\/uploads\/2023\/06\/festival-haciendas-vinedos-marques-blog-amazcala-768x512.jpg 768w\" sizes=\"auto, (max-width: 800px) 100vw, 800px\"\/><noscript><img loading=\"lazy\" decoding=\"async\" width=\"800\" height=\"533\" data-id=\"61316\" src=\"https:\/\/www.de-paseo.com\/queretaro\/wp-content\/uploads\/2023\/06\/festival-haciendas-vinedos-marques-blog-amazcala.jpg\" alt=\"\" class=\"wp-image-61316 lazyload\" srcset=\"https:\/\/www.de-paseo.com\/queretaro\/wp-content\/uploads\/2023\/06\/festival-haciendas-vinedos-marques-blog-amazcala.jpg 800w, https:\/\/www.de-paseo.com\/queretaro\/wp-content\/uploads\/2023\/06\/festival-haciendas-vinedos-marques-blog-amazcala-300x200.jpg 300w, https:\/\/www.de-paseo.com\/queretaro\/wp-content\/uploads\/2023\/06\/festival-haciendas-vinedos-marques-blog-amazcala-768x512.jpg 768w\" sizes=\"auto, (max-width: 800px) 100vw, 800px\"\/><\/noscript><\/a><\/figure>\n<figure class=\"wp-block-image size-large\"><a href=\"https:\/\/www.de-paseo.com\/queretaro\/wp-content\/uploads\/2023\/06\/festival-haciendas-vinedos-marques-blog-atongo.jpg\" target=\"_blank\" rel=\"noopener\"><img loading=\"lazy\" decoding=\"async\" width=\"800\" height=\"533\" data-id=\"61318\" src=\"https:\/\/www.de-paseo.com\/queretaro\/wp-content\/uploads\/2023\/06\/festival-haciendas-vinedos-marques-blog-atongo.jpg\" alt=\"\" class=\"wp-image-61318 lazyload\" srcset=\"https:\/\/www.de-paseo.com\/queretaro\/wp-content\/uploads\/2023\/06\/festival-haciendas-vinedos-marques-blog-atongo.jpg 800w, https:\/\/www.de-paseo.com\/queretaro\/wp-content\/uploads\/2023\/06\/festival-haciendas-vinedos-marques-blog-atongo-300x200.jpg 300w, https:\/\/www.de-paseo.com\/queretaro\/wp-content\/uploads\/2023\/06\/festival-haciendas-vinedos-marques-blog-atongo-768x512.jpg 768w\" sizes=\"auto, (max-width: 800px) 100vw, 800px\"\/><noscript><img loading=\"lazy\" decoding=\"async\" width=\"800\" height=\"533\" data-id=\"61318\" src=\"https:\/\/www.de-paseo.com\/queretaro\/wp-content\/uploads\/2023\/06\/festival-haciendas-vinedos-marques-blog-atongo.jpg\" alt=\"\" class=\"wp-image-61318 lazyload\" srcset=\"https:\/\/www.de-paseo.com\/queretaro\/wp-content\/uploads\/2023\/06\/festival-haciendas-vinedos-marques-blog-atongo.jpg 800w, https:\/\/www.de-paseo.com\/queretaro\/wp-content\/uploads\/2023\/06\/festival-haciendas-vinedos-marques-blog-atongo-300x200.jpg 300w, https:\/\/www.de-paseo.com\/queretaro\/wp-content\/uploads\/2023\/06\/festival-haciendas-vinedos-marques-blog-atongo-768x512.jpg 768w\" sizes=\"auto, (max-width: 800px) 100vw, 800px\"\/><\/noscript><\/a><\/figure>\n<figure class=\"wp-block-image size-large\"><a href=\"https:\/\/www.de-paseo.com\/queretaro\/wp-content\/uploads\/2023\/06\/festival-haciendas-vinedos-marques-blog-del-polo.jpg\" target=\"_blank\" rel=\"noopener\"><img loading=\"lazy\" decoding=\"async\" width=\"800\" height=\"533\" data-id=\"61319\" src=\"https:\/\/www.de-paseo.com\/queretaro\/wp-content\/uploads\/2023\/06\/festival-haciendas-vinedos-marques-blog-del-polo.jpg\" alt=\"\" class=\"wp-image-61319 lazyload\" srcset=\"https:\/\/www.de-paseo.com\/queretaro\/wp-content\/uploads\/2023\/06\/festival-haciendas-vinedos-marques-blog-del-polo.jpg 800w, https:\/\/www.de-paseo.com\/queretaro\/wp-content\/uploads\/2023\/06\/festival-haciendas-vinedos-marques-blog-del-polo-300x200.jpg 300w, https:\/\/www.de-paseo.com\/queretaro\/wp-content\/uploads\/2023\/06\/festival-haciendas-vinedos-marques-blog-del-polo-768x512.jpg 768w\" sizes=\"auto, (max-width: 800px) 100vw, 800px\"\/><noscript><img loading=\"lazy\" decoding=\"async\" width=\"800\" height=\"533\" data-id=\"61319\" src=\"https:\/\/www.de-paseo.com\/queretaro\/wp-content\/uploads\/2023\/06\/festival-haciendas-vinedos-marques-blog-del-polo.jpg\" alt=\"\" class=\"wp-image-61319 lazyload\" srcset=\"https:\/\/www.de-paseo.com\/queretaro\/wp-content\/uploads\/2023\/06\/festival-haciendas-vinedos-marques-blog-del-polo.jpg 800w, https:\/\/www.de-paseo.com\/queretaro\/wp-content\/uploads\/2023\/06\/festival-haciendas-vinedos-marques-blog-del-polo-300x200.jpg 300w, https:\/\/www.de-paseo.com\/queretaro\/wp-content\/uploads\/2023\/06\/festival-haciendas-vinedos-marques-blog-del-polo-768x512.jpg 768w\" sizes=\"auto, (max-width: 800px) 100vw, 800px\"\/><\/noscript><\/a><\/figure>\n<figure class=\"wp-block-image size-large\"><a href=\"https:\/\/www.de-paseo.com\/queretaro\/wp-content\/uploads\/2023\/06\/festival-haciendas-vinedos-marques-blog-el-marques.jpg\" target=\"_blank\" rel=\"noopener\"><img loading=\"lazy\" decoding=\"async\" width=\"800\" height=\"533\" data-id=\"61322\" src=\"https:\/\/www.de-paseo.com\/queretaro\/wp-content\/uploads\/2023\/06\/festival-haciendas-vinedos-marques-blog-el-marques.jpg\" alt=\"\" class=\"wp-image-61322 lazyload\" srcset=\"https:\/\/www.de-paseo.com\/queretaro\/wp-content\/uploads\/2023\/06\/festival-haciendas-vinedos-marques-blog-el-marques.jpg 800w, https:\/\/www.de-paseo.com\/queretaro\/wp-content\/uploads\/2023\/06\/festival-haciendas-vinedos-marques-blog-el-marques-300x200.jpg 300w, https:\/\/www.de-paseo.com\/queretaro\/wp-content\/uploads\/2023\/06\/festival-haciendas-vinedos-marques-blog-el-marques-768x512.jpg 768w\" sizes=\"auto, (max-width: 800px) 100vw, 800px\"\/><noscript><img loading=\"lazy\" decoding=\"async\" width=\"800\" height=\"533\" data-id=\"61322\" src=\"https:\/\/www.de-paseo.com\/queretaro\/wp-content\/uploads\/2023\/06\/festival-haciendas-vinedos-marques-blog-el-marques.jpg\" alt=\"\" class=\"wp-image-61322 lazyload\" srcset=\"https:\/\/www.de-paseo.com\/queretaro\/wp-content\/uploads\/2023\/06\/festival-haciendas-vinedos-marques-blog-el-marques.jpg 800w, https:\/\/www.de-paseo.com\/queretaro\/wp-content\/uploads\/2023\/06\/festival-haciendas-vinedos-marques-blog-el-marques-300x200.jpg 300w, https:\/\/www.de-paseo.com\/queretaro\/wp-content\/uploads\/2023\/06\/festival-haciendas-vinedos-marques-blog-el-marques-768x512.jpg 768w\" sizes=\"auto, (max-width: 800px) 100vw, 800px\"\/><\/noscript><\/a><\/figure>\n<figure class=\"wp-block-image size-large\"><a href=\"https:\/\/www.de-paseo.com\/queretaro\/wp-content\/uploads\/2023\/06\/festival-haciendas-vinedos-marques-blog-escuela-de-vino.jpg\" target=\"_blank\" rel=\"noopener\"><img loading=\"lazy\" decoding=\"async\" width=\"800\" height=\"533\" data-id=\"61320\" src=\"https:\/\/www.de-paseo.com\/queretaro\/wp-content\/uploads\/2023\/06\/festival-haciendas-vinedos-marques-blog-escuela-de-vino.jpg\" alt=\"\" class=\"wp-image-61320 lazyload\" srcset=\"https:\/\/www.de-paseo.com\/queretaro\/wp-content\/uploads\/2023\/06\/festival-haciendas-vinedos-marques-blog-escuela-de-vino.jpg 800w, https:\/\/www.de-paseo.com\/queretaro\/wp-content\/uploads\/2023\/06\/festival-haciendas-vinedos-marques-blog-escuela-de-vino-300x200.jpg 300w, https:\/\/www.de-paseo.com\/queretaro\/wp-content\/uploads\/2023\/06\/festival-haciendas-vinedos-marques-blog-escuela-de-vino-768x512.jpg 768w\" sizes=\"auto, (max-width: 800px) 100vw, 800px\"\/><noscript><img loading=\"lazy\" decoding=\"async\" width=\"800\" height=\"533\" data-id=\"61320\" src=\"https:\/\/www.de-paseo.com\/queretaro\/wp-content\/uploads\/2023\/06\/festival-haciendas-vinedos-marques-blog-escuela-de-vino.jpg\" alt=\"\" class=\"wp-image-61320 lazyload\" srcset=\"https:\/\/www.de-paseo.com\/queretaro\/wp-content\/uploads\/2023\/06\/festival-haciendas-vinedos-marques-blog-escuela-de-vino.jpg 800w, https:\/\/www.de-paseo.com\/queretaro\/wp-content\/uploads\/2023\/06\/festival-haciendas-vinedos-marques-blog-escuela-de-vino-300x200.jpg 300w, https:\/\/www.de-paseo.com\/queretaro\/wp-content\/uploads\/2023\/06\/festival-haciendas-vinedos-marques-blog-escuela-de-vino-768x512.jpg 768w\" sizes=\"auto, (max-width: 800px) 100vw, 800px\"\/><\/noscript><\/a><\/figure>\n<figure class=\"wp-block-image size-large\"><a href=\"https:\/\/www.de-paseo.com\/queretaro\/wp-content\/uploads\/2023\/06\/festival-haciendas-vinedos-marques-blog-finca-ancestra.jpg\" target=\"_blank\" rel=\"noopener\"><img loading=\"lazy\" decoding=\"async\" width=\"800\" height=\"533\" data-id=\"61317\" src=\"https:\/\/www.de-paseo.com\/queretaro\/wp-content\/uploads\/2023\/06\/festival-haciendas-vinedos-marques-blog-finca-ancestra.jpg\" alt=\"\" class=\"wp-image-61317 lazyload\" srcset=\"https:\/\/www.de-paseo.com\/queretaro\/wp-content\/uploads\/2023\/06\/festival-haciendas-vinedos-marques-blog-finca-ancestra.jpg 800w, https:\/\/www.de-paseo.com\/queretaro\/wp-content\/uploads\/2023\/06\/festival-haciendas-vinedos-marques-blog-finca-ancestra-300x200.jpg 300w, https:\/\/www.de-paseo.com\/queretaro\/wp-content\/uploads\/2023\/06\/festival-haciendas-vinedos-marques-blog-finca-ancestra-768x512.jpg 768w\" sizes=\"auto, (max-width: 800px) 100vw, 800px\"\/><noscript><img loading=\"lazy\" decoding=\"async\" width=\"800\" height=\"533\" data-id=\"61317\" src=\"https:\/\/www.de-paseo.com\/queretaro\/wp-content\/uploads\/2023\/06\/festival-haciendas-vinedos-marques-blog-finca-ancestra.jpg\" alt=\"\" class=\"wp-image-61317 lazyload\" srcset=\"https:\/\/www.de-paseo.com\/queretaro\/wp-content\/uploads\/2023\/06\/festival-haciendas-vinedos-marques-blog-finca-ancestra.jpg 800w, https:\/\/www.de-paseo.com\/queretaro\/wp-content\/uploads\/2023\/06\/festival-haciendas-vinedos-marques-blog-finca-ancestra-300x200.jpg 300w, https:\/\/www.de-paseo.com\/queretaro\/wp-content\/uploads\/2023\/06\/festival-haciendas-vinedos-marques-blog-finca-ancestra-768x512.jpg 768w\" sizes=\"auto, (max-width: 800px) 100vw, 800px\"\/><\/noscript><\/a><\/figure>\n<figure class=\"wp-block-image size-large\"><a href=\"https:\/\/www.de-paseo.com\/queretaro\/wp-content\/uploads\/2023\/06\/festival-haciendas-vinedos-marques-blog-maria-y-bernardo-.jpg\" target=\"_blank\" rel=\"noopener\"><img loading=\"lazy\" decoding=\"async\" width=\"800\" height=\"533\" data-id=\"61323\" src=\"https:\/\/www.de-paseo.com\/queretaro\/wp-content\/uploads\/2023\/06\/festival-haciendas-vinedos-marques-blog-maria-y-bernardo-.jpg\" alt=\"\" class=\"wp-image-61323 lazyload\" srcset=\"https:\/\/www.de-paseo.com\/queretaro\/wp-content\/uploads\/2023\/06\/festival-haciendas-vinedos-marques-blog-maria-y-bernardo-.jpg 800w, https:\/\/www.de-paseo.com\/queretaro\/wp-content\/uploads\/2023\/06\/festival-haciendas-vinedos-marques-blog-maria-y-bernardo--300x200.jpg 300w, https:\/\/www.de-paseo.com\/queretaro\/wp-content\/uploads\/2023\/06\/festival-haciendas-vinedos-marques-blog-maria-y-bernardo--768x512.jpg 768w\" sizes=\"auto, (max-width: 800px) 100vw, 800px\"\/><noscript><img loading=\"lazy\" decoding=\"async\" width=\"800\" height=\"533\" data-id=\"61323\" src=\"https:\/\/www.de-paseo.com\/queretaro\/wp-content\/uploads\/2023\/06\/festival-haciendas-vinedos-marques-blog-maria-y-bernardo-.jpg\" alt=\"\" class=\"wp-image-61323 lazyload\" srcset=\"https:\/\/www.de-paseo.com\/queretaro\/wp-content\/uploads\/2023\/06\/festival-haciendas-vinedos-marques-blog-maria-y-bernardo-.jpg 800w, https:\/\/www.de-paseo.com\/queretaro\/wp-content\/uploads\/2023\/06\/festival-haciendas-vinedos-marques-blog-maria-y-bernardo--300x200.jpg 300w, https:\/\/www.de-paseo.com\/queretaro\/wp-content\/uploads\/2023\/06\/festival-haciendas-vinedos-marques-blog-maria-y-bernardo--768x512.jpg 768w\" sizes=\"auto, (max-width: 800px) 100vw, 800px\"\/><\/noscript><\/a><\/figure>\n<figure class=\"wp-block-image size-large\"><a href=\"https:\/\/www.de-paseo.com\/queretaro\/wp-content\/uploads\/2023\/06\/festival-haciendas-vinedos-marques-blog-puerta-del-lobo.jpg\" target=\"_blank\" rel=\"noopener\"><img loading=\"lazy\" decoding=\"async\" width=\"800\" height=\"533\" data-id=\"61321\" src=\"https:\/\/www.de-paseo.com\/queretaro\/wp-content\/uploads\/2023\/06\/festival-haciendas-vinedos-marques-blog-puerta-del-lobo.jpg\" alt=\"\" class=\"wp-image-61321 lazyload\" srcset=\"https:\/\/www.de-paseo.com\/queretaro\/wp-content\/uploads\/2023\/06\/festival-haciendas-vinedos-marques-blog-puerta-del-lobo.jpg 800w, https:\/\/www.de-paseo.com\/queretaro\/wp-content\/uploads\/2023\/06\/festival-haciendas-vinedos-marques-blog-puerta-del-lobo-300x200.jpg 300w, https:\/\/www.de-paseo.com\/queretaro\/wp-content\/uploads\/2023\/06\/festival-haciendas-vinedos-marques-blog-puerta-del-lobo-768x512.jpg 768w\" sizes=\"auto, (max-width: 800px) 100vw, 800px\"\/><noscript><img loading=\"lazy\" decoding=\"async\" width=\"800\" height=\"533\" data-id=\"61321\" src=\"https:\/\/www.de-paseo.com\/queretaro\/wp-content\/uploads\/2023\/06\/festival-haciendas-vinedos-marques-blog-puerta-del-lobo.jpg\" alt=\"\" class=\"wp-image-61321 lazyload\" srcset=\"https:\/\/www.de-paseo.com\/queretaro\/wp-content\/uploads\/2023\/06\/festival-haciendas-vinedos-marques-blog-puerta-del-lobo.jpg 800w, https:\/\/www.de-paseo.com\/queretaro\/wp-content\/uploads\/2023\/06\/festival-haciendas-vinedos-marques-blog-puerta-del-lobo-300x200.jpg 300w, https:\/\/www.de-paseo.com\/queretaro\/wp-content\/uploads\/2023\/06\/festival-haciendas-vinedos-marques-blog-puerta-del-lobo-768x512.jpg 768w\" sizes=\"auto, (max-width: 800px) 100vw, 800px\"\/><\/noscript><\/a><\/figure>\n<\/figure>\n<p>Por su parte los peques contaron con un \u00e1rea especial para ellos donde pasaron un d\u00eda s\u00faper entretenidos con pinta caritas, actividades manuales, granjita y para finalizar el show del Mago Gamini.<\/p>\n<figure class=\"wp-block-gallery has-nested-images columns-2 is-cropped wp-block-gallery-9 is-layout-flex\">\n<figure class=\"wp-block-image size-full\"><a href=\"https:\/\/www.de-paseo.com\/queretaro\/wp-content\/uploads\/2023\/06\/festival-haciendas-vinedos-marques-blog-1-2.jpg\" target=\"_blank\" rel=\"noopener\"><img loading=\"lazy\" decoding=\"async\" width=\"800\" height=\"533\" data-id=\"61324\" src=\"https:\/\/www.de-paseo.com\/queretaro\/wp-content\/uploads\/2023\/06\/festival-haciendas-vinedos-marques-blog-1-2.jpg\" alt=\"\" class=\"wp-image-61324 lazyload\" srcset=\"https:\/\/www.de-paseo.com\/queretaro\/wp-content\/uploads\/2023\/06\/festival-haciendas-vinedos-marques-blog-1-2.jpg 800w, https:\/\/www.de-paseo.com\/queretaro\/wp-content\/uploads\/2023\/06\/festival-haciendas-vinedos-marques-blog-1-2-300x200.jpg 300w, https:\/\/www.de-paseo.com\/queretaro\/wp-content\/uploads\/2023\/06\/festival-haciendas-vinedos-marques-blog-1-2-768x512.jpg 768w\" sizes=\"auto, (max-width: 800px) 100vw, 800px\"\/><noscript><img loading=\"lazy\" decoding=\"async\" width=\"800\" height=\"533\" data-id=\"61324\" src=\"https:\/\/www.de-paseo.com\/queretaro\/wp-content\/uploads\/2023\/06\/festival-haciendas-vinedos-marques-blog-1-2.jpg\" alt=\"\" class=\"wp-image-61324 lazyload\" srcset=\"https:\/\/www.de-paseo.com\/queretaro\/wp-content\/uploads\/2023\/06\/festival-haciendas-vinedos-marques-blog-1-2.jpg 800w, https:\/\/www.de-paseo.com\/queretaro\/wp-content\/uploads\/2023\/06\/festival-haciendas-vinedos-marques-blog-1-2-300x200.jpg 300w, https:\/\/www.de-paseo.com\/queretaro\/wp-content\/uploads\/2023\/06\/festival-haciendas-vinedos-marques-blog-1-2-768x512.jpg 768w\" sizes=\"auto, (max-width: 800px) 100vw, 800px\"\/><\/noscript><\/a><\/figure>\n<figure class=\"wp-block-image size-full\"><a href=\"https:\/\/www.de-paseo.com\/queretaro\/wp-content\/uploads\/2023\/06\/festival-haciendas-vinedos-marques-blog-2-2.jpg\" target=\"_blank\" rel=\"noopener\"><img loading=\"lazy\" decoding=\"async\" width=\"800\" height=\"533\" data-id=\"61325\" src=\"https:\/\/www.de-paseo.com\/queretaro\/wp-content\/uploads\/2023\/06\/festival-haciendas-vinedos-marques-blog-2-2.jpg\" alt=\"\" class=\"wp-image-61325 lazyload\" srcset=\"https:\/\/www.de-paseo.com\/queretaro\/wp-content\/uploads\/2023\/06\/festival-haciendas-vinedos-marques-blog-2-2.jpg 800w, https:\/\/www.de-paseo.com\/queretaro\/wp-content\/uploads\/2023\/06\/festival-haciendas-vinedos-marques-blog-2-2-300x200.jpg 300w, https:\/\/www.de-paseo.com\/queretaro\/wp-content\/uploads\/2023\/06\/festival-haciendas-vinedos-marques-blog-2-2-768x512.jpg 768w\" sizes=\"auto, (max-width: 800px) 100vw, 800px\"\/><noscript><img loading=\"lazy\" decoding=\"async\" width=\"800\" height=\"533\" data-id=\"61325\" src=\"https:\/\/www.de-paseo.com\/queretaro\/wp-content\/uploads\/2023\/06\/festival-haciendas-vinedos-marques-blog-2-2.jpg\" alt=\"\" class=\"wp-image-61325 lazyload\" srcset=\"https:\/\/www.de-paseo.com\/queretaro\/wp-content\/uploads\/2023\/06\/festival-haciendas-vinedos-marques-blog-2-2.jpg 800w, https:\/\/www.de-paseo.com\/queretaro\/wp-content\/uploads\/2023\/06\/festival-haciendas-vinedos-marques-blog-2-2-300x200.jpg 300w, https:\/\/www.de-paseo.com\/queretaro\/wp-content\/uploads\/2023\/06\/festival-haciendas-vinedos-marques-blog-2-2-768x512.jpg 768w\" sizes=\"auto, (max-width: 800px) 100vw, 800px\"\/><\/noscript><\/a><\/figure>\n<figure class=\"wp-block-image size-full\"><a href=\"https:\/\/www.de-paseo.com\/queretaro\/wp-content\/uploads\/2023\/06\/festival-haciendas-vinedos-marques-blog-3-2.jpg\" target=\"_blank\" rel=\"noopener\"><img loading=\"lazy\" decoding=\"async\" width=\"800\" height=\"533\" data-id=\"61327\" src=\"https:\/\/www.de-paseo.com\/queretaro\/wp-content\/uploads\/2023\/06\/festival-haciendas-vinedos-marques-blog-3-2.jpg\" alt=\"\" class=\"wp-image-61327 lazyload\" srcset=\"https:\/\/www.de-paseo.com\/queretaro\/wp-content\/uploads\/2023\/06\/festival-haciendas-vinedos-marques-blog-3-2.jpg 800w, https:\/\/www.de-paseo.com\/queretaro\/wp-content\/uploads\/2023\/06\/festival-haciendas-vinedos-marques-blog-3-2-300x200.jpg 300w, https:\/\/www.de-paseo.com\/queretaro\/wp-content\/uploads\/2023\/06\/festival-haciendas-vinedos-marques-blog-3-2-768x512.jpg 768w\" sizes=\"auto, (max-width: 800px) 100vw, 800px\"\/><noscript><img loading=\"lazy\" decoding=\"async\" width=\"800\" height=\"533\" data-id=\"61327\" src=\"https:\/\/www.de-paseo.com\/queretaro\/wp-content\/uploads\/2023\/06\/festival-haciendas-vinedos-marques-blog-3-2.jpg\" alt=\"\" class=\"wp-image-61327 lazyload\" srcset=\"https:\/\/www.de-paseo.com\/queretaro\/wp-content\/uploads\/2023\/06\/festival-haciendas-vinedos-marques-blog-3-2.jpg 800w, https:\/\/www.de-paseo.com\/queretaro\/wp-content\/uploads\/2023\/06\/festival-haciendas-vinedos-marques-blog-3-2-300x200.jpg 300w, https:\/\/www.de-paseo.com\/queretaro\/wp-content\/uploads\/2023\/06\/festival-haciendas-vinedos-marques-blog-3-2-768x512.jpg 768w\" sizes=\"auto, (max-width: 800px) 100vw, 800px\"\/><\/noscript><\/a><\/figure>\n<figure class=\"wp-block-image size-full\"><a href=\"https:\/\/www.de-paseo.com\/queretaro\/wp-content\/uploads\/2023\/06\/festival-haciendas-vinedos-marques-blog-4-2.jpg\" target=\"_blank\" rel=\"noopener\"><img loading=\"lazy\" decoding=\"async\" width=\"800\" height=\"533\" data-id=\"61326\" src=\"https:\/\/www.de-paseo.com\/queretaro\/wp-content\/uploads\/2023\/06\/festival-haciendas-vinedos-marques-blog-4-2.jpg\" alt=\"\" class=\"wp-image-61326 lazyload\" srcset=\"https:\/\/www.de-paseo.com\/queretaro\/wp-content\/uploads\/2023\/06\/festival-haciendas-vinedos-marques-blog-4-2.jpg 800w, https:\/\/www.de-paseo.com\/queretaro\/wp-content\/uploads\/2023\/06\/festival-haciendas-vinedos-marques-blog-4-2-300x200.jpg 300w, https:\/\/www.de-paseo.com\/queretaro\/wp-content\/uploads\/2023\/06\/festival-haciendas-vinedos-marques-blog-4-2-768x512.jpg 768w\" sizes=\"auto, (max-width: 800px) 100vw, 800px\"\/><noscript><img loading=\"lazy\" decoding=\"async\" width=\"800\" height=\"533\" data-id=\"61326\" src=\"https:\/\/www.de-paseo.com\/queretaro\/wp-content\/uploads\/2023\/06\/festival-haciendas-vinedos-marques-blog-4-2.jpg\" alt=\"\" class=\"wp-image-61326 lazyload\" srcset=\"https:\/\/www.de-paseo.com\/queretaro\/wp-content\/uploads\/2023\/06\/festival-haciendas-vinedos-marques-blog-4-2.jpg 800w, https:\/\/www.de-paseo.com\/queretaro\/wp-content\/uploads\/2023\/06\/festival-haciendas-vinedos-marques-blog-4-2-300x200.jpg 300w, https:\/\/www.de-paseo.com\/queretaro\/wp-content\/uploads\/2023\/06\/festival-haciendas-vinedos-marques-blog-4-2-768x512.jpg 768w\" sizes=\"auto, (max-width: 800px) 100vw, 800px\"\/><\/noscript><\/a><\/figure>\n<\/figure>\n<p>Una vez que ya todos hab\u00edan comido, \u00a0comenz\u00f3 el espect\u00e1culo con el grupo Mantekilla, donde por supuesto, muchos terminaron bailando.<\/p>\n<figure class=\"wp-block-gallery has-nested-images columns-2 is-cropped wp-block-gallery-11 is-layout-flex\">\n<figure class=\"wp-block-image size-full\"><a href=\"https:\/\/www.de-paseo.com\/queretaro\/wp-content\/uploads\/2023\/06\/festival-haciendas-vinedos-marques-blog-8.jpg\" target=\"_blank\" rel=\"noopener\"><img loading=\"lazy\" decoding=\"async\" width=\"800\" height=\"533\" data-id=\"61336\" src=\"https:\/\/www.de-paseo.com\/queretaro\/wp-content\/uploads\/2023\/06\/festival-haciendas-vinedos-marques-blog-8.jpg\" alt=\"\" class=\"wp-image-61336 lazyload\" srcset=\"https:\/\/www.de-paseo.com\/queretaro\/wp-content\/uploads\/2023\/06\/festival-haciendas-vinedos-marques-blog-8.jpg 800w, https:\/\/www.de-paseo.com\/queretaro\/wp-content\/uploads\/2023\/06\/festival-haciendas-vinedos-marques-blog-8-300x200.jpg 300w, https:\/\/www.de-paseo.com\/queretaro\/wp-content\/uploads\/2023\/06\/festival-haciendas-vinedos-marques-blog-8-768x512.jpg 768w\" sizes=\"auto, (max-width: 800px) 100vw, 800px\"\/><noscript><img loading=\"lazy\" decoding=\"async\" width=\"800\" height=\"533\" data-id=\"61336\" src=\"https:\/\/www.de-paseo.com\/queretaro\/wp-content\/uploads\/2023\/06\/festival-haciendas-vinedos-marques-blog-8.jpg\" alt=\"\" class=\"wp-image-61336 lazyload\" srcset=\"https:\/\/www.de-paseo.com\/queretaro\/wp-content\/uploads\/2023\/06\/festival-haciendas-vinedos-marques-blog-8.jpg 800w, https:\/\/www.de-paseo.com\/queretaro\/wp-content\/uploads\/2023\/06\/festival-haciendas-vinedos-marques-blog-8-300x200.jpg 300w, https:\/\/www.de-paseo.com\/queretaro\/wp-content\/uploads\/2023\/06\/festival-haciendas-vinedos-marques-blog-8-768x512.jpg 768w\" sizes=\"auto, (max-width: 800px) 100vw, 800px\"\/><\/noscript><\/a><\/figure>\n<figure class=\"wp-block-image size-full\"><a href=\"https:\/\/www.de-paseo.com\/queretaro\/wp-content\/uploads\/2023\/06\/festival-haciendas-vinedos-marques-blog-10.jpg\" target=\"_blank\" rel=\"noopener\"><img loading=\"lazy\" decoding=\"async\" width=\"800\" height=\"533\" data-id=\"61335\" src=\"https:\/\/www.de-paseo.com\/queretaro\/wp-content\/uploads\/2023\/06\/festival-haciendas-vinedos-marques-blog-10.jpg\" alt=\"\" class=\"wp-image-61335 lazyload\" srcset=\"https:\/\/www.de-paseo.com\/queretaro\/wp-content\/uploads\/2023\/06\/festival-haciendas-vinedos-marques-blog-10.jpg 800w, https:\/\/www.de-paseo.com\/queretaro\/wp-content\/uploads\/2023\/06\/festival-haciendas-vinedos-marques-blog-10-300x200.jpg 300w, https:\/\/www.de-paseo.com\/queretaro\/wp-content\/uploads\/2023\/06\/festival-haciendas-vinedos-marques-blog-10-768x512.jpg 768w\" sizes=\"auto, (max-width: 800px) 100vw, 800px\"\/><noscript><img loading=\"lazy\" decoding=\"async\" width=\"800\" height=\"533\" data-id=\"61335\" src=\"https:\/\/www.de-paseo.com\/queretaro\/wp-content\/uploads\/2023\/06\/festival-haciendas-vinedos-marques-blog-10.jpg\" alt=\"\" class=\"wp-image-61335 lazyload\" srcset=\"https:\/\/www.de-paseo.com\/queretaro\/wp-content\/uploads\/2023\/06\/festival-haciendas-vinedos-marques-blog-10.jpg 800w, https:\/\/www.de-paseo.com\/queretaro\/wp-content\/uploads\/2023\/06\/festival-haciendas-vinedos-marques-blog-10-300x200.jpg 300w, https:\/\/www.de-paseo.com\/queretaro\/wp-content\/uploads\/2023\/06\/festival-haciendas-vinedos-marques-blog-10-768x512.jpg 768w\" sizes=\"auto, (max-width: 800px) 100vw, 800px\"\/><\/noscript><\/a><\/figure>\n<figure class=\"wp-block-image size-full\"><a href=\"https:\/\/www.de-paseo.com\/queretaro\/wp-content\/uploads\/2023\/06\/festival-haciendas-vinedos-marques-blog-11.jpg\" target=\"_blank\" rel=\"noopener\"><img loading=\"lazy\" decoding=\"async\" width=\"800\" height=\"533\" data-id=\"61341\" src=\"https:\/\/www.de-paseo.com\/queretaro\/wp-content\/uploads\/2023\/06\/festival-haciendas-vinedos-marques-blog-11.jpg\" alt=\"\" class=\"wp-image-61341 lazyload\" srcset=\"https:\/\/www.de-paseo.com\/queretaro\/wp-content\/uploads\/2023\/06\/festival-haciendas-vinedos-marques-blog-11.jpg 800w, https:\/\/www.de-paseo.com\/queretaro\/wp-content\/uploads\/2023\/06\/festival-haciendas-vinedos-marques-blog-11-300x200.jpg 300w, https:\/\/www.de-paseo.com\/queretaro\/wp-content\/uploads\/2023\/06\/festival-haciendas-vinedos-marques-blog-11-768x512.jpg 768w\" sizes=\"auto, (max-width: 800px) 100vw, 800px\"\/><noscript><img loading=\"lazy\" decoding=\"async\" width=\"800\" height=\"533\" data-id=\"61341\" src=\"https:\/\/www.de-paseo.com\/queretaro\/wp-content\/uploads\/2023\/06\/festival-haciendas-vinedos-marques-blog-11.jpg\" alt=\"\" class=\"wp-image-61341 lazyload\" srcset=\"https:\/\/www.de-paseo.com\/queretaro\/wp-content\/uploads\/2023\/06\/festival-haciendas-vinedos-marques-blog-11.jpg 800w, https:\/\/www.de-paseo.com\/queretaro\/wp-content\/uploads\/2023\/06\/festival-haciendas-vinedos-marques-blog-11-300x200.jpg 300w, https:\/\/www.de-paseo.com\/queretaro\/wp-content\/uploads\/2023\/06\/festival-haciendas-vinedos-marques-blog-11-768x512.jpg 768w\" sizes=\"auto, (max-width: 800px) 100vw, 800px\"\/><\/noscript><\/a><\/figure>\n<figure class=\"wp-block-image size-full\"><a href=\"https:\/\/www.de-paseo.com\/queretaro\/wp-content\/uploads\/2023\/06\/festival-haciendas-vinedos-marques-blog-12.jpg\" target=\"_blank\" rel=\"noopener\"><img loading=\"lazy\" decoding=\"async\" width=\"800\" height=\"533\" data-id=\"61342\" src=\"https:\/\/www.de-paseo.com\/queretaro\/wp-content\/uploads\/2023\/06\/festival-haciendas-vinedos-marques-blog-12.jpg\" alt=\"\" class=\"wp-image-61342 lazyload\" srcset=\"https:\/\/www.de-paseo.com\/queretaro\/wp-content\/uploads\/2023\/06\/festival-haciendas-vinedos-marques-blog-12.jpg 800w, https:\/\/www.de-paseo.com\/queretaro\/wp-content\/uploads\/2023\/06\/festival-haciendas-vinedos-marques-blog-12-300x200.jpg 300w, https:\/\/www.de-paseo.com\/queretaro\/wp-content\/uploads\/2023\/06\/festival-haciendas-vinedos-marques-blog-12-768x512.jpg 768w\" sizes=\"auto, (max-width: 800px) 100vw, 800px\"\/><noscript><img loading=\"lazy\" decoding=\"async\" width=\"800\" height=\"533\" data-id=\"61342\" src=\"https:\/\/www.de-paseo.com\/queretaro\/wp-content\/uploads\/2023\/06\/festival-haciendas-vinedos-marques-blog-12.jpg\" alt=\"\" class=\"wp-image-61342 lazyload\" srcset=\"https:\/\/www.de-paseo.com\/queretaro\/wp-content\/uploads\/2023\/06\/festival-haciendas-vinedos-marques-blog-12.jpg 800w, https:\/\/www.de-paseo.com\/queretaro\/wp-content\/uploads\/2023\/06\/festival-haciendas-vinedos-marques-blog-12-300x200.jpg 300w, https:\/\/www.de-paseo.com\/queretaro\/wp-content\/uploads\/2023\/06\/festival-haciendas-vinedos-marques-blog-12-768x512.jpg 768w\" sizes=\"auto, (max-width: 800px) 100vw, 800px\"\/><\/noscript><\/a><\/figure>\n<figure class=\"wp-block-image size-full\"><a href=\"https:\/\/www.de-paseo.com\/queretaro\/wp-content\/uploads\/2023\/06\/festival-haciendas-vinedos-marques-blog-gm1-1.jpg\" target=\"_blank\" rel=\"noopener\"><img loading=\"lazy\" decoding=\"async\" width=\"800\" height=\"533\" data-id=\"61346\" src=\"https:\/\/www.de-paseo.com\/queretaro\/wp-content\/uploads\/2023\/06\/festival-haciendas-vinedos-marques-blog-gm1-1.jpg\" alt=\"\" class=\"wp-image-61346 lazyload\" srcset=\"https:\/\/www.de-paseo.com\/queretaro\/wp-content\/uploads\/2023\/06\/festival-haciendas-vinedos-marques-blog-gm1-1.jpg 800w, https:\/\/www.de-paseo.com\/queretaro\/wp-content\/uploads\/2023\/06\/festival-haciendas-vinedos-marques-blog-gm1-1-300x200.jpg 300w, https:\/\/www.de-paseo.com\/queretaro\/wp-content\/uploads\/2023\/06\/festival-haciendas-vinedos-marques-blog-gm1-1-768x512.jpg 768w\" sizes=\"auto, (max-width: 800px) 100vw, 800px\"\/><noscript><img loading=\"lazy\" decoding=\"async\" width=\"800\" height=\"533\" data-id=\"61346\" src=\"https:\/\/www.de-paseo.com\/queretaro\/wp-content\/uploads\/2023\/06\/festival-haciendas-vinedos-marques-blog-gm1-1.jpg\" alt=\"\" class=\"wp-image-61346 lazyload\" srcset=\"https:\/\/www.de-paseo.com\/queretaro\/wp-content\/uploads\/2023\/06\/festival-haciendas-vinedos-marques-blog-gm1-1.jpg 800w, https:\/\/www.de-paseo.com\/queretaro\/wp-content\/uploads\/2023\/06\/festival-haciendas-vinedos-marques-blog-gm1-1-300x200.jpg 300w, https:\/\/www.de-paseo.com\/queretaro\/wp-content\/uploads\/2023\/06\/festival-haciendas-vinedos-marques-blog-gm1-1-768x512.jpg 768w\" sizes=\"auto, (max-width: 800px) 100vw, 800px\"\/><\/noscript><\/a><\/figure>\n<figure class=\"wp-block-image size-full\"><a href=\"https:\/\/www.de-paseo.com\/queretaro\/wp-content\/uploads\/2023\/06\/festival-haciendas-vinedos-marques-blog-3-3.jpg\" target=\"_blank\" rel=\"noopener\"><img loading=\"lazy\" decoding=\"async\" width=\"800\" height=\"533\" data-id=\"61343\" src=\"https:\/\/www.de-paseo.com\/queretaro\/wp-content\/uploads\/2023\/06\/festival-haciendas-vinedos-marques-blog-3-3.jpg\" alt=\"\" class=\"wp-image-61343 lazyload\" srcset=\"https:\/\/www.de-paseo.com\/queretaro\/wp-content\/uploads\/2023\/06\/festival-haciendas-vinedos-marques-blog-3-3.jpg 800w, https:\/\/www.de-paseo.com\/queretaro\/wp-content\/uploads\/2023\/06\/festival-haciendas-vinedos-marques-blog-3-3-300x200.jpg 300w, https:\/\/www.de-paseo.com\/queretaro\/wp-content\/uploads\/2023\/06\/festival-haciendas-vinedos-marques-blog-3-3-768x512.jpg 768w\" sizes=\"auto, (max-width: 800px) 100vw, 800px\"\/><noscript><img loading=\"lazy\" decoding=\"async\" width=\"800\" height=\"533\" data-id=\"61343\" src=\"https:\/\/www.de-paseo.com\/queretaro\/wp-content\/uploads\/2023\/06\/festival-haciendas-vinedos-marques-blog-3-3.jpg\" alt=\"\" class=\"wp-image-61343 lazyload\" srcset=\"https:\/\/www.de-paseo.com\/queretaro\/wp-content\/uploads\/2023\/06\/festival-haciendas-vinedos-marques-blog-3-3.jpg 800w, https:\/\/www.de-paseo.com\/queretaro\/wp-content\/uploads\/2023\/06\/festival-haciendas-vinedos-marques-blog-3-3-300x200.jpg 300w, https:\/\/www.de-paseo.com\/queretaro\/wp-content\/uploads\/2023\/06\/festival-haciendas-vinedos-marques-blog-3-3-768x512.jpg 768w\" sizes=\"auto, (max-width: 800px) 100vw, 800px\"\/><\/noscript><\/a><\/figure>\n<figure class=\"wp-block-image size-full\"><a href=\"https:\/\/www.de-paseo.com\/queretaro\/wp-content\/uploads\/2023\/06\/festival-haciendas-vinedos-marques-blog-1-3.jpg\" target=\"_blank\" rel=\"noopener\"><img loading=\"lazy\" decoding=\"async\" width=\"800\" height=\"533\" data-id=\"61334\" src=\"https:\/\/www.de-paseo.com\/queretaro\/wp-content\/uploads\/2023\/06\/festival-haciendas-vinedos-marques-blog-1-3.jpg\" alt=\"\" class=\"wp-image-61334 lazyload\" srcset=\"https:\/\/www.de-paseo.com\/queretaro\/wp-content\/uploads\/2023\/06\/festival-haciendas-vinedos-marques-blog-1-3.jpg 800w, https:\/\/www.de-paseo.com\/queretaro\/wp-content\/uploads\/2023\/06\/festival-haciendas-vinedos-marques-blog-1-3-300x200.jpg 300w, https:\/\/www.de-paseo.com\/queretaro\/wp-content\/uploads\/2023\/06\/festival-haciendas-vinedos-marques-blog-1-3-768x512.jpg 768w\" sizes=\"auto, (max-width: 800px) 100vw, 800px\"\/><noscript><img loading=\"lazy\" decoding=\"async\" width=\"800\" height=\"533\" data-id=\"61334\" src=\"https:\/\/www.de-paseo.com\/queretaro\/wp-content\/uploads\/2023\/06\/festival-haciendas-vinedos-marques-blog-1-3.jpg\" alt=\"\" class=\"wp-image-61334 lazyload\" srcset=\"https:\/\/www.de-paseo.com\/queretaro\/wp-content\/uploads\/2023\/06\/festival-haciendas-vinedos-marques-blog-1-3.jpg 800w, https:\/\/www.de-paseo.com\/queretaro\/wp-content\/uploads\/2023\/06\/festival-haciendas-vinedos-marques-blog-1-3-300x200.jpg 300w, https:\/\/www.de-paseo.com\/queretaro\/wp-content\/uploads\/2023\/06\/festival-haciendas-vinedos-marques-blog-1-3-768x512.jpg 768w\" sizes=\"auto, (max-width: 800px) 100vw, 800px\"\/><\/noscript><\/a><\/figure>\n<figure class=\"wp-block-image size-full\"><a href=\"https:\/\/www.de-paseo.com\/queretaro\/wp-content\/uploads\/2023\/06\/festival-haciendas-vinedos-marques-blog-2-3.jpg\" target=\"_blank\" rel=\"noopener\"><img loading=\"lazy\" decoding=\"async\" width=\"800\" height=\"533\" data-id=\"61337\" src=\"https:\/\/www.de-paseo.com\/queretaro\/wp-content\/uploads\/2023\/06\/festival-haciendas-vinedos-marques-blog-2-3.jpg\" alt=\"\" class=\"wp-image-61337 lazyload\" srcset=\"https:\/\/www.de-paseo.com\/queretaro\/wp-content\/uploads\/2023\/06\/festival-haciendas-vinedos-marques-blog-2-3.jpg 800w, https:\/\/www.de-paseo.com\/queretaro\/wp-content\/uploads\/2023\/06\/festival-haciendas-vinedos-marques-blog-2-3-300x200.jpg 300w, https:\/\/www.de-paseo.com\/queretaro\/wp-content\/uploads\/2023\/06\/festival-haciendas-vinedos-marques-blog-2-3-768x512.jpg 768w\" sizes=\"auto, (max-width: 800px) 100vw, 800px\"\/><noscript><img loading=\"lazy\" decoding=\"async\" width=\"800\" height=\"533\" data-id=\"61337\" src=\"https:\/\/www.de-paseo.com\/queretaro\/wp-content\/uploads\/2023\/06\/festival-haciendas-vinedos-marques-blog-2-3.jpg\" alt=\"\" class=\"wp-image-61337 lazyload\" srcset=\"https:\/\/www.de-paseo.com\/queretaro\/wp-content\/uploads\/2023\/06\/festival-haciendas-vinedos-marques-blog-2-3.jpg 800w, https:\/\/www.de-paseo.com\/queretaro\/wp-content\/uploads\/2023\/06\/festival-haciendas-vinedos-marques-blog-2-3-300x200.jpg 300w, https:\/\/www.de-paseo.com\/queretaro\/wp-content\/uploads\/2023\/06\/festival-haciendas-vinedos-marques-blog-2-3-768x512.jpg 768w\" sizes=\"auto, (max-width: 800px) 100vw, 800px\"\/><\/noscript><\/a><\/figure>\n<figure class=\"wp-block-image size-full\"><a href=\"https:\/\/www.de-paseo.com\/queretaro\/wp-content\/uploads\/2023\/06\/festival-haciendas-vinedos-marques-blog-7.jpg\" target=\"_blank\" rel=\"noopener\"><img loading=\"lazy\" decoding=\"async\" width=\"800\" height=\"533\" data-id=\"61339\" src=\"https:\/\/www.de-paseo.com\/queretaro\/wp-content\/uploads\/2023\/06\/festival-haciendas-vinedos-marques-blog-7.jpg\" alt=\"\" class=\"wp-image-61339 lazyload\" srcset=\"https:\/\/www.de-paseo.com\/queretaro\/wp-content\/uploads\/2023\/06\/festival-haciendas-vinedos-marques-blog-7.jpg 800w, https:\/\/www.de-paseo.com\/queretaro\/wp-content\/uploads\/2023\/06\/festival-haciendas-vinedos-marques-blog-7-300x200.jpg 300w, https:\/\/www.de-paseo.com\/queretaro\/wp-content\/uploads\/2023\/06\/festival-haciendas-vinedos-marques-blog-7-768x512.jpg 768w\" sizes=\"auto, (max-width: 800px) 100vw, 800px\"\/><noscript><img loading=\"lazy\" decoding=\"async\" width=\"800\" height=\"533\" data-id=\"61339\" src=\"https:\/\/www.de-paseo.com\/queretaro\/wp-content\/uploads\/2023\/06\/festival-haciendas-vinedos-marques-blog-7.jpg\" alt=\"\" class=\"wp-image-61339 lazyload\" srcset=\"https:\/\/www.de-paseo.com\/queretaro\/wp-content\/uploads\/2023\/06\/festival-haciendas-vinedos-marques-blog-7.jpg 800w, https:\/\/www.de-paseo.com\/queretaro\/wp-content\/uploads\/2023\/06\/festival-haciendas-vinedos-marques-blog-7-300x200.jpg 300w, https:\/\/www.de-paseo.com\/queretaro\/wp-content\/uploads\/2023\/06\/festival-haciendas-vinedos-marques-blog-7-768x512.jpg 768w\" sizes=\"auto, (max-width: 800px) 100vw, 800px\"\/><\/noscript><\/a><\/figure>\n<figure class=\"wp-block-image size-full\"><a href=\"https:\/\/www.de-paseo.com\/queretaro\/wp-content\/uploads\/2023\/06\/festival-haciendas-vinedos-marques-blog-9.jpg\" target=\"_blank\" rel=\"noopener\"><img loading=\"lazy\" decoding=\"async\" width=\"800\" height=\"533\" data-id=\"61338\" src=\"https:\/\/www.de-paseo.com\/queretaro\/wp-content\/uploads\/2023\/06\/festival-haciendas-vinedos-marques-blog-9.jpg\" alt=\"\" class=\"wp-image-61338 lazyload\" srcset=\"https:\/\/www.de-paseo.com\/queretaro\/wp-content\/uploads\/2023\/06\/festival-haciendas-vinedos-marques-blog-9.jpg 800w, https:\/\/www.de-paseo.com\/queretaro\/wp-content\/uploads\/2023\/06\/festival-haciendas-vinedos-marques-blog-9-300x200.jpg 300w, https:\/\/www.de-paseo.com\/queretaro\/wp-content\/uploads\/2023\/06\/festival-haciendas-vinedos-marques-blog-9-768x512.jpg 768w\" sizes=\"auto, (max-width: 800px) 100vw, 800px\"\/><noscript><img loading=\"lazy\" decoding=\"async\" width=\"800\" height=\"533\" data-id=\"61338\" src=\"https:\/\/www.de-paseo.com\/queretaro\/wp-content\/uploads\/2023\/06\/festival-haciendas-vinedos-marques-blog-9.jpg\" alt=\"\" class=\"wp-image-61338 lazyload\" srcset=\"https:\/\/www.de-paseo.com\/queretaro\/wp-content\/uploads\/2023\/06\/festival-haciendas-vinedos-marques-blog-9.jpg 800w, https:\/\/www.de-paseo.com\/queretaro\/wp-content\/uploads\/2023\/06\/festival-haciendas-vinedos-marques-blog-9-300x200.jpg 300w, https:\/\/www.de-paseo.com\/queretaro\/wp-content\/uploads\/2023\/06\/festival-haciendas-vinedos-marques-blog-9-768x512.jpg 768w\" sizes=\"auto, (max-width: 800px) 100vw, 800px\"\/><\/noscript><\/a><\/figure>\n<\/figure>\n<p>Sin duda alguna, este evento fue una excelente oportunidad para conocer m\u00e1s de los atractivos, los vinos y la oferta culinaria del Municipio del Marqu\u00e9s, tan cercano a la Capital Queretana.<\/p>\n<p>Excelentes lugares para agregar a nuestra lista de los \u201cmust\u201d que tenemos que visitar.<\/p>\n<\/div>\n<p><script type='text\/javascript'> !function(f,b,e,v,n,t,s){if(f.fbq)return;n=f.fbq=function(){n.callMethod?\nn.callMethod.apply(n,arguments):n.queue.push(arguments)};if(!f._fbq)f._fbq=n;\nn.push=n;n.loaded=!0;n.version='2.0';n.queue=[];t=b.createElement(e);t.async=!0;\nt.src=v;s=b.getElementsByTagName(e)[0];s.parentNode.insertBefore(t,s)}(window,\ndocument,'script','https:\/\/connect.facebook.net\/en_US\/fbevents.js?v=next'); <\/script><\/p>\n","protected":false},"excerpt":{"rendered":"<p>No cabe duda que el trabajo en equipo genera grandes resultados y eso se not\u00f3 en el \u00ab1er. Festival de Haciendas y Vi\u00f1edos del Marqu\u00e9s\u00bb este 10 de Junio de 2023. As\u00ed, familias y amigos pudieron disfrutar de un gran evento, comenzando por el bello escenario de Hacienda Amazcala donde una gran carpa delimitaba la [&hellip;]<\/p>\n","protected":false},"author":2,"featured_media":12025,"comment_status":"","ping_status":"","sticky":false,"template":"","format":"standard","meta":{"_monsterinsights_skip_tracking":false,"_monsterinsights_sitenote_active":false,"_monsterinsights_sitenote_note":"","_monsterinsights_sitenote_category":0,"footnotes":""},"categories":[10],"tags":[],"class_list":["post-12024","post","type-post","status-publish","format-standard","has-post-thumbnail","hentry","category-cultura"],"_links":{"self":[{"href":"https:\/\/informebajio.com.mx\/index.php?rest_route=\/wp\/v2\/posts\/12024","targetHints":{"allow":["GET"]}}],"collection":[{"href":"https:\/\/informebajio.com.mx\/index.php?rest_route=\/wp\/v2\/posts"}],"about":[{"href":"https:\/\/informebajio.com.mx\/index.php?rest_route=\/wp\/v2\/types\/post"}],"author":[{"embeddable":true,"href":"https:\/\/informebajio.com.mx\/index.php?rest_route=\/wp\/v2\/users\/2"}],"replies":[{"embeddable":true,"href":"https:\/\/informebajio.com.mx\/index.php?rest_route=%2Fwp%2Fv2%2Fcomments&post=12024"}],"version-history":[{"count":0,"href":"https:\/\/informebajio.com.mx\/index.php?rest_route=\/wp\/v2\/posts\/12024\/revisions"}],"wp:featuredmedia":[{"embeddable":true,"href":"https:\/\/informebajio.com.mx\/index.php?rest_route=\/wp\/v2\/media\/12025"}],"wp:attachment":[{"href":"https:\/\/informebajio.com.mx\/index.php?rest_route=%2Fwp%2Fv2%2Fmedia&parent=12024"}],"wp:term":[{"taxonomy":"category","embeddable":true,"href":"https:\/\/informebajio.com.mx\/index.php?rest_route=%2Fwp%2Fv2%2Fcategories&post=12024"},{"taxonomy":"post_tag","embeddable":true,"href":"https:\/\/informebajio.com.mx\/index.php?rest_route=%2Fwp%2Fv2%2Ftags&post=12024"}],"curies":[{"name":"wp","href":"https:\/\/api.w.org\/{rel}","templated":true}]}}