{"id":12738,"date":"2023-06-23T16:56:19","date_gmt":"2023-06-23T21:56:19","guid":{"rendered":"https:\/\/informebajio.com.mx\/?p=12738"},"modified":"2023-06-23T16:56:19","modified_gmt":"2023-06-23T21:56:19","slug":"queretaro-es-sede-del-festival-iberica-contemporanea-2023","status":"publish","type":"post","link":"https:\/\/informebajio.com.mx\/?p=12738","title":{"rendered":"Quer\u00e9taro es sede del Festival Ib\u00e9rica Contempor\u00e1nea 2023"},"content":{"rendered":"<div>\n<p>Este gran festival danc\u00edstico en su 9a edici\u00f3n tiene el lema <strong>\u201cCelebra con Ib\u00e9rica\u201d <\/strong>y consolida al Festival Ib\u00e9rica Contempor\u00e1nea como el encuentro de Flamenco m\u00e1s importante en M\u00e9xico y uno de los m\u00e1s reconocidos a nivel internacional.<\/p>\n<p>En el, los amantes de la danza podr\u00e1n encontrar talleres y espect\u00e1culos con grandes figuras de la danza espa\u00f1ola como: Patricia Guerrero (Espa\u00f1a), Eduardo Guerrero ( Espa\u00f1a) , Mar\u00eda Juncal ( Espa\u00f1a) , \u00darsula L\u00f3pez (Espa\u00f1a), Karime Amaya (M\u00e9xico-Espa\u00f1a), Sara Martin (Espa\u00f1a), Armando Tovar (M\u00e9xico), Mari\u00e9n Lu\u00e9vano ( M\u00e9xico), Dani de Mor\u00f3n (Espa\u00f1a), C\u00eda. Ib\u00e9rica de Danza (Espa\u00f1a), <em>celebrando su 30 aniversario<\/em>, Joven Taller coreogr\u00e1fico Larreal del RCPD \u00abMariemma\u00bb (Espa\u00f1a), Compa\u00f1\u00eda Internacional Proart (M\u00e9xico\/Espa\u00f1a), entre muchos otros grandes maestros, quienes se dar\u00e1n cita en diferentes teatros, y espacios culturales, emblem\u00e1ticos de la ciudad.<\/p>\n<p>Para Adriana Covarrubias directora y fundadora de este magn\u00edfico festival que se realiza cada dos a\u00f1os desde el 2007, no hay duda de que cada edici\u00f3n del Festival Ib\u00e9rica Contempor\u00e1nea ha sido \u201cel mejor\u201d. \u201cCada Ib\u00e9rica es una celebraci\u00f3n, cada edici\u00f3n nos apasiona y queremos que la gente salga feliz y satisfecha \u201d.<\/p>\n<p>Invitamos a todos los que aun no han tenido la oportunidad de vivir este festival a que no pierdan la oportunidad de disfrutar de magn\u00edficos espect\u00e1culos que Ib\u00e9rica Contempor\u00e1nea pone a su alcance sin necesidad de salir de M\u00e9xico.<\/p>\n<p><a href=\"https:\/\/www.de-paseo.com\/queretaro\/event-pro\/iberica-contemporanea\/\" target=\"_blank\" rel=\"noreferrer noopener\">En el siguiente enlace les compartimos el programa completo, horarios, costos y link a compra de boletos: https:\/\/www.de-paseo.com\/queretaro\/event-pro\/iberica-contemporanea\/ <\/a><\/p>\n<p>Y aqu\u00ed les dejamos algunas im\u00e1genes de la conferencia de prensa y de eventos pasados para que comiencen a disfrutar.<\/p>\n<figure class=\"wp-block-gallery has-nested-images columns-default is-cropped wp-block-gallery-1 is-layout-flex\">\n<figure class=\"wp-block-image size-full\"><a href=\"https:\/\/www.de-paseo.com\/queretaro\/wp-content\/uploads\/2023\/06\/iberica-conf-prensa-2023-blog1.jpg\"><img loading=\"lazy\" decoding=\"async\" width=\"800\" height=\"527\" data-id=\"61542\" src=\"https:\/\/www.de-paseo.com\/queretaro\/wp-content\/uploads\/2023\/06\/iberica-conf-prensa-2023-blog1.jpg\" alt=\"\" class=\"wp-image-61542 lazyload\" srcset=\"https:\/\/www.de-paseo.com\/queretaro\/wp-content\/uploads\/2023\/06\/iberica-conf-prensa-2023-blog1.jpg 800w, https:\/\/www.de-paseo.com\/queretaro\/wp-content\/uploads\/2023\/06\/iberica-conf-prensa-2023-blog1-300x198.jpg 300w, https:\/\/www.de-paseo.com\/queretaro\/wp-content\/uploads\/2023\/06\/iberica-conf-prensa-2023-blog1-768x506.jpg 768w\" sizes=\"auto, (max-width: 800px) 100vw, 800px\"\/><noscript><img loading=\"lazy\" decoding=\"async\" width=\"800\" height=\"527\" data-id=\"61542\" src=\"https:\/\/www.de-paseo.com\/queretaro\/wp-content\/uploads\/2023\/06\/iberica-conf-prensa-2023-blog1.jpg\" alt=\"\" class=\"wp-image-61542 lazyload\" srcset=\"https:\/\/www.de-paseo.com\/queretaro\/wp-content\/uploads\/2023\/06\/iberica-conf-prensa-2023-blog1.jpg 800w, https:\/\/www.de-paseo.com\/queretaro\/wp-content\/uploads\/2023\/06\/iberica-conf-prensa-2023-blog1-300x198.jpg 300w, https:\/\/www.de-paseo.com\/queretaro\/wp-content\/uploads\/2023\/06\/iberica-conf-prensa-2023-blog1-768x506.jpg 768w\" sizes=\"auto, (max-width: 800px) 100vw, 800px\"\/><\/noscript><\/a><\/figure>\n<figure class=\"wp-block-image size-full\"><a href=\"https:\/\/www.de-paseo.com\/queretaro\/wp-content\/uploads\/2023\/06\/iberica-conf-prensa-2023-blog2.jpg\"><img loading=\"lazy\" decoding=\"async\" width=\"800\" height=\"527\" data-id=\"61543\" src=\"https:\/\/www.de-paseo.com\/queretaro\/wp-content\/uploads\/2023\/06\/iberica-conf-prensa-2023-blog2.jpg\" alt=\"\" class=\"wp-image-61543 lazyload\" srcset=\"https:\/\/www.de-paseo.com\/queretaro\/wp-content\/uploads\/2023\/06\/iberica-conf-prensa-2023-blog2.jpg 800w, https:\/\/www.de-paseo.com\/queretaro\/wp-content\/uploads\/2023\/06\/iberica-conf-prensa-2023-blog2-300x198.jpg 300w, https:\/\/www.de-paseo.com\/queretaro\/wp-content\/uploads\/2023\/06\/iberica-conf-prensa-2023-blog2-768x506.jpg 768w\" sizes=\"auto, (max-width: 800px) 100vw, 800px\"\/><noscript><img loading=\"lazy\" decoding=\"async\" width=\"800\" height=\"527\" data-id=\"61543\" src=\"https:\/\/www.de-paseo.com\/queretaro\/wp-content\/uploads\/2023\/06\/iberica-conf-prensa-2023-blog2.jpg\" alt=\"\" class=\"wp-image-61543 lazyload\" srcset=\"https:\/\/www.de-paseo.com\/queretaro\/wp-content\/uploads\/2023\/06\/iberica-conf-prensa-2023-blog2.jpg 800w, https:\/\/www.de-paseo.com\/queretaro\/wp-content\/uploads\/2023\/06\/iberica-conf-prensa-2023-blog2-300x198.jpg 300w, https:\/\/www.de-paseo.com\/queretaro\/wp-content\/uploads\/2023\/06\/iberica-conf-prensa-2023-blog2-768x506.jpg 768w\" sizes=\"auto, (max-width: 800px) 100vw, 800px\"\/><\/noscript><\/a><\/figure>\n<\/figure>\n<p>Im\u00e1genes edici\u00f3n 2021<\/p>\n<figure class=\"wp-block-gallery has-nested-images columns-2 is-cropped wp-block-gallery-3 is-layout-flex\">\n<figure class=\"wp-block-image size-large\"><a href=\"https:\/\/www.de-paseo.com\/queretaro\/wp-content\/uploads\/2023\/06\/iberica-conf-prensa-2023-blog-3.jpg\"><img loading=\"lazy\" decoding=\"async\" width=\"800\" height=\"527\" data-id=\"61547\" src=\"https:\/\/www.de-paseo.com\/queretaro\/wp-content\/uploads\/2023\/06\/iberica-conf-prensa-2023-blog-3.jpg\" alt=\"\" class=\"wp-image-61547 lazyload\" srcset=\"https:\/\/www.de-paseo.com\/queretaro\/wp-content\/uploads\/2023\/06\/iberica-conf-prensa-2023-blog-3.jpg 800w, https:\/\/www.de-paseo.com\/queretaro\/wp-content\/uploads\/2023\/06\/iberica-conf-prensa-2023-blog-3-300x198.jpg 300w, https:\/\/www.de-paseo.com\/queretaro\/wp-content\/uploads\/2023\/06\/iberica-conf-prensa-2023-blog-3-768x506.jpg 768w\" sizes=\"auto, (max-width: 800px) 100vw, 800px\"\/><noscript><img loading=\"lazy\" decoding=\"async\" width=\"800\" height=\"527\" data-id=\"61547\" src=\"https:\/\/www.de-paseo.com\/queretaro\/wp-content\/uploads\/2023\/06\/iberica-conf-prensa-2023-blog-3.jpg\" alt=\"\" class=\"wp-image-61547 lazyload\" srcset=\"https:\/\/www.de-paseo.com\/queretaro\/wp-content\/uploads\/2023\/06\/iberica-conf-prensa-2023-blog-3.jpg 800w, https:\/\/www.de-paseo.com\/queretaro\/wp-content\/uploads\/2023\/06\/iberica-conf-prensa-2023-blog-3-300x198.jpg 300w, https:\/\/www.de-paseo.com\/queretaro\/wp-content\/uploads\/2023\/06\/iberica-conf-prensa-2023-blog-3-768x506.jpg 768w\" sizes=\"auto, (max-width: 800px) 100vw, 800px\"\/><\/noscript><\/a><\/figure>\n<figure class=\"wp-block-image size-large\"><a href=\"https:\/\/www.de-paseo.com\/queretaro\/wp-content\/uploads\/2023\/06\/iberica-conf-prensa-2023-blog-4.jpg\"><img loading=\"lazy\" decoding=\"async\" width=\"800\" height=\"527\" data-id=\"61546\" src=\"https:\/\/www.de-paseo.com\/queretaro\/wp-content\/uploads\/2023\/06\/iberica-conf-prensa-2023-blog-4.jpg\" alt=\"\" class=\"wp-image-61546 lazyload\" srcset=\"https:\/\/www.de-paseo.com\/queretaro\/wp-content\/uploads\/2023\/06\/iberica-conf-prensa-2023-blog-4.jpg 800w, https:\/\/www.de-paseo.com\/queretaro\/wp-content\/uploads\/2023\/06\/iberica-conf-prensa-2023-blog-4-300x198.jpg 300w, https:\/\/www.de-paseo.com\/queretaro\/wp-content\/uploads\/2023\/06\/iberica-conf-prensa-2023-blog-4-768x506.jpg 768w\" sizes=\"auto, (max-width: 800px) 100vw, 800px\"\/><noscript><img loading=\"lazy\" decoding=\"async\" width=\"800\" height=\"527\" data-id=\"61546\" src=\"https:\/\/www.de-paseo.com\/queretaro\/wp-content\/uploads\/2023\/06\/iberica-conf-prensa-2023-blog-4.jpg\" alt=\"\" class=\"wp-image-61546 lazyload\" srcset=\"https:\/\/www.de-paseo.com\/queretaro\/wp-content\/uploads\/2023\/06\/iberica-conf-prensa-2023-blog-4.jpg 800w, https:\/\/www.de-paseo.com\/queretaro\/wp-content\/uploads\/2023\/06\/iberica-conf-prensa-2023-blog-4-300x198.jpg 300w, https:\/\/www.de-paseo.com\/queretaro\/wp-content\/uploads\/2023\/06\/iberica-conf-prensa-2023-blog-4-768x506.jpg 768w\" sizes=\"auto, (max-width: 800px) 100vw, 800px\"\/><\/noscript><\/a><\/figure>\n<figure class=\"wp-block-image size-large\"><a href=\"https:\/\/www.de-paseo.com\/queretaro\/wp-content\/uploads\/2023\/06\/iberica-conf-prensa-2023-blog-5.jpg\"><img loading=\"lazy\" decoding=\"async\" width=\"800\" height=\"527\" data-id=\"61545\" src=\"https:\/\/www.de-paseo.com\/queretaro\/wp-content\/uploads\/2023\/06\/iberica-conf-prensa-2023-blog-5.jpg\" alt=\"\" class=\"wp-image-61545 lazyload\" srcset=\"https:\/\/www.de-paseo.com\/queretaro\/wp-content\/uploads\/2023\/06\/iberica-conf-prensa-2023-blog-5.jpg 800w, https:\/\/www.de-paseo.com\/queretaro\/wp-content\/uploads\/2023\/06\/iberica-conf-prensa-2023-blog-5-300x198.jpg 300w, https:\/\/www.de-paseo.com\/queretaro\/wp-content\/uploads\/2023\/06\/iberica-conf-prensa-2023-blog-5-768x506.jpg 768w\" sizes=\"auto, (max-width: 800px) 100vw, 800px\"\/><noscript><img loading=\"lazy\" decoding=\"async\" width=\"800\" height=\"527\" data-id=\"61545\" src=\"https:\/\/www.de-paseo.com\/queretaro\/wp-content\/uploads\/2023\/06\/iberica-conf-prensa-2023-blog-5.jpg\" alt=\"\" class=\"wp-image-61545 lazyload\" srcset=\"https:\/\/www.de-paseo.com\/queretaro\/wp-content\/uploads\/2023\/06\/iberica-conf-prensa-2023-blog-5.jpg 800w, https:\/\/www.de-paseo.com\/queretaro\/wp-content\/uploads\/2023\/06\/iberica-conf-prensa-2023-blog-5-300x198.jpg 300w, https:\/\/www.de-paseo.com\/queretaro\/wp-content\/uploads\/2023\/06\/iberica-conf-prensa-2023-blog-5-768x506.jpg 768w\" sizes=\"auto, (max-width: 800px) 100vw, 800px\"\/><\/noscript><\/a><\/figure>\n<figure class=\"wp-block-image size-large\"><a href=\"https:\/\/www.de-paseo.com\/queretaro\/wp-content\/uploads\/2023\/06\/iberica-conf-prensa-2023-blog-6.jpg\"><img loading=\"lazy\" decoding=\"async\" width=\"800\" height=\"527\" data-id=\"61544\" src=\"https:\/\/www.de-paseo.com\/queretaro\/wp-content\/uploads\/2023\/06\/iberica-conf-prensa-2023-blog-6.jpg\" alt=\"\" class=\"wp-image-61544 lazyload\" srcset=\"https:\/\/www.de-paseo.com\/queretaro\/wp-content\/uploads\/2023\/06\/iberica-conf-prensa-2023-blog-6.jpg 800w, https:\/\/www.de-paseo.com\/queretaro\/wp-content\/uploads\/2023\/06\/iberica-conf-prensa-2023-blog-6-300x198.jpg 300w, https:\/\/www.de-paseo.com\/queretaro\/wp-content\/uploads\/2023\/06\/iberica-conf-prensa-2023-blog-6-768x506.jpg 768w\" sizes=\"auto, (max-width: 800px) 100vw, 800px\"\/><noscript><img loading=\"lazy\" decoding=\"async\" width=\"800\" height=\"527\" data-id=\"61544\" src=\"https:\/\/www.de-paseo.com\/queretaro\/wp-content\/uploads\/2023\/06\/iberica-conf-prensa-2023-blog-6.jpg\" alt=\"\" class=\"wp-image-61544 lazyload\" srcset=\"https:\/\/www.de-paseo.com\/queretaro\/wp-content\/uploads\/2023\/06\/iberica-conf-prensa-2023-blog-6.jpg 800w, https:\/\/www.de-paseo.com\/queretaro\/wp-content\/uploads\/2023\/06\/iberica-conf-prensa-2023-blog-6-300x198.jpg 300w, https:\/\/www.de-paseo.com\/queretaro\/wp-content\/uploads\/2023\/06\/iberica-conf-prensa-2023-blog-6-768x506.jpg 768w\" sizes=\"auto, (max-width: 800px) 100vw, 800px\"\/><\/noscript><\/a><\/figure>\n<\/figure>\n<\/div>\n<p><script type='text\/javascript'> !function(f,b,e,v,n,t,s){if(f.fbq)return;n=f.fbq=function(){n.callMethod?\nn.callMethod.apply(n,arguments):n.queue.push(arguments)};if(!f._fbq)f._fbq=n;\nn.push=n;n.loaded=!0;n.version='2.0';n.queue=[];t=b.createElement(e);t.async=!0;\nt.src=v;s=b.getElementsByTagName(e)[0];s.parentNode.insertBefore(t,s)}(window,\ndocument,'script','https:\/\/connect.facebook.net\/en_US\/fbevents.js?v=next'); <\/script><\/p>\n","protected":false},"excerpt":{"rendered":"<p>Este gran festival danc\u00edstico en su 9a edici\u00f3n tiene el lema \u201cCelebra con Ib\u00e9rica\u201d y consolida al Festival Ib\u00e9rica Contempor\u00e1nea como el encuentro de Flamenco m\u00e1s importante en M\u00e9xico y uno de los m\u00e1s reconocidos a nivel internacional. En el, los amantes de la danza podr\u00e1n encontrar talleres y espect\u00e1culos con grandes figuras de la [&hellip;]<\/p>\n","protected":false},"author":2,"featured_media":12739,"comment_status":"","ping_status":"","sticky":false,"template":"","format":"standard","meta":{"_monsterinsights_skip_tracking":false,"_monsterinsights_sitenote_active":false,"_monsterinsights_sitenote_note":"","_monsterinsights_sitenote_category":0,"footnotes":""},"categories":[10],"tags":[],"class_list":["post-12738","post","type-post","status-publish","format-standard","has-post-thumbnail","hentry","category-cultura"],"_links":{"self":[{"href":"https:\/\/informebajio.com.mx\/index.php?rest_route=\/wp\/v2\/posts\/12738","targetHints":{"allow":["GET"]}}],"collection":[{"href":"https:\/\/informebajio.com.mx\/index.php?rest_route=\/wp\/v2\/posts"}],"about":[{"href":"https:\/\/informebajio.com.mx\/index.php?rest_route=\/wp\/v2\/types\/post"}],"author":[{"embeddable":true,"href":"https:\/\/informebajio.com.mx\/index.php?rest_route=\/wp\/v2\/users\/2"}],"replies":[{"embeddable":true,"href":"https:\/\/informebajio.com.mx\/index.php?rest_route=%2Fwp%2Fv2%2Fcomments&post=12738"}],"version-history":[{"count":0,"href":"https:\/\/informebajio.com.mx\/index.php?rest_route=\/wp\/v2\/posts\/12738\/revisions"}],"wp:featuredmedia":[{"embeddable":true,"href":"https:\/\/informebajio.com.mx\/index.php?rest_route=\/wp\/v2\/media\/12739"}],"wp:attachment":[{"href":"https:\/\/informebajio.com.mx\/index.php?rest_route=%2Fwp%2Fv2%2Fmedia&parent=12738"}],"wp:term":[{"taxonomy":"category","embeddable":true,"href":"https:\/\/informebajio.com.mx\/index.php?rest_route=%2Fwp%2Fv2%2Fcategories&post=12738"},{"taxonomy":"post_tag","embeddable":true,"href":"https:\/\/informebajio.com.mx\/index.php?rest_route=%2Fwp%2Fv2%2Ftags&post=12738"}],"curies":[{"name":"wp","href":"https:\/\/api.w.org\/{rel}","templated":true}]}}