{"id":13847,"date":"2023-07-09T16:18:10","date_gmt":"2023-07-09T21:18:10","guid":{"rendered":"https:\/\/informebajio.com.mx\/?p=13847"},"modified":"2023-07-09T16:18:10","modified_gmt":"2023-07-09T21:18:10","slug":"asi-se-vivio-el-primer-dia-del-festival-iberica-contemporanea-en-queretaro","status":"publish","type":"post","link":"https:\/\/informebajio.com.mx\/?p=13847","title":{"rendered":"As\u00ed se vivi\u00f3 el primer d\u00eda del Festival Ib\u00e9rica contempor\u00e1nea en Quer\u00e9taro"},"content":{"rendered":"<div>\n<p>Con un Performance frente al templo de Santa Clara donde los asistentes disfrutaron el arte de Jos\u00e9 Manuel \u00c1lvarez (Espa\u00f1a) comenz\u00f3 esta gran fiesta danc\u00edstica, para despu\u00e9s recorrer el Andador Madero donde desde diferentes y hermosos balcones, un cantaor, una bailaora y un m\u00fasico (guitarrista) fueron introduciendo al p\u00fablico a los elementos que componen el baile flamenco, agasajando as\u00ed los sentidos del p\u00fablico presente.<\/p>\n<figure class=\"wp-block-gallery has-nested-images columns-2 is-cropped wp-block-gallery-1 is-layout-flex\">\n<figure class=\"wp-block-image size-full\"><a href=\"https:\/\/www.de-paseo.com\/queretaro\/wp-content\/uploads\/2023\/07\/iberica-8-jul-2023-calle-blog-1.jpg\" target=\"_blank\" rel=\"noopener\"><img loading=\"lazy\" decoding=\"async\" width=\"800\" height=\"533\" data-id=\"61791\" src=\"https:\/\/www.de-paseo.com\/queretaro\/wp-content\/uploads\/2023\/07\/iberica-8-jul-2023-calle-blog-1.jpg\" alt=\"\" class=\"wp-image-61791\" srcset=\"https:\/\/www.de-paseo.com\/queretaro\/wp-content\/uploads\/2023\/07\/iberica-8-jul-2023-calle-blog-1.jpg 800w, https:\/\/www.de-paseo.com\/queretaro\/wp-content\/uploads\/2023\/07\/iberica-8-jul-2023-calle-blog-1-300x200.jpg 300w, https:\/\/www.de-paseo.com\/queretaro\/wp-content\/uploads\/2023\/07\/iberica-8-jul-2023-calle-blog-1-768x512.jpg 768w\" sizes=\"auto, (max-width: 800px) 100vw, 800px\"\/><\/a><\/figure>\n<figure class=\"wp-block-image size-full\"><a href=\"https:\/\/www.de-paseo.com\/queretaro\/wp-content\/uploads\/2023\/07\/iberica-8-jul-2023-calle-blog-2.jpg\" target=\"_blank\" rel=\"noopener\"><img decoding=\"async\" loading=\"lazy\" width=\"800\" height=\"533\" data-id=\"61792\" src=\"https:\/\/www.de-paseo.com\/queretaro\/wp-content\/uploads\/2023\/07\/iberica-8-jul-2023-calle-blog-2.jpg\" alt=\"\" class=\"wp-image-61792\" srcset=\"https:\/\/www.de-paseo.com\/queretaro\/wp-content\/uploads\/2023\/07\/iberica-8-jul-2023-calle-blog-2.jpg 800w, https:\/\/www.de-paseo.com\/queretaro\/wp-content\/uploads\/2023\/07\/iberica-8-jul-2023-calle-blog-2-300x200.jpg 300w, https:\/\/www.de-paseo.com\/queretaro\/wp-content\/uploads\/2023\/07\/iberica-8-jul-2023-calle-blog-2-768x512.jpg 768w\" sizes=\"auto, (max-width: 800px) 100vw, 800px\"\/><\/a><\/figure>\n<figure class=\"wp-block-image size-full\"><a href=\"https:\/\/www.de-paseo.com\/queretaro\/wp-content\/uploads\/2023\/07\/iberica-8-jul-2023-calle-blog-3.jpg\" target=\"_blank\" rel=\"noopener\"><img decoding=\"async\" loading=\"lazy\" width=\"800\" height=\"533\" data-id=\"61793\" src=\"https:\/\/www.de-paseo.com\/queretaro\/wp-content\/uploads\/2023\/07\/iberica-8-jul-2023-calle-blog-3.jpg\" alt=\"\" class=\"wp-image-61793\" srcset=\"https:\/\/www.de-paseo.com\/queretaro\/wp-content\/uploads\/2023\/07\/iberica-8-jul-2023-calle-blog-3.jpg 800w, https:\/\/www.de-paseo.com\/queretaro\/wp-content\/uploads\/2023\/07\/iberica-8-jul-2023-calle-blog-3-300x200.jpg 300w, https:\/\/www.de-paseo.com\/queretaro\/wp-content\/uploads\/2023\/07\/iberica-8-jul-2023-calle-blog-3-768x512.jpg 768w\" sizes=\"auto, (max-width: 800px) 100vw, 800px\"\/><\/a><\/figure>\n<figure class=\"wp-block-image size-full\"><a href=\"https:\/\/www.de-paseo.com\/queretaro\/wp-content\/uploads\/2023\/07\/iberica-8-jul-2023-calle-blog-4.jpg\" target=\"_blank\" rel=\"noopener\"><img decoding=\"async\" loading=\"lazy\" width=\"800\" height=\"533\" data-id=\"61795\" src=\"https:\/\/www.de-paseo.com\/queretaro\/wp-content\/uploads\/2023\/07\/iberica-8-jul-2023-calle-blog-4.jpg\" alt=\"\" class=\"wp-image-61795\" srcset=\"https:\/\/www.de-paseo.com\/queretaro\/wp-content\/uploads\/2023\/07\/iberica-8-jul-2023-calle-blog-4.jpg 800w, https:\/\/www.de-paseo.com\/queretaro\/wp-content\/uploads\/2023\/07\/iberica-8-jul-2023-calle-blog-4-300x200.jpg 300w, https:\/\/www.de-paseo.com\/queretaro\/wp-content\/uploads\/2023\/07\/iberica-8-jul-2023-calle-blog-4-768x512.jpg 768w\" sizes=\"auto, (max-width: 800px) 100vw, 800px\"\/><\/a><\/figure>\n<figure class=\"wp-block-image size-full\"><a href=\"https:\/\/www.de-paseo.com\/queretaro\/wp-content\/uploads\/2023\/07\/iberica-8-jul-2023-calle-blog-5.jpg\" target=\"_blank\" rel=\"noopener\"><img decoding=\"async\" loading=\"lazy\" width=\"800\" height=\"533\" data-id=\"61790\" src=\"https:\/\/www.de-paseo.com\/queretaro\/wp-content\/uploads\/2023\/07\/iberica-8-jul-2023-calle-blog-5.jpg\" alt=\"\" class=\"wp-image-61790\" srcset=\"https:\/\/www.de-paseo.com\/queretaro\/wp-content\/uploads\/2023\/07\/iberica-8-jul-2023-calle-blog-5.jpg 800w, https:\/\/www.de-paseo.com\/queretaro\/wp-content\/uploads\/2023\/07\/iberica-8-jul-2023-calle-blog-5-300x200.jpg 300w, https:\/\/www.de-paseo.com\/queretaro\/wp-content\/uploads\/2023\/07\/iberica-8-jul-2023-calle-blog-5-768x512.jpg 768w\" sizes=\"auto, (max-width: 800px) 100vw, 800px\"\/><\/a><\/figure>\n<figure class=\"wp-block-image size-full\"><a href=\"https:\/\/www.de-paseo.com\/queretaro\/wp-content\/uploads\/2023\/07\/iberica-8-jul-2023-calle-blog-6.jpg\" target=\"_blank\" rel=\"noopener\"><img decoding=\"async\" loading=\"lazy\" width=\"800\" height=\"533\" data-id=\"61796\" src=\"https:\/\/www.de-paseo.com\/queretaro\/wp-content\/uploads\/2023\/07\/iberica-8-jul-2023-calle-blog-6.jpg\" alt=\"\" class=\"wp-image-61796\" srcset=\"https:\/\/www.de-paseo.com\/queretaro\/wp-content\/uploads\/2023\/07\/iberica-8-jul-2023-calle-blog-6.jpg 800w, https:\/\/www.de-paseo.com\/queretaro\/wp-content\/uploads\/2023\/07\/iberica-8-jul-2023-calle-blog-6-300x200.jpg 300w, https:\/\/www.de-paseo.com\/queretaro\/wp-content\/uploads\/2023\/07\/iberica-8-jul-2023-calle-blog-6-768x512.jpg 768w\" sizes=\"auto, (max-width: 800px) 100vw, 800px\"\/><\/a><\/figure>\n<figure class=\"wp-block-image size-full\"><a href=\"https:\/\/www.de-paseo.com\/queretaro\/wp-content\/uploads\/2023\/07\/iberica-8-jul-2023-calle-blog-7.jpg\" target=\"_blank\" rel=\"noopener\"><img decoding=\"async\" loading=\"lazy\" width=\"800\" height=\"533\" data-id=\"61794\" src=\"https:\/\/www.de-paseo.com\/queretaro\/wp-content\/uploads\/2023\/07\/iberica-8-jul-2023-calle-blog-7.jpg\" alt=\"\" class=\"wp-image-61794\" srcset=\"https:\/\/www.de-paseo.com\/queretaro\/wp-content\/uploads\/2023\/07\/iberica-8-jul-2023-calle-blog-7.jpg 800w, https:\/\/www.de-paseo.com\/queretaro\/wp-content\/uploads\/2023\/07\/iberica-8-jul-2023-calle-blog-7-300x200.jpg 300w, https:\/\/www.de-paseo.com\/queretaro\/wp-content\/uploads\/2023\/07\/iberica-8-jul-2023-calle-blog-7-768x512.jpg 768w\" sizes=\"auto, (max-width: 800px) 100vw, 800px\"\/><\/a><\/figure>\n<\/figure>\n<p>El evento en las calles culmin\u00f3 con una divertida clase p\u00fablica en la Plaza Constituci\u00f3n, donde el animado p\u00fablico sigui\u00f3 los pasos que el Maestro Juan Paredes iba poniendo.<\/p>\n<figure class=\"wp-block-gallery has-nested-images columns-default is-cropped wp-block-gallery-3 is-layout-flex\">\n<figure class=\"wp-block-image size-full\"><a href=\"https:\/\/www.de-paseo.com\/queretaro\/wp-content\/uploads\/2023\/07\/iberica-8-jul-2023-calle-blog-8.jpg\" target=\"_blank\" rel=\"noopener\"><img decoding=\"async\" loading=\"lazy\" width=\"800\" height=\"533\" data-id=\"61797\" src=\"https:\/\/www.de-paseo.com\/queretaro\/wp-content\/uploads\/2023\/07\/iberica-8-jul-2023-calle-blog-8.jpg\" alt=\"\" class=\"wp-image-61797\" srcset=\"https:\/\/www.de-paseo.com\/queretaro\/wp-content\/uploads\/2023\/07\/iberica-8-jul-2023-calle-blog-8.jpg 800w, https:\/\/www.de-paseo.com\/queretaro\/wp-content\/uploads\/2023\/07\/iberica-8-jul-2023-calle-blog-8-300x200.jpg 300w, https:\/\/www.de-paseo.com\/queretaro\/wp-content\/uploads\/2023\/07\/iberica-8-jul-2023-calle-blog-8-768x512.jpg 768w\" sizes=\"auto, (max-width: 800px) 100vw, 800px\"\/><\/a><\/figure>\n<figure class=\"wp-block-image size-full\"><a href=\"https:\/\/www.de-paseo.com\/queretaro\/wp-content\/uploads\/2023\/07\/iberica-8-jul-2023-calle-blog-9.jpg\" target=\"_blank\" rel=\"noopener\"><img decoding=\"async\" loading=\"lazy\" width=\"800\" height=\"533\" data-id=\"61798\" src=\"https:\/\/www.de-paseo.com\/queretaro\/wp-content\/uploads\/2023\/07\/iberica-8-jul-2023-calle-blog-9.jpg\" alt=\"\" class=\"wp-image-61798\" srcset=\"https:\/\/www.de-paseo.com\/queretaro\/wp-content\/uploads\/2023\/07\/iberica-8-jul-2023-calle-blog-9.jpg 800w, https:\/\/www.de-paseo.com\/queretaro\/wp-content\/uploads\/2023\/07\/iberica-8-jul-2023-calle-blog-9-300x200.jpg 300w, https:\/\/www.de-paseo.com\/queretaro\/wp-content\/uploads\/2023\/07\/iberica-8-jul-2023-calle-blog-9-768x512.jpg 768w\" sizes=\"auto, (max-width: 800px) 100vw, 800px\"\/><\/a><\/figure>\n<\/figure>\n<p>M\u00e1s tarde, se realiz\u00f3 la primera gala en el Teatro de la Ciudad, con el t\u00edtulo, \u201cM\u00e9xico Emerge\u201d, donde nueve academias previamente elegidas concursaron y mostraron su talento y recibieron un merecido reconocimiento, despu\u00e9s de unas palabras de Adriana Covarrubias, Directora del evento y la Lic. Marcela Herbert, Secretaria de Cultura del estado de Quer\u00e9taro donde agradecieron a maestros, artistas, patrocinadores y p\u00fablico en general por el apoyo en la realizaci\u00f3n de la IX Edici\u00f3n del festival.<\/p>\n<p>Aqu\u00ed les compartimos algunas im\u00e1genes del bello espect\u00e1culo ofrecido.<\/p>\n<figure class=\"wp-block-gallery has-nested-images columns-2 is-cropped wp-block-gallery-5 is-layout-flex\">\n<figure class=\"wp-block-image size-large\"><a href=\"https:\/\/www.de-paseo.com\/queretaro\/wp-content\/uploads\/2023\/07\/iberica-mexico-emerge-8-jul2023-blog-1.jpg\" target=\"_blank\" rel=\"noopener\"><img decoding=\"async\" loading=\"lazy\" width=\"800\" height=\"533\" data-id=\"61804\" src=\"https:\/\/www.de-paseo.com\/queretaro\/wp-content\/uploads\/2023\/07\/iberica-mexico-emerge-8-jul2023-blog-1.jpg\" alt=\"\" class=\"wp-image-61804\" srcset=\"https:\/\/www.de-paseo.com\/queretaro\/wp-content\/uploads\/2023\/07\/iberica-mexico-emerge-8-jul2023-blog-1.jpg 800w, https:\/\/www.de-paseo.com\/queretaro\/wp-content\/uploads\/2023\/07\/iberica-mexico-emerge-8-jul2023-blog-1-300x200.jpg 300w, https:\/\/www.de-paseo.com\/queretaro\/wp-content\/uploads\/2023\/07\/iberica-mexico-emerge-8-jul2023-blog-1-768x512.jpg 768w\" sizes=\"auto, (max-width: 800px) 100vw, 800px\"\/><\/a><\/figure>\n<figure class=\"wp-block-image size-large\"><a href=\"https:\/\/www.de-paseo.com\/queretaro\/wp-content\/uploads\/2023\/07\/iberica-mexico-emerge-8-jul2023-blog-3.jpg\" target=\"_blank\" rel=\"noopener\"><img decoding=\"async\" loading=\"lazy\" width=\"800\" height=\"533\" data-id=\"61799\" src=\"https:\/\/www.de-paseo.com\/queretaro\/wp-content\/uploads\/2023\/07\/iberica-mexico-emerge-8-jul2023-blog-3.jpg\" alt=\"\" class=\"wp-image-61799\" srcset=\"https:\/\/www.de-paseo.com\/queretaro\/wp-content\/uploads\/2023\/07\/iberica-mexico-emerge-8-jul2023-blog-3.jpg 800w, https:\/\/www.de-paseo.com\/queretaro\/wp-content\/uploads\/2023\/07\/iberica-mexico-emerge-8-jul2023-blog-3-300x200.jpg 300w, https:\/\/www.de-paseo.com\/queretaro\/wp-content\/uploads\/2023\/07\/iberica-mexico-emerge-8-jul2023-blog-3-768x512.jpg 768w\" sizes=\"auto, (max-width: 800px) 100vw, 800px\"\/><\/a><\/figure>\n<figure class=\"wp-block-image size-large\"><a href=\"https:\/\/www.de-paseo.com\/queretaro\/wp-content\/uploads\/2023\/07\/iberica-mexico-emerge-8-jul2023-blog-4.jpg\" target=\"_blank\" rel=\"noopener\"><img decoding=\"async\" loading=\"lazy\" width=\"800\" height=\"533\" data-id=\"61808\" src=\"https:\/\/www.de-paseo.com\/queretaro\/wp-content\/uploads\/2023\/07\/iberica-mexico-emerge-8-jul2023-blog-4.jpg\" alt=\"\" class=\"wp-image-61808\" srcset=\"https:\/\/www.de-paseo.com\/queretaro\/wp-content\/uploads\/2023\/07\/iberica-mexico-emerge-8-jul2023-blog-4.jpg 800w, https:\/\/www.de-paseo.com\/queretaro\/wp-content\/uploads\/2023\/07\/iberica-mexico-emerge-8-jul2023-blog-4-300x200.jpg 300w, https:\/\/www.de-paseo.com\/queretaro\/wp-content\/uploads\/2023\/07\/iberica-mexico-emerge-8-jul2023-blog-4-768x512.jpg 768w\" sizes=\"auto, (max-width: 800px) 100vw, 800px\"\/><\/a><\/figure>\n<figure class=\"wp-block-image size-large\"><a href=\"https:\/\/www.de-paseo.com\/queretaro\/wp-content\/uploads\/2023\/07\/iberica-mexico-emerge-8-jul2023-blog-5.jpg\" target=\"_blank\" rel=\"noopener\"><img decoding=\"async\" loading=\"lazy\" width=\"800\" height=\"533\" data-id=\"61810\" src=\"https:\/\/www.de-paseo.com\/queretaro\/wp-content\/uploads\/2023\/07\/iberica-mexico-emerge-8-jul2023-blog-5.jpg\" alt=\"\" class=\"wp-image-61810\" srcset=\"https:\/\/www.de-paseo.com\/queretaro\/wp-content\/uploads\/2023\/07\/iberica-mexico-emerge-8-jul2023-blog-5.jpg 800w, https:\/\/www.de-paseo.com\/queretaro\/wp-content\/uploads\/2023\/07\/iberica-mexico-emerge-8-jul2023-blog-5-300x200.jpg 300w, https:\/\/www.de-paseo.com\/queretaro\/wp-content\/uploads\/2023\/07\/iberica-mexico-emerge-8-jul2023-blog-5-768x512.jpg 768w\" sizes=\"auto, (max-width: 800px) 100vw, 800px\"\/><\/a><\/figure>\n<figure class=\"wp-block-image size-large\"><a href=\"https:\/\/www.de-paseo.com\/queretaro\/wp-content\/uploads\/2023\/07\/iberica-mexico-emerge-8-jul2023-blog-6.jpg\" target=\"_blank\" rel=\"noopener\"><img decoding=\"async\" loading=\"lazy\" width=\"800\" height=\"533\" data-id=\"61806\" src=\"https:\/\/www.de-paseo.com\/queretaro\/wp-content\/uploads\/2023\/07\/iberica-mexico-emerge-8-jul2023-blog-6.jpg\" alt=\"\" class=\"wp-image-61806\" srcset=\"https:\/\/www.de-paseo.com\/queretaro\/wp-content\/uploads\/2023\/07\/iberica-mexico-emerge-8-jul2023-blog-6.jpg 800w, https:\/\/www.de-paseo.com\/queretaro\/wp-content\/uploads\/2023\/07\/iberica-mexico-emerge-8-jul2023-blog-6-300x200.jpg 300w, https:\/\/www.de-paseo.com\/queretaro\/wp-content\/uploads\/2023\/07\/iberica-mexico-emerge-8-jul2023-blog-6-768x512.jpg 768w\" sizes=\"auto, (max-width: 800px) 100vw, 800px\"\/><\/a><\/figure>\n<figure class=\"wp-block-image size-large\"><a href=\"https:\/\/www.de-paseo.com\/queretaro\/wp-content\/uploads\/2023\/07\/iberica-mexico-emerge-8-jul2023-blog-7.jpg\" target=\"_blank\" rel=\"noopener\"><img decoding=\"async\" loading=\"lazy\" width=\"800\" height=\"533\" data-id=\"61800\" src=\"https:\/\/www.de-paseo.com\/queretaro\/wp-content\/uploads\/2023\/07\/iberica-mexico-emerge-8-jul2023-blog-7.jpg\" alt=\"\" class=\"wp-image-61800\" srcset=\"https:\/\/www.de-paseo.com\/queretaro\/wp-content\/uploads\/2023\/07\/iberica-mexico-emerge-8-jul2023-blog-7.jpg 800w, https:\/\/www.de-paseo.com\/queretaro\/wp-content\/uploads\/2023\/07\/iberica-mexico-emerge-8-jul2023-blog-7-300x200.jpg 300w, https:\/\/www.de-paseo.com\/queretaro\/wp-content\/uploads\/2023\/07\/iberica-mexico-emerge-8-jul2023-blog-7-768x512.jpg 768w\" sizes=\"auto, (max-width: 800px) 100vw, 800px\"\/><\/a><\/figure>\n<figure class=\"wp-block-image size-large\"><a href=\"https:\/\/www.de-paseo.com\/queretaro\/wp-content\/uploads\/2023\/07\/iberica-mexico-emerge-8-jul2023-blog-8.jpg\" target=\"_blank\" rel=\"noopener\"><img decoding=\"async\" loading=\"lazy\" width=\"800\" height=\"533\" data-id=\"61803\" src=\"https:\/\/www.de-paseo.com\/queretaro\/wp-content\/uploads\/2023\/07\/iberica-mexico-emerge-8-jul2023-blog-8.jpg\" alt=\"\" class=\"wp-image-61803\" srcset=\"https:\/\/www.de-paseo.com\/queretaro\/wp-content\/uploads\/2023\/07\/iberica-mexico-emerge-8-jul2023-blog-8.jpg 800w, https:\/\/www.de-paseo.com\/queretaro\/wp-content\/uploads\/2023\/07\/iberica-mexico-emerge-8-jul2023-blog-8-300x200.jpg 300w, https:\/\/www.de-paseo.com\/queretaro\/wp-content\/uploads\/2023\/07\/iberica-mexico-emerge-8-jul2023-blog-8-768x512.jpg 768w\" sizes=\"auto, (max-width: 800px) 100vw, 800px\"\/><\/a><\/figure>\n<figure class=\"wp-block-image size-large\"><a href=\"https:\/\/www.de-paseo.com\/queretaro\/wp-content\/uploads\/2023\/07\/iberica-mexico-emerge-8-jul2023-blog-9.jpg\" target=\"_blank\" rel=\"noopener\"><img decoding=\"async\" loading=\"lazy\" width=\"800\" height=\"533\" data-id=\"61801\" src=\"https:\/\/www.de-paseo.com\/queretaro\/wp-content\/uploads\/2023\/07\/iberica-mexico-emerge-8-jul2023-blog-9.jpg\" alt=\"\" class=\"wp-image-61801\" srcset=\"https:\/\/www.de-paseo.com\/queretaro\/wp-content\/uploads\/2023\/07\/iberica-mexico-emerge-8-jul2023-blog-9.jpg 800w, https:\/\/www.de-paseo.com\/queretaro\/wp-content\/uploads\/2023\/07\/iberica-mexico-emerge-8-jul2023-blog-9-300x200.jpg 300w, https:\/\/www.de-paseo.com\/queretaro\/wp-content\/uploads\/2023\/07\/iberica-mexico-emerge-8-jul2023-blog-9-768x512.jpg 768w\" sizes=\"auto, (max-width: 800px) 100vw, 800px\"\/><\/a><\/figure>\n<figure class=\"wp-block-image size-large\"><a href=\"https:\/\/www.de-paseo.com\/queretaro\/wp-content\/uploads\/2023\/07\/iberica-mexico-emerge-8-jul2023-blog-10.jpg\" target=\"_blank\" rel=\"noopener\"><img decoding=\"async\" loading=\"lazy\" width=\"800\" height=\"533\" data-id=\"61807\" src=\"https:\/\/www.de-paseo.com\/queretaro\/wp-content\/uploads\/2023\/07\/iberica-mexico-emerge-8-jul2023-blog-10.jpg\" alt=\"\" class=\"wp-image-61807\" srcset=\"https:\/\/www.de-paseo.com\/queretaro\/wp-content\/uploads\/2023\/07\/iberica-mexico-emerge-8-jul2023-blog-10.jpg 800w, https:\/\/www.de-paseo.com\/queretaro\/wp-content\/uploads\/2023\/07\/iberica-mexico-emerge-8-jul2023-blog-10-300x200.jpg 300w, https:\/\/www.de-paseo.com\/queretaro\/wp-content\/uploads\/2023\/07\/iberica-mexico-emerge-8-jul2023-blog-10-768x512.jpg 768w\" sizes=\"auto, (max-width: 800px) 100vw, 800px\"\/><\/a><\/figure>\n<figure class=\"wp-block-image size-large\"><a href=\"https:\/\/www.de-paseo.com\/queretaro\/wp-content\/uploads\/2023\/07\/iberica-mexico-emerge-8-jul2023-blog-11.jpg\" target=\"_blank\" rel=\"noopener\"><img decoding=\"async\" loading=\"lazy\" width=\"800\" height=\"533\" data-id=\"61802\" src=\"https:\/\/www.de-paseo.com\/queretaro\/wp-content\/uploads\/2023\/07\/iberica-mexico-emerge-8-jul2023-blog-11.jpg\" alt=\"\" class=\"wp-image-61802\" srcset=\"https:\/\/www.de-paseo.com\/queretaro\/wp-content\/uploads\/2023\/07\/iberica-mexico-emerge-8-jul2023-blog-11.jpg 800w, https:\/\/www.de-paseo.com\/queretaro\/wp-content\/uploads\/2023\/07\/iberica-mexico-emerge-8-jul2023-blog-11-300x200.jpg 300w, https:\/\/www.de-paseo.com\/queretaro\/wp-content\/uploads\/2023\/07\/iberica-mexico-emerge-8-jul2023-blog-11-768x512.jpg 768w\" sizes=\"auto, (max-width: 800px) 100vw, 800px\"\/><\/a><\/figure>\n<figure class=\"wp-block-image size-large\"><a href=\"https:\/\/www.de-paseo.com\/queretaro\/wp-content\/uploads\/2023\/07\/iberica-mexico-emerge-8-jul2023-blog-12.jpg\" target=\"_blank\" rel=\"noopener\"><img decoding=\"async\" loading=\"lazy\" width=\"800\" height=\"533\" data-id=\"61809\" src=\"https:\/\/www.de-paseo.com\/queretaro\/wp-content\/uploads\/2023\/07\/iberica-mexico-emerge-8-jul2023-blog-12.jpg\" alt=\"\" class=\"wp-image-61809\" srcset=\"https:\/\/www.de-paseo.com\/queretaro\/wp-content\/uploads\/2023\/07\/iberica-mexico-emerge-8-jul2023-blog-12.jpg 800w, https:\/\/www.de-paseo.com\/queretaro\/wp-content\/uploads\/2023\/07\/iberica-mexico-emerge-8-jul2023-blog-12-300x200.jpg 300w, https:\/\/www.de-paseo.com\/queretaro\/wp-content\/uploads\/2023\/07\/iberica-mexico-emerge-8-jul2023-blog-12-768x512.jpg 768w\" sizes=\"auto, (max-width: 800px) 100vw, 800px\"\/><\/a><\/figure>\n<figure class=\"wp-block-image size-large\"><a href=\"https:\/\/www.de-paseo.com\/queretaro\/wp-content\/uploads\/2023\/07\/iberica-mexico-emerge-8-jul2023-blog-13.jpg\" target=\"_blank\" rel=\"noopener\"><img decoding=\"async\" loading=\"lazy\" width=\"800\" height=\"533\" data-id=\"61805\" src=\"https:\/\/www.de-paseo.com\/queretaro\/wp-content\/uploads\/2023\/07\/iberica-mexico-emerge-8-jul2023-blog-13.jpg\" alt=\"\" class=\"wp-image-61805\" srcset=\"https:\/\/www.de-paseo.com\/queretaro\/wp-content\/uploads\/2023\/07\/iberica-mexico-emerge-8-jul2023-blog-13.jpg 800w, https:\/\/www.de-paseo.com\/queretaro\/wp-content\/uploads\/2023\/07\/iberica-mexico-emerge-8-jul2023-blog-13-300x200.jpg 300w, https:\/\/www.de-paseo.com\/queretaro\/wp-content\/uploads\/2023\/07\/iberica-mexico-emerge-8-jul2023-blog-13-768x512.jpg 768w\" sizes=\"auto, (max-width: 800px) 100vw, 800px\"\/><\/a><\/figure>\n<\/figure>\n<p>No olvides que toda una semana se podr\u00e1n disfrutar diferentes espect\u00e1culos. <strong><a href=\"https:\/\/www.de-paseo.com\/queretaro\/event-pro\/iberica-contemporanea\/\" target=\"_blank\" rel=\"noreferrer noopener\">Consulta el programa completo (CLICK AQU\u00cd)<\/a><\/strong> y compra ya tus boletos en <strong><a href=\"https:\/\/ticketpoint.mx\/iberica-contemporanea\/\" target=\"_blank\" rel=\"noreferrer noopener\">TICKETPOINT<\/a><\/strong><\/p>\n<\/p><\/div>\n<p><script type='text\/javascript'>\n!function(f,b,e,v,n,t,s){if(f.fbq)return;n=f.fbq=function(){n.callMethod?\nn.callMethod.apply(n,arguments):n.queue.push(arguments)};if(!f._fbq)f._fbq=n;\nn.push=n;n.loaded=!0;n.version='2.0';n.queue=[];t=b.createElement(e);t.async=!0;\nt.src=v;s=b.getElementsByTagName(e)[0];s.parentNode.insertBefore(t,s)}(window,\ndocument,'script','https:\/\/connect.facebook.net\/en_US\/fbevents.js?v=next');\n<\/script><\/p>\n","protected":false},"excerpt":{"rendered":"<p>Con un Performance frente al templo de Santa Clara donde los asistentes disfrutaron el arte de Jos\u00e9 Manuel \u00c1lvarez (Espa\u00f1a) comenz\u00f3 esta gran fiesta danc\u00edstica, para despu\u00e9s recorrer el Andador Madero donde desde diferentes y hermosos balcones, un cantaor, una bailaora y un m\u00fasico (guitarrista) fueron introduciendo al p\u00fablico a los elementos que componen el [&hellip;]<\/p>\n","protected":false},"author":2,"featured_media":13848,"comment_status":"","ping_status":"","sticky":false,"template":"","format":"standard","meta":{"_monsterinsights_skip_tracking":false,"_monsterinsights_sitenote_active":false,"_monsterinsights_sitenote_note":"","_monsterinsights_sitenote_category":0,"footnotes":""},"categories":[10],"tags":[],"class_list":["post-13847","post","type-post","status-publish","format-standard","has-post-thumbnail","hentry","category-cultura"],"_links":{"self":[{"href":"https:\/\/informebajio.com.mx\/index.php?rest_route=\/wp\/v2\/posts\/13847","targetHints":{"allow":["GET"]}}],"collection":[{"href":"https:\/\/informebajio.com.mx\/index.php?rest_route=\/wp\/v2\/posts"}],"about":[{"href":"https:\/\/informebajio.com.mx\/index.php?rest_route=\/wp\/v2\/types\/post"}],"author":[{"embeddable":true,"href":"https:\/\/informebajio.com.mx\/index.php?rest_route=\/wp\/v2\/users\/2"}],"replies":[{"embeddable":true,"href":"https:\/\/informebajio.com.mx\/index.php?rest_route=%2Fwp%2Fv2%2Fcomments&post=13847"}],"version-history":[{"count":0,"href":"https:\/\/informebajio.com.mx\/index.php?rest_route=\/wp\/v2\/posts\/13847\/revisions"}],"wp:featuredmedia":[{"embeddable":true,"href":"https:\/\/informebajio.com.mx\/index.php?rest_route=\/wp\/v2\/media\/13848"}],"wp:attachment":[{"href":"https:\/\/informebajio.com.mx\/index.php?rest_route=%2Fwp%2Fv2%2Fmedia&parent=13847"}],"wp:term":[{"taxonomy":"category","embeddable":true,"href":"https:\/\/informebajio.com.mx\/index.php?rest_route=%2Fwp%2Fv2%2Fcategories&post=13847"},{"taxonomy":"post_tag","embeddable":true,"href":"https:\/\/informebajio.com.mx\/index.php?rest_route=%2Fwp%2Fv2%2Ftags&post=13847"}],"curies":[{"name":"wp","href":"https:\/\/api.w.org\/{rel}","templated":true}]}}