{"id":13909,"date":"2023-07-10T22:31:53","date_gmt":"2023-07-11T03:31:53","guid":{"rendered":"https:\/\/informebajio.com.mx\/?p=13909"},"modified":"2023-07-10T22:31:53","modified_gmt":"2023-07-11T03:31:53","slug":"elisa-carrillo-en-la-segunda-gala-iberica-contemporanea-2023","status":"publish","type":"post","link":"https:\/\/informebajio.com.mx\/?p=13909","title":{"rendered":"Elisa Carrillo en la segunda Gala Ib\u00e9rica Contempor\u00e1nea 2023"},"content":{"rendered":"<div>\n<p>La Gala del \u201cEncuentro Internacional de Academias\u201d en el segundo d\u00eda de Ib\u00e9rica Contempor\u00e1nea en Quer\u00e9taro, estuvo lleno de agradables sorpresas ya que para la apertura del evento se present\u00f3 la c\u00e9lebre bailarina y core\u00f3grafa Elisa Carrillo Cabrera, mexicana y mexiquense que ha alcanzado los galardones m\u00e1s prestigiados del ballet mundial: el Prix Benois de la Danse (2019), el Alma de la Danza de Rusia (2019) y el Festival Dance Open en San Petersburgo (2013) y ha forjado una s\u00f3lida y ascendente carrera en Europa y logrado ser hoy en d\u00eda la \u201c<em>primera ballerina\u201d<\/em> de Staatsballett, Berl\u00edn, una de las compa\u00f1\u00edas de ballet m\u00e1s importantes de Europa y del mundo.<\/p>\n<p>Para quienes no pudieron asistir, aqu\u00ed les compartimos unas im\u00e1genes, las cuales hablan por si solas del gran talento de Eliza Carrillo.<\/p>\n<figure class=\"wp-block-image size-full\"><a href=\"https:\/\/www.de-paseo.com\/queretaro\/wp-content\/uploads\/2023\/07\/elisa-carrillo-blog-cuadrada.jpg\"><img loading=\"lazy\" decoding=\"async\" width=\"800\" height=\"902\" src=\"https:\/\/www.de-paseo.com\/queretaro\/wp-content\/uploads\/2023\/07\/elisa-carrillo-blog-cuadrada.jpg\" alt=\"\" class=\"wp-image-61828\" srcset=\"https:\/\/www.de-paseo.com\/queretaro\/wp-content\/uploads\/2023\/07\/elisa-carrillo-blog-cuadrada.jpg 800w, https:\/\/www.de-paseo.com\/queretaro\/wp-content\/uploads\/2023\/07\/elisa-carrillo-blog-cuadrada-266x300.jpg 266w, https:\/\/www.de-paseo.com\/queretaro\/wp-content\/uploads\/2023\/07\/elisa-carrillo-blog-cuadrada-768x866.jpg 768w\" sizes=\"auto, (max-width: 800px) 100vw, 800px\"\/><\/a><\/figure>\n<figure class=\"wp-block-image size-full\"><a href=\"https:\/\/www.de-paseo.com\/queretaro\/wp-content\/uploads\/2023\/07\/elisa-carrillo-cuadrada-2.jpg\"><img decoding=\"async\" loading=\"lazy\" width=\"800\" height=\"800\" src=\"https:\/\/www.de-paseo.com\/queretaro\/wp-content\/uploads\/2023\/07\/elisa-carrillo-cuadrada-2.jpg\" alt=\"\" class=\"wp-image-61829\" srcset=\"https:\/\/www.de-paseo.com\/queretaro\/wp-content\/uploads\/2023\/07\/elisa-carrillo-cuadrada-2.jpg 800w, https:\/\/www.de-paseo.com\/queretaro\/wp-content\/uploads\/2023\/07\/elisa-carrillo-cuadrada-2-300x300.jpg 300w, https:\/\/www.de-paseo.com\/queretaro\/wp-content\/uploads\/2023\/07\/elisa-carrillo-cuadrada-2-150x150.jpg 150w, https:\/\/www.de-paseo.com\/queretaro\/wp-content\/uploads\/2023\/07\/elisa-carrillo-cuadrada-2-768x768.jpg 768w\" sizes=\"auto, (max-width: 800px) 100vw, 800px\"\/><\/a><\/figure>\n<p>Despu\u00e9s de este impactante inicio, comenzaron a presentarse las academias ganadoras donde el p\u00fablico asistente pudo disfrutar del trabajo de las que seguramente llegar\u00e1n a ser grandes estrellas del baile ya que han mostrado en el escenario, su gran talento y pasi\u00f3n por la danza.<\/p>\n<figure class=\"wp-block-gallery has-nested-images columns-2 is-cropped wp-block-gallery-1 is-layout-flex\">\n<figure class=\"wp-block-image size-full\"><a href=\"https:\/\/www.de-paseo.com\/queretaro\/wp-content\/uploads\/2023\/07\/iberica-9-jul2023-academias-blog-1.jpg\" target=\"_blank\" rel=\"noopener\"><img decoding=\"async\" loading=\"lazy\" width=\"800\" height=\"533\" data-id=\"61833\" src=\"https:\/\/www.de-paseo.com\/queretaro\/wp-content\/uploads\/2023\/07\/iberica-9-jul2023-academias-blog-1.jpg\" alt=\"\" class=\"wp-image-61833\" srcset=\"https:\/\/www.de-paseo.com\/queretaro\/wp-content\/uploads\/2023\/07\/iberica-9-jul2023-academias-blog-1.jpg 800w, https:\/\/www.de-paseo.com\/queretaro\/wp-content\/uploads\/2023\/07\/iberica-9-jul2023-academias-blog-1-300x200.jpg 300w, https:\/\/www.de-paseo.com\/queretaro\/wp-content\/uploads\/2023\/07\/iberica-9-jul2023-academias-blog-1-768x512.jpg 768w\" sizes=\"auto, (max-width: 800px) 100vw, 800px\"\/><\/a><\/figure>\n<figure class=\"wp-block-image size-full\"><a href=\"https:\/\/www.de-paseo.com\/queretaro\/wp-content\/uploads\/2023\/07\/iberica-9-jul2023-academias-blog-2.jpg\" target=\"_blank\" rel=\"noopener\"><img decoding=\"async\" loading=\"lazy\" width=\"800\" height=\"533\" data-id=\"61837\" src=\"https:\/\/www.de-paseo.com\/queretaro\/wp-content\/uploads\/2023\/07\/iberica-9-jul2023-academias-blog-2.jpg\" alt=\"\" class=\"wp-image-61837\" srcset=\"https:\/\/www.de-paseo.com\/queretaro\/wp-content\/uploads\/2023\/07\/iberica-9-jul2023-academias-blog-2.jpg 800w, https:\/\/www.de-paseo.com\/queretaro\/wp-content\/uploads\/2023\/07\/iberica-9-jul2023-academias-blog-2-300x200.jpg 300w, https:\/\/www.de-paseo.com\/queretaro\/wp-content\/uploads\/2023\/07\/iberica-9-jul2023-academias-blog-2-768x512.jpg 768w\" sizes=\"auto, (max-width: 800px) 100vw, 800px\"\/><\/a><\/figure>\n<figure class=\"wp-block-image size-full\"><a href=\"https:\/\/www.de-paseo.com\/queretaro\/wp-content\/uploads\/2023\/07\/iberica-9-jul2023-academias-blog-3.jpg\" target=\"_blank\" rel=\"noopener\"><img decoding=\"async\" loading=\"lazy\" width=\"800\" height=\"533\" data-id=\"61841\" src=\"https:\/\/www.de-paseo.com\/queretaro\/wp-content\/uploads\/2023\/07\/iberica-9-jul2023-academias-blog-3.jpg\" alt=\"\" class=\"wp-image-61841\" srcset=\"https:\/\/www.de-paseo.com\/queretaro\/wp-content\/uploads\/2023\/07\/iberica-9-jul2023-academias-blog-3.jpg 800w, https:\/\/www.de-paseo.com\/queretaro\/wp-content\/uploads\/2023\/07\/iberica-9-jul2023-academias-blog-3-300x200.jpg 300w, https:\/\/www.de-paseo.com\/queretaro\/wp-content\/uploads\/2023\/07\/iberica-9-jul2023-academias-blog-3-768x512.jpg 768w\" sizes=\"auto, (max-width: 800px) 100vw, 800px\"\/><\/a><\/figure>\n<figure class=\"wp-block-image size-full\"><a href=\"https:\/\/www.de-paseo.com\/queretaro\/wp-content\/uploads\/2023\/07\/iberica-9-jul2023-academias-blog-4.jpg\" target=\"_blank\" rel=\"noopener\"><img decoding=\"async\" loading=\"lazy\" width=\"800\" height=\"533\" data-id=\"61836\" src=\"https:\/\/www.de-paseo.com\/queretaro\/wp-content\/uploads\/2023\/07\/iberica-9-jul2023-academias-blog-4.jpg\" alt=\"\" class=\"wp-image-61836\" srcset=\"https:\/\/www.de-paseo.com\/queretaro\/wp-content\/uploads\/2023\/07\/iberica-9-jul2023-academias-blog-4.jpg 800w, https:\/\/www.de-paseo.com\/queretaro\/wp-content\/uploads\/2023\/07\/iberica-9-jul2023-academias-blog-4-300x200.jpg 300w, https:\/\/www.de-paseo.com\/queretaro\/wp-content\/uploads\/2023\/07\/iberica-9-jul2023-academias-blog-4-768x512.jpg 768w\" sizes=\"auto, (max-width: 800px) 100vw, 800px\"\/><\/a><\/figure>\n<figure class=\"wp-block-image size-full\"><a href=\"https:\/\/www.de-paseo.com\/queretaro\/wp-content\/uploads\/2023\/07\/iberica-9-jul2023-academias-blog-5.jpg\" target=\"_blank\" rel=\"noopener\"><img decoding=\"async\" loading=\"lazy\" width=\"800\" height=\"533\" data-id=\"61839\" src=\"https:\/\/www.de-paseo.com\/queretaro\/wp-content\/uploads\/2023\/07\/iberica-9-jul2023-academias-blog-5.jpg\" alt=\"\" class=\"wp-image-61839\" srcset=\"https:\/\/www.de-paseo.com\/queretaro\/wp-content\/uploads\/2023\/07\/iberica-9-jul2023-academias-blog-5.jpg 800w, https:\/\/www.de-paseo.com\/queretaro\/wp-content\/uploads\/2023\/07\/iberica-9-jul2023-academias-blog-5-300x200.jpg 300w, https:\/\/www.de-paseo.com\/queretaro\/wp-content\/uploads\/2023\/07\/iberica-9-jul2023-academias-blog-5-768x512.jpg 768w\" sizes=\"auto, (max-width: 800px) 100vw, 800px\"\/><\/a><\/figure>\n<figure class=\"wp-block-image size-full\"><a href=\"https:\/\/www.de-paseo.com\/queretaro\/wp-content\/uploads\/2023\/07\/iberica-9-jul2023-academias-blog-6.jpg\" target=\"_blank\" rel=\"noopener\"><img decoding=\"async\" loading=\"lazy\" width=\"800\" height=\"533\" data-id=\"61842\" src=\"https:\/\/www.de-paseo.com\/queretaro\/wp-content\/uploads\/2023\/07\/iberica-9-jul2023-academias-blog-6.jpg\" alt=\"\" class=\"wp-image-61842\" srcset=\"https:\/\/www.de-paseo.com\/queretaro\/wp-content\/uploads\/2023\/07\/iberica-9-jul2023-academias-blog-6.jpg 800w, https:\/\/www.de-paseo.com\/queretaro\/wp-content\/uploads\/2023\/07\/iberica-9-jul2023-academias-blog-6-300x200.jpg 300w, https:\/\/www.de-paseo.com\/queretaro\/wp-content\/uploads\/2023\/07\/iberica-9-jul2023-academias-blog-6-768x512.jpg 768w\" sizes=\"auto, (max-width: 800px) 100vw, 800px\"\/><\/a><\/figure>\n<figure class=\"wp-block-image size-full\"><a href=\"https:\/\/www.de-paseo.com\/queretaro\/wp-content\/uploads\/2023\/07\/iberica-9-jul2023-academias-blog-7.jpg\" target=\"_blank\" rel=\"noopener\"><img decoding=\"async\" loading=\"lazy\" width=\"800\" height=\"533\" data-id=\"61834\" src=\"https:\/\/www.de-paseo.com\/queretaro\/wp-content\/uploads\/2023\/07\/iberica-9-jul2023-academias-blog-7.jpg\" alt=\"\" class=\"wp-image-61834\" srcset=\"https:\/\/www.de-paseo.com\/queretaro\/wp-content\/uploads\/2023\/07\/iberica-9-jul2023-academias-blog-7.jpg 800w, https:\/\/www.de-paseo.com\/queretaro\/wp-content\/uploads\/2023\/07\/iberica-9-jul2023-academias-blog-7-300x200.jpg 300w, https:\/\/www.de-paseo.com\/queretaro\/wp-content\/uploads\/2023\/07\/iberica-9-jul2023-academias-blog-7-768x512.jpg 768w\" sizes=\"auto, (max-width: 800px) 100vw, 800px\"\/><\/a><\/figure>\n<figure class=\"wp-block-image size-full\"><a href=\"https:\/\/www.de-paseo.com\/queretaro\/wp-content\/uploads\/2023\/07\/iberica-9-jul2023-academias-blog-8.jpg\" target=\"_blank\" rel=\"noopener\"><img decoding=\"async\" loading=\"lazy\" width=\"800\" height=\"533\" data-id=\"61838\" src=\"https:\/\/www.de-paseo.com\/queretaro\/wp-content\/uploads\/2023\/07\/iberica-9-jul2023-academias-blog-8.jpg\" alt=\"\" class=\"wp-image-61838\" srcset=\"https:\/\/www.de-paseo.com\/queretaro\/wp-content\/uploads\/2023\/07\/iberica-9-jul2023-academias-blog-8.jpg 800w, https:\/\/www.de-paseo.com\/queretaro\/wp-content\/uploads\/2023\/07\/iberica-9-jul2023-academias-blog-8-300x200.jpg 300w, https:\/\/www.de-paseo.com\/queretaro\/wp-content\/uploads\/2023\/07\/iberica-9-jul2023-academias-blog-8-768x512.jpg 768w\" sizes=\"auto, (max-width: 800px) 100vw, 800px\"\/><\/a><\/figure>\n<figure class=\"wp-block-image size-full\"><a href=\"https:\/\/www.de-paseo.com\/queretaro\/wp-content\/uploads\/2023\/07\/iberica-9-jul2023-academias-blog-9.jpg\" target=\"_blank\" rel=\"noopener\"><img decoding=\"async\" loading=\"lazy\" width=\"800\" height=\"533\" data-id=\"61831\" src=\"https:\/\/www.de-paseo.com\/queretaro\/wp-content\/uploads\/2023\/07\/iberica-9-jul2023-academias-blog-9.jpg\" alt=\"\" class=\"wp-image-61831\" srcset=\"https:\/\/www.de-paseo.com\/queretaro\/wp-content\/uploads\/2023\/07\/iberica-9-jul2023-academias-blog-9.jpg 800w, https:\/\/www.de-paseo.com\/queretaro\/wp-content\/uploads\/2023\/07\/iberica-9-jul2023-academias-blog-9-300x200.jpg 300w, https:\/\/www.de-paseo.com\/queretaro\/wp-content\/uploads\/2023\/07\/iberica-9-jul2023-academias-blog-9-768x512.jpg 768w\" sizes=\"auto, (max-width: 800px) 100vw, 800px\"\/><\/a><\/figure>\n<figure class=\"wp-block-image size-full\"><a href=\"https:\/\/www.de-paseo.com\/queretaro\/wp-content\/uploads\/2023\/07\/iberica-9-jul2023-academias-blog-10.jpg\" target=\"_blank\" rel=\"noopener\"><img decoding=\"async\" loading=\"lazy\" width=\"800\" height=\"533\" data-id=\"61832\" src=\"https:\/\/www.de-paseo.com\/queretaro\/wp-content\/uploads\/2023\/07\/iberica-9-jul2023-academias-blog-10.jpg\" alt=\"\" class=\"wp-image-61832\" srcset=\"https:\/\/www.de-paseo.com\/queretaro\/wp-content\/uploads\/2023\/07\/iberica-9-jul2023-academias-blog-10.jpg 800w, https:\/\/www.de-paseo.com\/queretaro\/wp-content\/uploads\/2023\/07\/iberica-9-jul2023-academias-blog-10-300x200.jpg 300w, https:\/\/www.de-paseo.com\/queretaro\/wp-content\/uploads\/2023\/07\/iberica-9-jul2023-academias-blog-10-768x512.jpg 768w\" sizes=\"auto, (max-width: 800px) 100vw, 800px\"\/><\/a><\/figure>\n<figure class=\"wp-block-image size-full\"><a href=\"https:\/\/www.de-paseo.com\/queretaro\/wp-content\/uploads\/2023\/07\/iberica-9-jul2023-academias-blog-11.jpg\" target=\"_blank\" rel=\"noopener\"><img decoding=\"async\" loading=\"lazy\" width=\"800\" height=\"533\" data-id=\"61840\" src=\"https:\/\/www.de-paseo.com\/queretaro\/wp-content\/uploads\/2023\/07\/iberica-9-jul2023-academias-blog-11.jpg\" alt=\"\" class=\"wp-image-61840\" srcset=\"https:\/\/www.de-paseo.com\/queretaro\/wp-content\/uploads\/2023\/07\/iberica-9-jul2023-academias-blog-11.jpg 800w, https:\/\/www.de-paseo.com\/queretaro\/wp-content\/uploads\/2023\/07\/iberica-9-jul2023-academias-blog-11-300x200.jpg 300w, https:\/\/www.de-paseo.com\/queretaro\/wp-content\/uploads\/2023\/07\/iberica-9-jul2023-academias-blog-11-768x512.jpg 768w\" sizes=\"auto, (max-width: 800px) 100vw, 800px\"\/><\/a><\/figure>\n<figure class=\"wp-block-image size-full\"><a href=\"https:\/\/www.de-paseo.com\/queretaro\/wp-content\/uploads\/2023\/07\/iberica-9-jul2023-academias-blog-12.jpg\" target=\"_blank\" rel=\"noopener\"><img decoding=\"async\" loading=\"lazy\" width=\"800\" height=\"533\" data-id=\"61830\" src=\"https:\/\/www.de-paseo.com\/queretaro\/wp-content\/uploads\/2023\/07\/iberica-9-jul2023-academias-blog-12.jpg\" alt=\"\" class=\"wp-image-61830\" srcset=\"https:\/\/www.de-paseo.com\/queretaro\/wp-content\/uploads\/2023\/07\/iberica-9-jul2023-academias-blog-12.jpg 800w, https:\/\/www.de-paseo.com\/queretaro\/wp-content\/uploads\/2023\/07\/iberica-9-jul2023-academias-blog-12-300x200.jpg 300w, https:\/\/www.de-paseo.com\/queretaro\/wp-content\/uploads\/2023\/07\/iberica-9-jul2023-academias-blog-12-768x512.jpg 768w\" sizes=\"auto, (max-width: 800px) 100vw, 800px\"\/><\/a><\/figure>\n<figure class=\"wp-block-image size-full\"><a href=\"https:\/\/www.de-paseo.com\/queretaro\/wp-content\/uploads\/2023\/07\/iberica-9-jul2023-academias-blog-13.jpg\" target=\"_blank\" rel=\"noopener\"><img decoding=\"async\" loading=\"lazy\" width=\"800\" height=\"533\" data-id=\"61835\" src=\"https:\/\/www.de-paseo.com\/queretaro\/wp-content\/uploads\/2023\/07\/iberica-9-jul2023-academias-blog-13.jpg\" alt=\"\" class=\"wp-image-61835\" srcset=\"https:\/\/www.de-paseo.com\/queretaro\/wp-content\/uploads\/2023\/07\/iberica-9-jul2023-academias-blog-13.jpg 800w, https:\/\/www.de-paseo.com\/queretaro\/wp-content\/uploads\/2023\/07\/iberica-9-jul2023-academias-blog-13-300x200.jpg 300w, https:\/\/www.de-paseo.com\/queretaro\/wp-content\/uploads\/2023\/07\/iberica-9-jul2023-academias-blog-13-768x512.jpg 768w\" sizes=\"auto, (max-width: 800px) 100vw, 800px\"\/><\/a><\/figure>\n<\/figure>\n<p>Les recordamos que lo mejor aun est\u00e1 por venir. No se pierdan los pr\u00f3ximos evento que aun quedan. <strong><a href=\"https:\/\/www.de-paseo.com\/queretaro\/event-pro\/iberica-contemporanea\/\" target=\"_blank\" rel=\"noreferrer noopener\">Consulta el programa completo (CLICK AQU\u00cd)<\/a><\/strong> y compra ya tus boletos en <strong><a href=\"https:\/\/ticketpoint.mx\/iberica-contemporanea\/\" target=\"_blank\" rel=\"noreferrer noopener\">TICKETPOINT<\/a><\/strong><\/p>\n<\/p><\/div>\n<p><script type='text\/javascript'>\n!function(f,b,e,v,n,t,s){if(f.fbq)return;n=f.fbq=function(){n.callMethod?\nn.callMethod.apply(n,arguments):n.queue.push(arguments)};if(!f._fbq)f._fbq=n;\nn.push=n;n.loaded=!0;n.version='2.0';n.queue=[];t=b.createElement(e);t.async=!0;\nt.src=v;s=b.getElementsByTagName(e)[0];s.parentNode.insertBefore(t,s)}(window,\ndocument,'script','https:\/\/connect.facebook.net\/en_US\/fbevents.js?v=next');\n<\/script><\/p>\n","protected":false},"excerpt":{"rendered":"<p>La Gala del \u201cEncuentro Internacional de Academias\u201d en el segundo d\u00eda de Ib\u00e9rica Contempor\u00e1nea en Quer\u00e9taro, estuvo lleno de agradables sorpresas ya que para la apertura del evento se present\u00f3 la c\u00e9lebre bailarina y core\u00f3grafa Elisa Carrillo Cabrera, mexicana y mexiquense que ha alcanzado los galardones m\u00e1s prestigiados del ballet mundial: el Prix Benois de [&hellip;]<\/p>\n","protected":false},"author":2,"featured_media":13910,"comment_status":"","ping_status":"","sticky":false,"template":"","format":"standard","meta":{"_monsterinsights_skip_tracking":false,"_monsterinsights_sitenote_active":false,"_monsterinsights_sitenote_note":"","_monsterinsights_sitenote_category":0,"footnotes":""},"categories":[10],"tags":[],"class_list":["post-13909","post","type-post","status-publish","format-standard","has-post-thumbnail","hentry","category-cultura"],"_links":{"self":[{"href":"https:\/\/informebajio.com.mx\/index.php?rest_route=\/wp\/v2\/posts\/13909","targetHints":{"allow":["GET"]}}],"collection":[{"href":"https:\/\/informebajio.com.mx\/index.php?rest_route=\/wp\/v2\/posts"}],"about":[{"href":"https:\/\/informebajio.com.mx\/index.php?rest_route=\/wp\/v2\/types\/post"}],"author":[{"embeddable":true,"href":"https:\/\/informebajio.com.mx\/index.php?rest_route=\/wp\/v2\/users\/2"}],"replies":[{"embeddable":true,"href":"https:\/\/informebajio.com.mx\/index.php?rest_route=%2Fwp%2Fv2%2Fcomments&post=13909"}],"version-history":[{"count":0,"href":"https:\/\/informebajio.com.mx\/index.php?rest_route=\/wp\/v2\/posts\/13909\/revisions"}],"wp:featuredmedia":[{"embeddable":true,"href":"https:\/\/informebajio.com.mx\/index.php?rest_route=\/wp\/v2\/media\/13910"}],"wp:attachment":[{"href":"https:\/\/informebajio.com.mx\/index.php?rest_route=%2Fwp%2Fv2%2Fmedia&parent=13909"}],"wp:term":[{"taxonomy":"category","embeddable":true,"href":"https:\/\/informebajio.com.mx\/index.php?rest_route=%2Fwp%2Fv2%2Fcategories&post=13909"},{"taxonomy":"post_tag","embeddable":true,"href":"https:\/\/informebajio.com.mx\/index.php?rest_route=%2Fwp%2Fv2%2Ftags&post=13909"}],"curies":[{"name":"wp","href":"https:\/\/api.w.org\/{rel}","templated":true}]}}