{"id":14047,"date":"2023-07-12T19:54:08","date_gmt":"2023-07-13T00:54:08","guid":{"rendered":"https:\/\/informebajio.com.mx\/?p=14047"},"modified":"2023-07-12T19:54:08","modified_gmt":"2023-07-13T00:54:08","slug":"gala-celebracion-gaudi-dance-experience-festejando-30-anos-de-iberica-de-danza","status":"publish","type":"post","link":"https:\/\/informebajio.com.mx\/?p=14047","title":{"rendered":"Gala \u201cCelebraci\u00f3n &amp; Gaud\u00ed Dance Experience\u201d festejando 30 a\u00f1os de Ib\u00e9rica de Danza"},"content":{"rendered":"<p><h2>Gala \u201cCelebraci\u00f3n &amp; Gaud\u00ed Dance Experience\u201d festejando 30 a\u00f1os de Ib\u00e9rica de Danza<\/h2>\n<\/p>\n<div>\n<p>Este 11 de Julio, en el marco de Ib\u00e9rica Contempor\u00e1nea 2023 se rindi\u00f3 un merecido Homenaje a Manuel Segovia y Violeta Ruiz,\u00a0por 30 a\u00f1os de trayectoria en Ib\u00e9rica de Danza. Ambos estrechamente vinculados a este festival desde su nacimiento como lo comentara su directora Adriana Covarrubias.<\/p>\n<figure class=\"wp-block-image size-full\"><a href=\"https:\/\/www.de-paseo.com\/queretaro\/wp-content\/uploads\/2023\/07\/iberica-gaudi-experience-2023-blog-13.jpg\"><img loading=\"lazy\" decoding=\"async\" width=\"800\" height=\"533\" src=\"https:\/\/www.de-paseo.com\/queretaro\/wp-content\/uploads\/2023\/07\/iberica-gaudi-experience-2023-blog-13.jpg\" alt=\"\" class=\"wp-image-61875\" srcset=\"https:\/\/www.de-paseo.com\/queretaro\/wp-content\/uploads\/2023\/07\/iberica-gaudi-experience-2023-blog-13.jpg 800w, https:\/\/www.de-paseo.com\/queretaro\/wp-content\/uploads\/2023\/07\/iberica-gaudi-experience-2023-blog-13-300x200.jpg 300w, https:\/\/www.de-paseo.com\/queretaro\/wp-content\/uploads\/2023\/07\/iberica-gaudi-experience-2023-blog-13-768x512.jpg 768w\" sizes=\"auto, (max-width: 800px) 100vw, 800px\"\/><\/a><\/figure>\n<p>El p\u00fablico presente pudo disfrutar de dos obras montadas por Ib\u00e9rica Danza:<\/p>\n<p>CELEBRACI\u00d3N: Que es un viaje retrospectivo que nos muestra algunas de las coreograf\u00edas m\u00e1s emblem\u00e1ticas, representativas y premiadas de la Compa\u00f1\u00eda en estos 30 a\u00f1os de trayectoria profesional donde se conjuntan la escuela bolera, folclore, contempor\u00e1neo, danza cl\u00e1sica y flamenco, y<\/p>\n<p>GAUD\u00cd DANCE EXPERIENCE donde se expresa en el rico lenguaje de la Danza Esc\u00e9nica Espa\u00f1ola enmarcada por fondos de escenario con creativas texturas que refuerzan el arte danc\u00edstico de la compa\u00f1\u00eda.<\/p>\n<p>Para los que no tuvieron oportunidad de disfrutar del evento, aqu\u00ed les compartimos unas im\u00e1genes y les recordamos que aun est\u00e1n <a href=\"https:\/\/www.de-paseo.com\/queretaro\/event-pro\/iberica-contemporanea\/\" target=\"_blank\" rel=\"noreferrer noopener\">a tiempo de disfrutar de el Festival Ib\u00e9rica Contempor\u00e1nea hasta el 15 de Julio. <strong>Checa el programa (Click aqu\u00ed)<\/strong><\/a><\/p>\n<p>Te recordamos que puedes adquirir los boletos para las Galas en <strong><a href=\"https:\/\/ticketpoint.mx\/iberica-contemporanea\/\" target=\"_blank\" rel=\"noreferrer noopener\">Ticketpoint.mx \/CLICK AQU\u00cd)<\/a><\/strong><\/p>\n<figure class=\"wp-block-gallery has-nested-images columns-2 is-cropped wp-block-gallery-1 is-layout-flex\">\n<figure class=\"wp-block-image size-full\"><a href=\"https:\/\/www.de-paseo.com\/queretaro\/wp-content\/uploads\/2023\/07\/iberica-gaudi-experience-2023-blog-1.jpg\" target=\"_blank\" rel=\"noopener\"><img decoding=\"async\" loading=\"lazy\" width=\"800\" height=\"533\" data-id=\"61877\" src=\"https:\/\/www.de-paseo.com\/queretaro\/wp-content\/uploads\/2023\/07\/iberica-gaudi-experience-2023-blog-1.jpg\" alt=\"\" class=\"wp-image-61877\" srcset=\"https:\/\/www.de-paseo.com\/queretaro\/wp-content\/uploads\/2023\/07\/iberica-gaudi-experience-2023-blog-1.jpg 800w, https:\/\/www.de-paseo.com\/queretaro\/wp-content\/uploads\/2023\/07\/iberica-gaudi-experience-2023-blog-1-300x200.jpg 300w, https:\/\/www.de-paseo.com\/queretaro\/wp-content\/uploads\/2023\/07\/iberica-gaudi-experience-2023-blog-1-768x512.jpg 768w\" sizes=\"auto, (max-width: 800px) 100vw, 800px\"\/><\/a><\/figure>\n<figure class=\"wp-block-image size-full\"><a href=\"https:\/\/www.de-paseo.com\/queretaro\/wp-content\/uploads\/2023\/07\/iberica-gaudi-experience-2023-blog-2.jpg\" target=\"_blank\" rel=\"noopener\"><img decoding=\"async\" loading=\"lazy\" width=\"800\" height=\"533\" data-id=\"61880\" src=\"https:\/\/www.de-paseo.com\/queretaro\/wp-content\/uploads\/2023\/07\/iberica-gaudi-experience-2023-blog-2.jpg\" alt=\"\" class=\"wp-image-61880\" srcset=\"https:\/\/www.de-paseo.com\/queretaro\/wp-content\/uploads\/2023\/07\/iberica-gaudi-experience-2023-blog-2.jpg 800w, https:\/\/www.de-paseo.com\/queretaro\/wp-content\/uploads\/2023\/07\/iberica-gaudi-experience-2023-blog-2-300x200.jpg 300w, https:\/\/www.de-paseo.com\/queretaro\/wp-content\/uploads\/2023\/07\/iberica-gaudi-experience-2023-blog-2-768x512.jpg 768w\" sizes=\"auto, (max-width: 800px) 100vw, 800px\"\/><\/a><\/figure>\n<figure class=\"wp-block-image size-full\"><a href=\"https:\/\/www.de-paseo.com\/queretaro\/wp-content\/uploads\/2023\/07\/iberica-gaudi-experience-2023-blog-3.jpg\" target=\"_blank\" rel=\"noopener\"><img decoding=\"async\" loading=\"lazy\" width=\"800\" height=\"533\" data-id=\"61883\" src=\"https:\/\/www.de-paseo.com\/queretaro\/wp-content\/uploads\/2023\/07\/iberica-gaudi-experience-2023-blog-3.jpg\" alt=\"\" class=\"wp-image-61883\" srcset=\"https:\/\/www.de-paseo.com\/queretaro\/wp-content\/uploads\/2023\/07\/iberica-gaudi-experience-2023-blog-3.jpg 800w, https:\/\/www.de-paseo.com\/queretaro\/wp-content\/uploads\/2023\/07\/iberica-gaudi-experience-2023-blog-3-300x200.jpg 300w, https:\/\/www.de-paseo.com\/queretaro\/wp-content\/uploads\/2023\/07\/iberica-gaudi-experience-2023-blog-3-768x512.jpg 768w\" sizes=\"auto, (max-width: 800px) 100vw, 800px\"\/><\/a><\/figure>\n<figure class=\"wp-block-image size-full\"><a href=\"https:\/\/www.de-paseo.com\/queretaro\/wp-content\/uploads\/2023\/07\/iberica-gaudi-experience-2023-blog-4.jpg\" target=\"_blank\" rel=\"noopener\"><img decoding=\"async\" loading=\"lazy\" width=\"800\" height=\"533\" data-id=\"61886\" src=\"https:\/\/www.de-paseo.com\/queretaro\/wp-content\/uploads\/2023\/07\/iberica-gaudi-experience-2023-blog-4.jpg\" alt=\"\" class=\"wp-image-61886\" srcset=\"https:\/\/www.de-paseo.com\/queretaro\/wp-content\/uploads\/2023\/07\/iberica-gaudi-experience-2023-blog-4.jpg 800w, https:\/\/www.de-paseo.com\/queretaro\/wp-content\/uploads\/2023\/07\/iberica-gaudi-experience-2023-blog-4-300x200.jpg 300w, https:\/\/www.de-paseo.com\/queretaro\/wp-content\/uploads\/2023\/07\/iberica-gaudi-experience-2023-blog-4-768x512.jpg 768w\" sizes=\"auto, (max-width: 800px) 100vw, 800px\"\/><\/a><\/figure>\n<figure class=\"wp-block-image size-full\"><a href=\"https:\/\/www.de-paseo.com\/queretaro\/wp-content\/uploads\/2023\/07\/iberica-gaudi-experience-2023-blog-5.jpg\" target=\"_blank\" rel=\"noopener\"><img decoding=\"async\" loading=\"lazy\" width=\"800\" height=\"533\" data-id=\"61887\" src=\"https:\/\/www.de-paseo.com\/queretaro\/wp-content\/uploads\/2023\/07\/iberica-gaudi-experience-2023-blog-5.jpg\" alt=\"\" class=\"wp-image-61887\" srcset=\"https:\/\/www.de-paseo.com\/queretaro\/wp-content\/uploads\/2023\/07\/iberica-gaudi-experience-2023-blog-5.jpg 800w, https:\/\/www.de-paseo.com\/queretaro\/wp-content\/uploads\/2023\/07\/iberica-gaudi-experience-2023-blog-5-300x200.jpg 300w, https:\/\/www.de-paseo.com\/queretaro\/wp-content\/uploads\/2023\/07\/iberica-gaudi-experience-2023-blog-5-768x512.jpg 768w\" sizes=\"auto, (max-width: 800px) 100vw, 800px\"\/><\/a><\/figure>\n<figure class=\"wp-block-image size-full\"><a href=\"https:\/\/www.de-paseo.com\/queretaro\/wp-content\/uploads\/2023\/07\/iberica-gaudi-experience-2023-blog-6.jpg\" target=\"_blank\" rel=\"noopener\"><img decoding=\"async\" loading=\"lazy\" width=\"800\" height=\"533\" data-id=\"61882\" src=\"https:\/\/www.de-paseo.com\/queretaro\/wp-content\/uploads\/2023\/07\/iberica-gaudi-experience-2023-blog-6.jpg\" alt=\"\" class=\"wp-image-61882\" srcset=\"https:\/\/www.de-paseo.com\/queretaro\/wp-content\/uploads\/2023\/07\/iberica-gaudi-experience-2023-blog-6.jpg 800w, https:\/\/www.de-paseo.com\/queretaro\/wp-content\/uploads\/2023\/07\/iberica-gaudi-experience-2023-blog-6-300x200.jpg 300w, https:\/\/www.de-paseo.com\/queretaro\/wp-content\/uploads\/2023\/07\/iberica-gaudi-experience-2023-blog-6-768x512.jpg 768w\" sizes=\"auto, (max-width: 800px) 100vw, 800px\"\/><\/a><\/figure>\n<figure class=\"wp-block-image size-full\"><a href=\"https:\/\/www.de-paseo.com\/queretaro\/wp-content\/uploads\/2023\/07\/iberica-gaudi-experience-2023-blog-7.jpg\" target=\"_blank\" rel=\"noopener\"><img decoding=\"async\" loading=\"lazy\" width=\"800\" height=\"533\" data-id=\"61884\" src=\"https:\/\/www.de-paseo.com\/queretaro\/wp-content\/uploads\/2023\/07\/iberica-gaudi-experience-2023-blog-7.jpg\" alt=\"\" class=\"wp-image-61884\" srcset=\"https:\/\/www.de-paseo.com\/queretaro\/wp-content\/uploads\/2023\/07\/iberica-gaudi-experience-2023-blog-7.jpg 800w, https:\/\/www.de-paseo.com\/queretaro\/wp-content\/uploads\/2023\/07\/iberica-gaudi-experience-2023-blog-7-300x200.jpg 300w, https:\/\/www.de-paseo.com\/queretaro\/wp-content\/uploads\/2023\/07\/iberica-gaudi-experience-2023-blog-7-768x512.jpg 768w\" sizes=\"auto, (max-width: 800px) 100vw, 800px\"\/><\/a><\/figure>\n<figure class=\"wp-block-image size-full\"><a href=\"https:\/\/www.de-paseo.com\/queretaro\/wp-content\/uploads\/2023\/07\/iberica-gaudi-experience-2023-blog-8.jpg\" target=\"_blank\" rel=\"noopener\"><img decoding=\"async\" loading=\"lazy\" width=\"800\" height=\"533\" data-id=\"61876\" src=\"https:\/\/www.de-paseo.com\/queretaro\/wp-content\/uploads\/2023\/07\/iberica-gaudi-experience-2023-blog-8.jpg\" alt=\"\" class=\"wp-image-61876\" srcset=\"https:\/\/www.de-paseo.com\/queretaro\/wp-content\/uploads\/2023\/07\/iberica-gaudi-experience-2023-blog-8.jpg 800w, https:\/\/www.de-paseo.com\/queretaro\/wp-content\/uploads\/2023\/07\/iberica-gaudi-experience-2023-blog-8-300x200.jpg 300w, https:\/\/www.de-paseo.com\/queretaro\/wp-content\/uploads\/2023\/07\/iberica-gaudi-experience-2023-blog-8-768x512.jpg 768w\" sizes=\"auto, (max-width: 800px) 100vw, 800px\"\/><\/a><\/figure>\n<figure class=\"wp-block-image size-full\"><a href=\"https:\/\/www.de-paseo.com\/queretaro\/wp-content\/uploads\/2023\/07\/iberica-gaudi-experience-2023-blog-9.jpg\" target=\"_blank\" rel=\"noopener\"><img decoding=\"async\" loading=\"lazy\" width=\"800\" height=\"533\" data-id=\"61879\" src=\"https:\/\/www.de-paseo.com\/queretaro\/wp-content\/uploads\/2023\/07\/iberica-gaudi-experience-2023-blog-9.jpg\" alt=\"\" class=\"wp-image-61879\" srcset=\"https:\/\/www.de-paseo.com\/queretaro\/wp-content\/uploads\/2023\/07\/iberica-gaudi-experience-2023-blog-9.jpg 800w, https:\/\/www.de-paseo.com\/queretaro\/wp-content\/uploads\/2023\/07\/iberica-gaudi-experience-2023-blog-9-300x200.jpg 300w, https:\/\/www.de-paseo.com\/queretaro\/wp-content\/uploads\/2023\/07\/iberica-gaudi-experience-2023-blog-9-768x512.jpg 768w\" sizes=\"auto, (max-width: 800px) 100vw, 800px\"\/><\/a><\/figure>\n<figure class=\"wp-block-image size-full\"><a href=\"https:\/\/www.de-paseo.com\/queretaro\/wp-content\/uploads\/2023\/07\/iberica-gaudi-experience-2023-blog-10.jpg\" target=\"_blank\" rel=\"noopener\"><img decoding=\"async\" loading=\"lazy\" width=\"800\" height=\"533\" data-id=\"61885\" src=\"https:\/\/www.de-paseo.com\/queretaro\/wp-content\/uploads\/2023\/07\/iberica-gaudi-experience-2023-blog-10.jpg\" alt=\"\" class=\"wp-image-61885\" srcset=\"https:\/\/www.de-paseo.com\/queretaro\/wp-content\/uploads\/2023\/07\/iberica-gaudi-experience-2023-blog-10.jpg 800w, https:\/\/www.de-paseo.com\/queretaro\/wp-content\/uploads\/2023\/07\/iberica-gaudi-experience-2023-blog-10-300x200.jpg 300w, https:\/\/www.de-paseo.com\/queretaro\/wp-content\/uploads\/2023\/07\/iberica-gaudi-experience-2023-blog-10-768x512.jpg 768w\" sizes=\"auto, (max-width: 800px) 100vw, 800px\"\/><\/a><\/figure>\n<figure class=\"wp-block-image size-full\"><a href=\"https:\/\/www.de-paseo.com\/queretaro\/wp-content\/uploads\/2023\/07\/iberica-gaudi-experience-2023-blog-11.jpg\" target=\"_blank\" rel=\"noopener\"><img decoding=\"async\" loading=\"lazy\" width=\"800\" height=\"533\" data-id=\"61878\" src=\"https:\/\/www.de-paseo.com\/queretaro\/wp-content\/uploads\/2023\/07\/iberica-gaudi-experience-2023-blog-11.jpg\" alt=\"\" class=\"wp-image-61878\" srcset=\"https:\/\/www.de-paseo.com\/queretaro\/wp-content\/uploads\/2023\/07\/iberica-gaudi-experience-2023-blog-11.jpg 800w, https:\/\/www.de-paseo.com\/queretaro\/wp-content\/uploads\/2023\/07\/iberica-gaudi-experience-2023-blog-11-300x200.jpg 300w, https:\/\/www.de-paseo.com\/queretaro\/wp-content\/uploads\/2023\/07\/iberica-gaudi-experience-2023-blog-11-768x512.jpg 768w\" sizes=\"auto, (max-width: 800px) 100vw, 800px\"\/><\/a><\/figure>\n<figure class=\"wp-block-image size-full\"><a href=\"https:\/\/www.de-paseo.com\/queretaro\/wp-content\/uploads\/2023\/07\/iberica-gaudi-experience-2023-blog-12.jpg\" target=\"_blank\" rel=\"noopener\"><img decoding=\"async\" loading=\"lazy\" width=\"800\" height=\"533\" data-id=\"61881\" src=\"https:\/\/www.de-paseo.com\/queretaro\/wp-content\/uploads\/2023\/07\/iberica-gaudi-experience-2023-blog-12.jpg\" alt=\"\" class=\"wp-image-61881\" srcset=\"https:\/\/www.de-paseo.com\/queretaro\/wp-content\/uploads\/2023\/07\/iberica-gaudi-experience-2023-blog-12.jpg 800w, https:\/\/www.de-paseo.com\/queretaro\/wp-content\/uploads\/2023\/07\/iberica-gaudi-experience-2023-blog-12-300x200.jpg 300w, https:\/\/www.de-paseo.com\/queretaro\/wp-content\/uploads\/2023\/07\/iberica-gaudi-experience-2023-blog-12-768x512.jpg 768w\" sizes=\"auto, (max-width: 800px) 100vw, 800px\"\/><\/a><\/figure>\n<\/figure><\/div>\n<p><script type='text\/javascript'>\n!function(f,b,e,v,n,t,s){if(f.fbq)return;n=f.fbq=function(){n.callMethod?\nn.callMethod.apply(n,arguments):n.queue.push(arguments)};if(!f._fbq)f._fbq=n;\nn.push=n;n.loaded=!0;n.version='2.0';n.queue=[];t=b.createElement(e);t.async=!0;\nt.src=v;s=b.getElementsByTagName(e)[0];s.parentNode.insertBefore(t,s)}(window,\ndocument,'script','https:\/\/connect.facebook.net\/en_US\/fbevents.js?v=next');\n<\/script><\/p>\n","protected":false},"excerpt":{"rendered":"<p>Gala \u201cCelebraci\u00f3n &amp; Gaud\u00ed Dance Experience\u201d festejando 30 a\u00f1os de Ib\u00e9rica de Danza Este 11 de Julio, en el marco de Ib\u00e9rica Contempor\u00e1nea 2023 se rindi\u00f3 un merecido Homenaje a Manuel Segovia y Violeta Ruiz,\u00a0por 30 a\u00f1os de trayectoria en Ib\u00e9rica de Danza. Ambos estrechamente vinculados a este festival desde su nacimiento como lo comentara [&hellip;]<\/p>\n","protected":false},"author":2,"featured_media":14048,"comment_status":"","ping_status":"","sticky":false,"template":"","format":"standard","meta":{"_monsterinsights_skip_tracking":false,"_monsterinsights_sitenote_active":false,"_monsterinsights_sitenote_note":"","_monsterinsights_sitenote_category":0,"footnotes":""},"categories":[10],"tags":[],"class_list":["post-14047","post","type-post","status-publish","format-standard","has-post-thumbnail","hentry","category-cultura"],"_links":{"self":[{"href":"https:\/\/informebajio.com.mx\/index.php?rest_route=\/wp\/v2\/posts\/14047","targetHints":{"allow":["GET"]}}],"collection":[{"href":"https:\/\/informebajio.com.mx\/index.php?rest_route=\/wp\/v2\/posts"}],"about":[{"href":"https:\/\/informebajio.com.mx\/index.php?rest_route=\/wp\/v2\/types\/post"}],"author":[{"embeddable":true,"href":"https:\/\/informebajio.com.mx\/index.php?rest_route=\/wp\/v2\/users\/2"}],"replies":[{"embeddable":true,"href":"https:\/\/informebajio.com.mx\/index.php?rest_route=%2Fwp%2Fv2%2Fcomments&post=14047"}],"version-history":[{"count":0,"href":"https:\/\/informebajio.com.mx\/index.php?rest_route=\/wp\/v2\/posts\/14047\/revisions"}],"wp:featuredmedia":[{"embeddable":true,"href":"https:\/\/informebajio.com.mx\/index.php?rest_route=\/wp\/v2\/media\/14048"}],"wp:attachment":[{"href":"https:\/\/informebajio.com.mx\/index.php?rest_route=%2Fwp%2Fv2%2Fmedia&parent=14047"}],"wp:term":[{"taxonomy":"category","embeddable":true,"href":"https:\/\/informebajio.com.mx\/index.php?rest_route=%2Fwp%2Fv2%2Fcategories&post=14047"},{"taxonomy":"post_tag","embeddable":true,"href":"https:\/\/informebajio.com.mx\/index.php?rest_route=%2Fwp%2Fv2%2Ftags&post=14047"}],"curies":[{"name":"wp","href":"https:\/\/api.w.org\/{rel}","templated":true}]}}