{"id":14409,"date":"2023-07-18T07:34:52","date_gmt":"2023-07-18T12:34:52","guid":{"rendered":"https:\/\/informebajio.com.mx\/?p=14409"},"modified":"2023-07-18T07:34:52","modified_gmt":"2023-07-18T12:34:52","slug":"una-noche-magica-fue-la-gala-de-clausura-de-iberica-contemporanea","status":"publish","type":"post","link":"https:\/\/informebajio.com.mx\/?p=14409","title":{"rendered":"Una noche m\u00e1gica fue la Gala de Clausura de Ib\u00e9rica Contempor\u00e1nea\u201d"},"content":{"rendered":"<div>\n<p>Tanto el p\u00fablico queretano como todos aquellos que visitaron nuestro estado para disfrutar de este gran evento, vivieron una noche m\u00e1gica en la Gala de Clausura que se realiz\u00f3 en el Teatro Metropolitano.<\/p>\n<p>Hasta las nubes y la lluvia que hubo otros d\u00edas de la semana, respetaron la fecha y nos permitieron ver tanto las estrellas del cielo como las grandes estrellas del flamenco que se presentaron durante toda una semana.<\/p>\n<p>Durante la gala se pudo disfrutar de los grupos: la Joven Compa\u00f1\u00eda Larreal de RCPD \u201cMariemma\u201d, la Compa\u00f1\u00eda Ib\u00e9rica de Danza y la Compa\u00f1\u00eda Internacional Proart, para despu\u00e9s cerrar con broche de oro con el arte de Eduardo Guerrero, acompa\u00f1ado por Pino Losada a la guitarra y Jes\u00fas Corbacho al cante y no pod\u00eda faltar para este gran cierre la gran Mar\u00eda Juncal, a la que acompa\u00f1aron Pino Losada a la guitarra, H\u00e9ctor Aguilar al caj\u00f3n, Jes\u00fas Corbacho y Jes\u00fas Flores al cante.<\/p>\n<p>Y para exponenciar la emoci\u00f3n de todos los presentes, al finalizar las presentaciones programadas, subieron al escenario todos los artistas que participaron en el festival y en los cursos a lo largo de todos estos d\u00edas y, como decimos en M\u00e9xico, se echaron un \u00abpalomazo\u00bb, en una especie de fin de fiesta donde se daban el testigo del baile unos a otros: Juan Paredes, Crist\u00f3bal Reyes, Patricia Guerrero, \u00darsula L\u00f3pez, Siudy Garrido, Karime Amaya, Jos\u00e9 Manuel \u00c1lvarez, Alejandro Granados, Javier Latorre, y algunos m\u00e1s\u2026<\/p>\n<p>As\u00ed, como lo dijera la directora del Ib\u00e9rica Contempor\u00e1nea; Adriana Covarrubias, entre sentimientos encontrados, entre la tristeza de un final pero la emoci\u00f3n de haber vivido una semana llena de arte, culmin\u00f3 la IX edici\u00f3n de Ib\u00e9rica Contempor\u00e1nea.<\/p>\n<p>Para todos los que tuvieron la suerte de vivir la experiencia, para los que no pudieron  y para los que quieran compartir e invitar a la pr\u00f3xima, aqu\u00ed les dejamos estas im\u00e1genes.<\/p>\n<figure class=\"wp-block-gallery has-nested-images columns-2 is-cropped wp-block-gallery-1 is-layout-flex\">\n<figure class=\"wp-block-image size-large\"><a href=\"https:\/\/www.de-paseo.com\/queretaro\/wp-content\/uploads\/2023\/07\/iberica-clausura-15-julio2023-blog-1.jpg\"><img loading=\"lazy\" decoding=\"async\" width=\"800\" height=\"533\" data-id=\"61996\" src=\"https:\/\/www.de-paseo.com\/queretaro\/wp-content\/uploads\/2023\/07\/iberica-clausura-15-julio2023-blog-1.jpg\" alt=\"\" class=\"wp-image-61996\" srcset=\"https:\/\/www.de-paseo.com\/queretaro\/wp-content\/uploads\/2023\/07\/iberica-clausura-15-julio2023-blog-1.jpg 800w, https:\/\/www.de-paseo.com\/queretaro\/wp-content\/uploads\/2023\/07\/iberica-clausura-15-julio2023-blog-1-300x200.jpg 300w, https:\/\/www.de-paseo.com\/queretaro\/wp-content\/uploads\/2023\/07\/iberica-clausura-15-julio2023-blog-1-768x512.jpg 768w\" sizes=\"auto, (max-width: 800px) 100vw, 800px\"\/><\/a><\/figure>\n<figure class=\"wp-block-image size-large\"><a href=\"https:\/\/www.de-paseo.com\/queretaro\/wp-content\/uploads\/2023\/07\/iberica-clausura-15-julio2023-blog-2.jpg\"><img decoding=\"async\" loading=\"lazy\" width=\"800\" height=\"533\" data-id=\"61994\" src=\"https:\/\/www.de-paseo.com\/queretaro\/wp-content\/uploads\/2023\/07\/iberica-clausura-15-julio2023-blog-2.jpg\" alt=\"\" class=\"wp-image-61994\" srcset=\"https:\/\/www.de-paseo.com\/queretaro\/wp-content\/uploads\/2023\/07\/iberica-clausura-15-julio2023-blog-2.jpg 800w, https:\/\/www.de-paseo.com\/queretaro\/wp-content\/uploads\/2023\/07\/iberica-clausura-15-julio2023-blog-2-300x200.jpg 300w, https:\/\/www.de-paseo.com\/queretaro\/wp-content\/uploads\/2023\/07\/iberica-clausura-15-julio2023-blog-2-768x512.jpg 768w\" sizes=\"auto, (max-width: 800px) 100vw, 800px\"\/><\/a><\/figure>\n<figure class=\"wp-block-image size-large\"><a href=\"https:\/\/www.de-paseo.com\/queretaro\/wp-content\/uploads\/2023\/07\/iberica-clausura-15-julio2023-blog-3.jpg\"><img decoding=\"async\" loading=\"lazy\" width=\"800\" height=\"533\" data-id=\"61995\" src=\"https:\/\/www.de-paseo.com\/queretaro\/wp-content\/uploads\/2023\/07\/iberica-clausura-15-julio2023-blog-3.jpg\" alt=\"\" class=\"wp-image-61995\" srcset=\"https:\/\/www.de-paseo.com\/queretaro\/wp-content\/uploads\/2023\/07\/iberica-clausura-15-julio2023-blog-3.jpg 800w, https:\/\/www.de-paseo.com\/queretaro\/wp-content\/uploads\/2023\/07\/iberica-clausura-15-julio2023-blog-3-300x200.jpg 300w, https:\/\/www.de-paseo.com\/queretaro\/wp-content\/uploads\/2023\/07\/iberica-clausura-15-julio2023-blog-3-768x512.jpg 768w\" sizes=\"auto, (max-width: 800px) 100vw, 800px\"\/><\/a><\/figure>\n<figure class=\"wp-block-image size-large\"><a href=\"https:\/\/www.de-paseo.com\/queretaro\/wp-content\/uploads\/2023\/07\/iberica-clausura-15-julio2023-blog-4.jpg\"><img decoding=\"async\" loading=\"lazy\" width=\"800\" height=\"533\" data-id=\"62008\" src=\"https:\/\/www.de-paseo.com\/queretaro\/wp-content\/uploads\/2023\/07\/iberica-clausura-15-julio2023-blog-4.jpg\" alt=\"\" class=\"wp-image-62008\" srcset=\"https:\/\/www.de-paseo.com\/queretaro\/wp-content\/uploads\/2023\/07\/iberica-clausura-15-julio2023-blog-4.jpg 800w, https:\/\/www.de-paseo.com\/queretaro\/wp-content\/uploads\/2023\/07\/iberica-clausura-15-julio2023-blog-4-300x200.jpg 300w, https:\/\/www.de-paseo.com\/queretaro\/wp-content\/uploads\/2023\/07\/iberica-clausura-15-julio2023-blog-4-768x512.jpg 768w\" sizes=\"auto, (max-width: 800px) 100vw, 800px\"\/><\/a><\/figure>\n<figure class=\"wp-block-image size-large\"><a href=\"https:\/\/www.de-paseo.com\/queretaro\/wp-content\/uploads\/2023\/07\/iberica-clausura-15-julio2023-blog-5.jpg\"><img decoding=\"async\" loading=\"lazy\" width=\"800\" height=\"533\" data-id=\"61998\" src=\"https:\/\/www.de-paseo.com\/queretaro\/wp-content\/uploads\/2023\/07\/iberica-clausura-15-julio2023-blog-5.jpg\" alt=\"\" class=\"wp-image-61998\" srcset=\"https:\/\/www.de-paseo.com\/queretaro\/wp-content\/uploads\/2023\/07\/iberica-clausura-15-julio2023-blog-5.jpg 800w, https:\/\/www.de-paseo.com\/queretaro\/wp-content\/uploads\/2023\/07\/iberica-clausura-15-julio2023-blog-5-300x200.jpg 300w, https:\/\/www.de-paseo.com\/queretaro\/wp-content\/uploads\/2023\/07\/iberica-clausura-15-julio2023-blog-5-768x512.jpg 768w\" sizes=\"auto, (max-width: 800px) 100vw, 800px\"\/><\/a><\/figure>\n<figure class=\"wp-block-image size-large\"><a href=\"https:\/\/www.de-paseo.com\/queretaro\/wp-content\/uploads\/2023\/07\/iberica-clausura-15-julio2023-blog-6.jpg\"><img decoding=\"async\" loading=\"lazy\" width=\"800\" height=\"533\" data-id=\"61997\" src=\"https:\/\/www.de-paseo.com\/queretaro\/wp-content\/uploads\/2023\/07\/iberica-clausura-15-julio2023-blog-6.jpg\" alt=\"\" class=\"wp-image-61997\" srcset=\"https:\/\/www.de-paseo.com\/queretaro\/wp-content\/uploads\/2023\/07\/iberica-clausura-15-julio2023-blog-6.jpg 800w, https:\/\/www.de-paseo.com\/queretaro\/wp-content\/uploads\/2023\/07\/iberica-clausura-15-julio2023-blog-6-300x200.jpg 300w, https:\/\/www.de-paseo.com\/queretaro\/wp-content\/uploads\/2023\/07\/iberica-clausura-15-julio2023-blog-6-768x512.jpg 768w\" sizes=\"auto, (max-width: 800px) 100vw, 800px\"\/><\/a><\/figure>\n<figure class=\"wp-block-image size-large\"><a href=\"https:\/\/www.de-paseo.com\/queretaro\/wp-content\/uploads\/2023\/07\/iberica-clausura-15-julio2023-blog-7.jpg\"><img decoding=\"async\" loading=\"lazy\" width=\"800\" height=\"533\" data-id=\"62010\" src=\"https:\/\/www.de-paseo.com\/queretaro\/wp-content\/uploads\/2023\/07\/iberica-clausura-15-julio2023-blog-7.jpg\" alt=\"\" class=\"wp-image-62010\" srcset=\"https:\/\/www.de-paseo.com\/queretaro\/wp-content\/uploads\/2023\/07\/iberica-clausura-15-julio2023-blog-7.jpg 800w, https:\/\/www.de-paseo.com\/queretaro\/wp-content\/uploads\/2023\/07\/iberica-clausura-15-julio2023-blog-7-300x200.jpg 300w, https:\/\/www.de-paseo.com\/queretaro\/wp-content\/uploads\/2023\/07\/iberica-clausura-15-julio2023-blog-7-768x512.jpg 768w\" sizes=\"auto, (max-width: 800px) 100vw, 800px\"\/><\/a><\/figure>\n<figure class=\"wp-block-image size-large\"><a href=\"https:\/\/www.de-paseo.com\/queretaro\/wp-content\/uploads\/2023\/07\/iberica-clausura-15-julio2023-blog-8.jpg\"><img decoding=\"async\" loading=\"lazy\" width=\"800\" height=\"533\" data-id=\"62006\" src=\"https:\/\/www.de-paseo.com\/queretaro\/wp-content\/uploads\/2023\/07\/iberica-clausura-15-julio2023-blog-8.jpg\" alt=\"\" class=\"wp-image-62006\" srcset=\"https:\/\/www.de-paseo.com\/queretaro\/wp-content\/uploads\/2023\/07\/iberica-clausura-15-julio2023-blog-8.jpg 800w, https:\/\/www.de-paseo.com\/queretaro\/wp-content\/uploads\/2023\/07\/iberica-clausura-15-julio2023-blog-8-300x200.jpg 300w, https:\/\/www.de-paseo.com\/queretaro\/wp-content\/uploads\/2023\/07\/iberica-clausura-15-julio2023-blog-8-768x512.jpg 768w\" sizes=\"auto, (max-width: 800px) 100vw, 800px\"\/><\/a><\/figure>\n<figure class=\"wp-block-image size-large\"><a href=\"https:\/\/www.de-paseo.com\/queretaro\/wp-content\/uploads\/2023\/07\/iberica-clausura-15-julio2023-blog-9.jpg\"><img decoding=\"async\" loading=\"lazy\" width=\"800\" height=\"533\" data-id=\"62000\" src=\"https:\/\/www.de-paseo.com\/queretaro\/wp-content\/uploads\/2023\/07\/iberica-clausura-15-julio2023-blog-9.jpg\" alt=\"\" class=\"wp-image-62000\" srcset=\"https:\/\/www.de-paseo.com\/queretaro\/wp-content\/uploads\/2023\/07\/iberica-clausura-15-julio2023-blog-9.jpg 800w, https:\/\/www.de-paseo.com\/queretaro\/wp-content\/uploads\/2023\/07\/iberica-clausura-15-julio2023-blog-9-300x200.jpg 300w, https:\/\/www.de-paseo.com\/queretaro\/wp-content\/uploads\/2023\/07\/iberica-clausura-15-julio2023-blog-9-768x512.jpg 768w\" sizes=\"auto, (max-width: 800px) 100vw, 800px\"\/><\/a><\/figure>\n<figure class=\"wp-block-image size-large\"><a href=\"https:\/\/www.de-paseo.com\/queretaro\/wp-content\/uploads\/2023\/07\/iberica-clausura-15-julio2023-blog-10.jpg\"><img decoding=\"async\" loading=\"lazy\" width=\"800\" height=\"533\" data-id=\"62003\" src=\"https:\/\/www.de-paseo.com\/queretaro\/wp-content\/uploads\/2023\/07\/iberica-clausura-15-julio2023-blog-10.jpg\" alt=\"\" class=\"wp-image-62003\" srcset=\"https:\/\/www.de-paseo.com\/queretaro\/wp-content\/uploads\/2023\/07\/iberica-clausura-15-julio2023-blog-10.jpg 800w, https:\/\/www.de-paseo.com\/queretaro\/wp-content\/uploads\/2023\/07\/iberica-clausura-15-julio2023-blog-10-300x200.jpg 300w, https:\/\/www.de-paseo.com\/queretaro\/wp-content\/uploads\/2023\/07\/iberica-clausura-15-julio2023-blog-10-768x512.jpg 768w\" sizes=\"auto, (max-width: 800px) 100vw, 800px\"\/><\/a><\/figure>\n<figure class=\"wp-block-image size-large\"><a href=\"https:\/\/www.de-paseo.com\/queretaro\/wp-content\/uploads\/2023\/07\/iberica-clausura-15-julio2023-blog-11.jpg\"><img decoding=\"async\" loading=\"lazy\" width=\"800\" height=\"533\" data-id=\"62007\" src=\"https:\/\/www.de-paseo.com\/queretaro\/wp-content\/uploads\/2023\/07\/iberica-clausura-15-julio2023-blog-11.jpg\" alt=\"\" class=\"wp-image-62007\" srcset=\"https:\/\/www.de-paseo.com\/queretaro\/wp-content\/uploads\/2023\/07\/iberica-clausura-15-julio2023-blog-11.jpg 800w, https:\/\/www.de-paseo.com\/queretaro\/wp-content\/uploads\/2023\/07\/iberica-clausura-15-julio2023-blog-11-300x200.jpg 300w, https:\/\/www.de-paseo.com\/queretaro\/wp-content\/uploads\/2023\/07\/iberica-clausura-15-julio2023-blog-11-768x512.jpg 768w\" sizes=\"auto, (max-width: 800px) 100vw, 800px\"\/><\/a><\/figure>\n<figure class=\"wp-block-image size-large\"><a href=\"https:\/\/www.de-paseo.com\/queretaro\/wp-content\/uploads\/2023\/07\/iberica-clausura-15-julio2023-blog-12.jpg\"><img decoding=\"async\" loading=\"lazy\" width=\"800\" height=\"533\" data-id=\"62005\" src=\"https:\/\/www.de-paseo.com\/queretaro\/wp-content\/uploads\/2023\/07\/iberica-clausura-15-julio2023-blog-12.jpg\" alt=\"\" class=\"wp-image-62005\" srcset=\"https:\/\/www.de-paseo.com\/queretaro\/wp-content\/uploads\/2023\/07\/iberica-clausura-15-julio2023-blog-12.jpg 800w, https:\/\/www.de-paseo.com\/queretaro\/wp-content\/uploads\/2023\/07\/iberica-clausura-15-julio2023-blog-12-300x200.jpg 300w, https:\/\/www.de-paseo.com\/queretaro\/wp-content\/uploads\/2023\/07\/iberica-clausura-15-julio2023-blog-12-768x512.jpg 768w\" sizes=\"auto, (max-width: 800px) 100vw, 800px\"\/><\/a><\/figure>\n<figure class=\"wp-block-image size-large\"><a href=\"https:\/\/www.de-paseo.com\/queretaro\/wp-content\/uploads\/2023\/07\/iberica-clausura-15-julio2023-blog-13.jpg\"><img decoding=\"async\" loading=\"lazy\" width=\"800\" height=\"533\" data-id=\"61999\" src=\"https:\/\/www.de-paseo.com\/queretaro\/wp-content\/uploads\/2023\/07\/iberica-clausura-15-julio2023-blog-13.jpg\" alt=\"\" class=\"wp-image-61999\" srcset=\"https:\/\/www.de-paseo.com\/queretaro\/wp-content\/uploads\/2023\/07\/iberica-clausura-15-julio2023-blog-13.jpg 800w, https:\/\/www.de-paseo.com\/queretaro\/wp-content\/uploads\/2023\/07\/iberica-clausura-15-julio2023-blog-13-300x200.jpg 300w, https:\/\/www.de-paseo.com\/queretaro\/wp-content\/uploads\/2023\/07\/iberica-clausura-15-julio2023-blog-13-768x512.jpg 768w\" sizes=\"auto, (max-width: 800px) 100vw, 800px\"\/><\/a><\/figure>\n<figure class=\"wp-block-image size-large\"><a href=\"https:\/\/www.de-paseo.com\/queretaro\/wp-content\/uploads\/2023\/07\/iberica-clausura-15-julio2023-blog-14.jpg\"><img decoding=\"async\" loading=\"lazy\" width=\"800\" height=\"533\" data-id=\"62009\" src=\"https:\/\/www.de-paseo.com\/queretaro\/wp-content\/uploads\/2023\/07\/iberica-clausura-15-julio2023-blog-14.jpg\" alt=\"\" class=\"wp-image-62009\" srcset=\"https:\/\/www.de-paseo.com\/queretaro\/wp-content\/uploads\/2023\/07\/iberica-clausura-15-julio2023-blog-14.jpg 800w, https:\/\/www.de-paseo.com\/queretaro\/wp-content\/uploads\/2023\/07\/iberica-clausura-15-julio2023-blog-14-300x200.jpg 300w, https:\/\/www.de-paseo.com\/queretaro\/wp-content\/uploads\/2023\/07\/iberica-clausura-15-julio2023-blog-14-768x512.jpg 768w\" sizes=\"auto, (max-width: 800px) 100vw, 800px\"\/><\/a><\/figure>\n<figure class=\"wp-block-image size-large\"><a href=\"https:\/\/www.de-paseo.com\/queretaro\/wp-content\/uploads\/2023\/07\/iberica-clausura-15-julio2023-blog-15.jpg\"><img decoding=\"async\" loading=\"lazy\" width=\"800\" height=\"533\" data-id=\"62001\" src=\"https:\/\/www.de-paseo.com\/queretaro\/wp-content\/uploads\/2023\/07\/iberica-clausura-15-julio2023-blog-15.jpg\" alt=\"\" class=\"wp-image-62001\" srcset=\"https:\/\/www.de-paseo.com\/queretaro\/wp-content\/uploads\/2023\/07\/iberica-clausura-15-julio2023-blog-15.jpg 800w, https:\/\/www.de-paseo.com\/queretaro\/wp-content\/uploads\/2023\/07\/iberica-clausura-15-julio2023-blog-15-300x200.jpg 300w, https:\/\/www.de-paseo.com\/queretaro\/wp-content\/uploads\/2023\/07\/iberica-clausura-15-julio2023-blog-15-768x512.jpg 768w\" sizes=\"auto, (max-width: 800px) 100vw, 800px\"\/><\/a><\/figure>\n<figure class=\"wp-block-image size-large\"><a href=\"https:\/\/www.de-paseo.com\/queretaro\/wp-content\/uploads\/2023\/07\/iberica-clausura-15-julio2023-blog-16.jpg\"><img decoding=\"async\" loading=\"lazy\" width=\"800\" height=\"533\" data-id=\"62002\" src=\"https:\/\/www.de-paseo.com\/queretaro\/wp-content\/uploads\/2023\/07\/iberica-clausura-15-julio2023-blog-16.jpg\" alt=\"\" class=\"wp-image-62002\" srcset=\"https:\/\/www.de-paseo.com\/queretaro\/wp-content\/uploads\/2023\/07\/iberica-clausura-15-julio2023-blog-16.jpg 800w, https:\/\/www.de-paseo.com\/queretaro\/wp-content\/uploads\/2023\/07\/iberica-clausura-15-julio2023-blog-16-300x200.jpg 300w, https:\/\/www.de-paseo.com\/queretaro\/wp-content\/uploads\/2023\/07\/iberica-clausura-15-julio2023-blog-16-768x512.jpg 768w\" sizes=\"auto, (max-width: 800px) 100vw, 800px\"\/><\/a><\/figure>\n<figure class=\"wp-block-image size-large\"><a href=\"https:\/\/www.de-paseo.com\/queretaro\/wp-content\/uploads\/2023\/07\/iberica-clausura-15-julio2023-blog-17.jpg\"><img decoding=\"async\" loading=\"lazy\" width=\"800\" height=\"533\" data-id=\"62004\" src=\"https:\/\/www.de-paseo.com\/queretaro\/wp-content\/uploads\/2023\/07\/iberica-clausura-15-julio2023-blog-17.jpg\" alt=\"\" class=\"wp-image-62004\" srcset=\"https:\/\/www.de-paseo.com\/queretaro\/wp-content\/uploads\/2023\/07\/iberica-clausura-15-julio2023-blog-17.jpg 800w, https:\/\/www.de-paseo.com\/queretaro\/wp-content\/uploads\/2023\/07\/iberica-clausura-15-julio2023-blog-17-300x200.jpg 300w, https:\/\/www.de-paseo.com\/queretaro\/wp-content\/uploads\/2023\/07\/iberica-clausura-15-julio2023-blog-17-768x512.jpg 768w\" sizes=\"auto, (max-width: 800px) 100vw, 800px\"\/><\/a><\/figure>\n<\/figure><\/div>\n<p><script type='text\/javascript'>\n!function(f,b,e,v,n,t,s){if(f.fbq)return;n=f.fbq=function(){n.callMethod?\nn.callMethod.apply(n,arguments):n.queue.push(arguments)};if(!f._fbq)f._fbq=n;\nn.push=n;n.loaded=!0;n.version='2.0';n.queue=[];t=b.createElement(e);t.async=!0;\nt.src=v;s=b.getElementsByTagName(e)[0];s.parentNode.insertBefore(t,s)}(window,\ndocument,'script','https:\/\/connect.facebook.net\/en_US\/fbevents.js?v=next');\n<\/script><\/p>\n","protected":false},"excerpt":{"rendered":"<p>Tanto el p\u00fablico queretano como todos aquellos que visitaron nuestro estado para disfrutar de este gran evento, vivieron una noche m\u00e1gica en la Gala de Clausura que se realiz\u00f3 en el Teatro Metropolitano. Hasta las nubes y la lluvia que hubo otros d\u00edas de la semana, respetaron la fecha y nos permitieron ver tanto las [&hellip;]<\/p>\n","protected":false},"author":2,"featured_media":14410,"comment_status":"","ping_status":"","sticky":false,"template":"","format":"standard","meta":{"_monsterinsights_skip_tracking":false,"_monsterinsights_sitenote_active":false,"_monsterinsights_sitenote_note":"","_monsterinsights_sitenote_category":0,"footnotes":""},"categories":[10],"tags":[],"class_list":["post-14409","post","type-post","status-publish","format-standard","has-post-thumbnail","hentry","category-cultura"],"_links":{"self":[{"href":"https:\/\/informebajio.com.mx\/index.php?rest_route=\/wp\/v2\/posts\/14409","targetHints":{"allow":["GET"]}}],"collection":[{"href":"https:\/\/informebajio.com.mx\/index.php?rest_route=\/wp\/v2\/posts"}],"about":[{"href":"https:\/\/informebajio.com.mx\/index.php?rest_route=\/wp\/v2\/types\/post"}],"author":[{"embeddable":true,"href":"https:\/\/informebajio.com.mx\/index.php?rest_route=\/wp\/v2\/users\/2"}],"replies":[{"embeddable":true,"href":"https:\/\/informebajio.com.mx\/index.php?rest_route=%2Fwp%2Fv2%2Fcomments&post=14409"}],"version-history":[{"count":0,"href":"https:\/\/informebajio.com.mx\/index.php?rest_route=\/wp\/v2\/posts\/14409\/revisions"}],"wp:featuredmedia":[{"embeddable":true,"href":"https:\/\/informebajio.com.mx\/index.php?rest_route=\/wp\/v2\/media\/14410"}],"wp:attachment":[{"href":"https:\/\/informebajio.com.mx\/index.php?rest_route=%2Fwp%2Fv2%2Fmedia&parent=14409"}],"wp:term":[{"taxonomy":"category","embeddable":true,"href":"https:\/\/informebajio.com.mx\/index.php?rest_route=%2Fwp%2Fv2%2Fcategories&post=14409"},{"taxonomy":"post_tag","embeddable":true,"href":"https:\/\/informebajio.com.mx\/index.php?rest_route=%2Fwp%2Fv2%2Ftags&post=14409"}],"curies":[{"name":"wp","href":"https:\/\/api.w.org\/{rel}","templated":true}]}}