{"id":14411,"date":"2023-07-18T07:42:59","date_gmt":"2023-07-18T12:42:59","guid":{"rendered":"https:\/\/informebajio.com.mx\/?p=14411"},"modified":"2023-07-18T07:42:59","modified_gmt":"2023-07-18T12:42:59","slug":"gala-flamenco-de-raiz","status":"publish","type":"post","link":"https:\/\/informebajio.com.mx\/?p=14411","title":{"rendered":"Gala \u00abFlamenco de Ra\u00edz\u00bb"},"content":{"rendered":"<div>\n<p>Este 14 de Julio, con la presencia de tres grandes del flamenco, Karime Amaya,\u00a0 Patricia Guerrero y Eduardo Guerrero, el festival Ib\u00e9rica Contempor\u00e1nea vivi\u00f3 una de sus mejores noches con un lleno total.<\/p>\n<p>Esta noche fue un homenaje a Carmen \u201cla Chuny\u201d Amaya, Mercedes \u201cla Winy\u201d Amaya y Santiago Aguilar ya que si hay un nombre importante en el mundo del baile flamenco es el de Carmen Amaya, que ha representado una est\u00e9tica y una escuela indiscutible del baile.<\/p>\n<p>Los artistas que presentaron este homenaje son tres artistas de talla internacional y esta fue una ocasi\u00f3n formidable para celebrar la vida, para celebrar el arte y para celebrar con Ib\u00e9rica.<\/p>\n<p>Aqu\u00ed te compartimos algunas im\u00e1genes de lo que se vivi\u00f3 esta noche y te recordamos que aun puedes disfrutar de la Gala de Clausura. <a href=\"https:\/\/ticketpoint.mx\/iberica-contemporanea\/\" target=\"_blank\" rel=\"noreferrer noopener\"><strong>Los boletos est\u00e1n a la venta en Ticketpoint (Click aqu<\/strong>\u00ed)<\/a><\/p>\n<figure class=\"wp-block-gallery has-nested-images columns-2 is-cropped wp-block-gallery-1 is-layout-flex\">\n<figure class=\"wp-block-image size-large\"><a href=\"https:\/\/www.de-paseo.com\/queretaro\/wp-content\/uploads\/2023\/07\/flamenco-de-raiz-iberica-14-jul-2023-blog-1.jpg\" target=\"_blank\" rel=\"noopener\"><img loading=\"lazy\" decoding=\"async\" width=\"800\" height=\"533\" data-id=\"61974\" src=\"https:\/\/www.de-paseo.com\/queretaro\/wp-content\/uploads\/2023\/07\/flamenco-de-raiz-iberica-14-jul-2023-blog-1.jpg\" alt=\"\" class=\"wp-image-61974\" srcset=\"https:\/\/www.de-paseo.com\/queretaro\/wp-content\/uploads\/2023\/07\/flamenco-de-raiz-iberica-14-jul-2023-blog-1.jpg 800w, https:\/\/www.de-paseo.com\/queretaro\/wp-content\/uploads\/2023\/07\/flamenco-de-raiz-iberica-14-jul-2023-blog-1-300x200.jpg 300w, https:\/\/www.de-paseo.com\/queretaro\/wp-content\/uploads\/2023\/07\/flamenco-de-raiz-iberica-14-jul-2023-blog-1-768x512.jpg 768w\" sizes=\"auto, (max-width: 800px) 100vw, 800px\"\/><\/a><\/figure>\n<figure class=\"wp-block-image size-large\"><a href=\"https:\/\/www.de-paseo.com\/queretaro\/wp-content\/uploads\/2023\/07\/flamenco-de-raiz-iberica-14-jul-2023-blog-2.jpg\" target=\"_blank\" rel=\"noopener\"><img decoding=\"async\" loading=\"lazy\" width=\"800\" height=\"533\" data-id=\"61979\" src=\"https:\/\/www.de-paseo.com\/queretaro\/wp-content\/uploads\/2023\/07\/flamenco-de-raiz-iberica-14-jul-2023-blog-2.jpg\" alt=\"\" class=\"wp-image-61979\" srcset=\"https:\/\/www.de-paseo.com\/queretaro\/wp-content\/uploads\/2023\/07\/flamenco-de-raiz-iberica-14-jul-2023-blog-2.jpg 800w, https:\/\/www.de-paseo.com\/queretaro\/wp-content\/uploads\/2023\/07\/flamenco-de-raiz-iberica-14-jul-2023-blog-2-300x200.jpg 300w, https:\/\/www.de-paseo.com\/queretaro\/wp-content\/uploads\/2023\/07\/flamenco-de-raiz-iberica-14-jul-2023-blog-2-768x512.jpg 768w\" sizes=\"auto, (max-width: 800px) 100vw, 800px\"\/><\/a><\/figure>\n<figure class=\"wp-block-image size-large\"><a href=\"https:\/\/www.de-paseo.com\/queretaro\/wp-content\/uploads\/2023\/07\/flamenco-de-raiz-iberica-14-jul-2023-blog-3.jpg\" target=\"_blank\" rel=\"noopener\"><img decoding=\"async\" loading=\"lazy\" width=\"800\" height=\"533\" data-id=\"61981\" src=\"https:\/\/www.de-paseo.com\/queretaro\/wp-content\/uploads\/2023\/07\/flamenco-de-raiz-iberica-14-jul-2023-blog-3.jpg\" alt=\"\" class=\"wp-image-61981\" srcset=\"https:\/\/www.de-paseo.com\/queretaro\/wp-content\/uploads\/2023\/07\/flamenco-de-raiz-iberica-14-jul-2023-blog-3.jpg 800w, https:\/\/www.de-paseo.com\/queretaro\/wp-content\/uploads\/2023\/07\/flamenco-de-raiz-iberica-14-jul-2023-blog-3-300x200.jpg 300w, https:\/\/www.de-paseo.com\/queretaro\/wp-content\/uploads\/2023\/07\/flamenco-de-raiz-iberica-14-jul-2023-blog-3-768x512.jpg 768w\" sizes=\"auto, (max-width: 800px) 100vw, 800px\"\/><\/a><\/figure>\n<figure class=\"wp-block-image size-large\"><a href=\"https:\/\/www.de-paseo.com\/queretaro\/wp-content\/uploads\/2023\/07\/flamenco-de-raiz-iberica-14-jul-2023-blog-4.jpg\" target=\"_blank\" rel=\"noopener\"><img decoding=\"async\" loading=\"lazy\" width=\"800\" height=\"533\" data-id=\"61982\" src=\"https:\/\/www.de-paseo.com\/queretaro\/wp-content\/uploads\/2023\/07\/flamenco-de-raiz-iberica-14-jul-2023-blog-4.jpg\" alt=\"\" class=\"wp-image-61982\" srcset=\"https:\/\/www.de-paseo.com\/queretaro\/wp-content\/uploads\/2023\/07\/flamenco-de-raiz-iberica-14-jul-2023-blog-4.jpg 800w, https:\/\/www.de-paseo.com\/queretaro\/wp-content\/uploads\/2023\/07\/flamenco-de-raiz-iberica-14-jul-2023-blog-4-300x200.jpg 300w, https:\/\/www.de-paseo.com\/queretaro\/wp-content\/uploads\/2023\/07\/flamenco-de-raiz-iberica-14-jul-2023-blog-4-768x512.jpg 768w\" sizes=\"auto, (max-width: 800px) 100vw, 800px\"\/><\/a><\/figure>\n<figure class=\"wp-block-image size-large\"><a href=\"https:\/\/www.de-paseo.com\/queretaro\/wp-content\/uploads\/2023\/07\/flamenco-de-raiz-iberica-14-jul-2023-blog-5.jpg\" target=\"_blank\" rel=\"noopener\"><img decoding=\"async\" loading=\"lazy\" width=\"800\" height=\"533\" data-id=\"61978\" src=\"https:\/\/www.de-paseo.com\/queretaro\/wp-content\/uploads\/2023\/07\/flamenco-de-raiz-iberica-14-jul-2023-blog-5.jpg\" alt=\"\" class=\"wp-image-61978\" srcset=\"https:\/\/www.de-paseo.com\/queretaro\/wp-content\/uploads\/2023\/07\/flamenco-de-raiz-iberica-14-jul-2023-blog-5.jpg 800w, https:\/\/www.de-paseo.com\/queretaro\/wp-content\/uploads\/2023\/07\/flamenco-de-raiz-iberica-14-jul-2023-blog-5-300x200.jpg 300w, https:\/\/www.de-paseo.com\/queretaro\/wp-content\/uploads\/2023\/07\/flamenco-de-raiz-iberica-14-jul-2023-blog-5-768x512.jpg 768w\" sizes=\"auto, (max-width: 800px) 100vw, 800px\"\/><\/a><\/figure>\n<figure class=\"wp-block-image size-large\"><a href=\"https:\/\/www.de-paseo.com\/queretaro\/wp-content\/uploads\/2023\/07\/flamenco-de-raiz-iberica-14-jul-2023-blog-6.jpg\" target=\"_blank\" rel=\"noopener\"><img decoding=\"async\" loading=\"lazy\" width=\"800\" height=\"533\" data-id=\"61983\" src=\"https:\/\/www.de-paseo.com\/queretaro\/wp-content\/uploads\/2023\/07\/flamenco-de-raiz-iberica-14-jul-2023-blog-6.jpg\" alt=\"\" class=\"wp-image-61983\" srcset=\"https:\/\/www.de-paseo.com\/queretaro\/wp-content\/uploads\/2023\/07\/flamenco-de-raiz-iberica-14-jul-2023-blog-6.jpg 800w, https:\/\/www.de-paseo.com\/queretaro\/wp-content\/uploads\/2023\/07\/flamenco-de-raiz-iberica-14-jul-2023-blog-6-300x200.jpg 300w, https:\/\/www.de-paseo.com\/queretaro\/wp-content\/uploads\/2023\/07\/flamenco-de-raiz-iberica-14-jul-2023-blog-6-768x512.jpg 768w\" sizes=\"auto, (max-width: 800px) 100vw, 800px\"\/><\/a><\/figure>\n<figure class=\"wp-block-image size-large\"><a href=\"https:\/\/www.de-paseo.com\/queretaro\/wp-content\/uploads\/2023\/07\/flamenco-de-raiz-iberica-14-jul-2023-blog-7.jpg\" target=\"_blank\" rel=\"noopener\"><img decoding=\"async\" loading=\"lazy\" width=\"800\" height=\"533\" data-id=\"61973\" src=\"https:\/\/www.de-paseo.com\/queretaro\/wp-content\/uploads\/2023\/07\/flamenco-de-raiz-iberica-14-jul-2023-blog-7.jpg\" alt=\"\" class=\"wp-image-61973\" srcset=\"https:\/\/www.de-paseo.com\/queretaro\/wp-content\/uploads\/2023\/07\/flamenco-de-raiz-iberica-14-jul-2023-blog-7.jpg 800w, https:\/\/www.de-paseo.com\/queretaro\/wp-content\/uploads\/2023\/07\/flamenco-de-raiz-iberica-14-jul-2023-blog-7-300x200.jpg 300w, https:\/\/www.de-paseo.com\/queretaro\/wp-content\/uploads\/2023\/07\/flamenco-de-raiz-iberica-14-jul-2023-blog-7-768x512.jpg 768w\" sizes=\"auto, (max-width: 800px) 100vw, 800px\"\/><\/a><\/figure>\n<figure class=\"wp-block-image size-large\"><a href=\"https:\/\/www.de-paseo.com\/queretaro\/wp-content\/uploads\/2023\/07\/flamenco-de-raiz-iberica-14-jul-2023-blog-8.jpg\" target=\"_blank\" rel=\"noopener\"><img decoding=\"async\" loading=\"lazy\" width=\"800\" height=\"533\" data-id=\"61977\" src=\"https:\/\/www.de-paseo.com\/queretaro\/wp-content\/uploads\/2023\/07\/flamenco-de-raiz-iberica-14-jul-2023-blog-8.jpg\" alt=\"\" class=\"wp-image-61977\" srcset=\"https:\/\/www.de-paseo.com\/queretaro\/wp-content\/uploads\/2023\/07\/flamenco-de-raiz-iberica-14-jul-2023-blog-8.jpg 800w, https:\/\/www.de-paseo.com\/queretaro\/wp-content\/uploads\/2023\/07\/flamenco-de-raiz-iberica-14-jul-2023-blog-8-300x200.jpg 300w, https:\/\/www.de-paseo.com\/queretaro\/wp-content\/uploads\/2023\/07\/flamenco-de-raiz-iberica-14-jul-2023-blog-8-768x512.jpg 768w\" sizes=\"auto, (max-width: 800px) 100vw, 800px\"\/><\/a><\/figure>\n<figure class=\"wp-block-image size-large\"><a href=\"https:\/\/www.de-paseo.com\/queretaro\/wp-content\/uploads\/2023\/07\/flamenco-de-raiz-iberica-14-jul-2023-blog-9.jpg\" target=\"_blank\" rel=\"noopener\"><img decoding=\"async\" loading=\"lazy\" width=\"800\" height=\"533\" data-id=\"61976\" src=\"https:\/\/www.de-paseo.com\/queretaro\/wp-content\/uploads\/2023\/07\/flamenco-de-raiz-iberica-14-jul-2023-blog-9.jpg\" alt=\"\" class=\"wp-image-61976\" srcset=\"https:\/\/www.de-paseo.com\/queretaro\/wp-content\/uploads\/2023\/07\/flamenco-de-raiz-iberica-14-jul-2023-blog-9.jpg 800w, https:\/\/www.de-paseo.com\/queretaro\/wp-content\/uploads\/2023\/07\/flamenco-de-raiz-iberica-14-jul-2023-blog-9-300x200.jpg 300w, https:\/\/www.de-paseo.com\/queretaro\/wp-content\/uploads\/2023\/07\/flamenco-de-raiz-iberica-14-jul-2023-blog-9-768x512.jpg 768w\" sizes=\"auto, (max-width: 800px) 100vw, 800px\"\/><\/a><\/figure>\n<figure class=\"wp-block-image size-large\"><a href=\"https:\/\/www.de-paseo.com\/queretaro\/wp-content\/uploads\/2023\/07\/flamenco-de-raiz-iberica-14-jul-2023-blog-10.jpg\" target=\"_blank\" rel=\"noopener\"><img decoding=\"async\" loading=\"lazy\" width=\"800\" height=\"533\" data-id=\"61972\" src=\"https:\/\/www.de-paseo.com\/queretaro\/wp-content\/uploads\/2023\/07\/flamenco-de-raiz-iberica-14-jul-2023-blog-10.jpg\" alt=\"\" class=\"wp-image-61972\" srcset=\"https:\/\/www.de-paseo.com\/queretaro\/wp-content\/uploads\/2023\/07\/flamenco-de-raiz-iberica-14-jul-2023-blog-10.jpg 800w, https:\/\/www.de-paseo.com\/queretaro\/wp-content\/uploads\/2023\/07\/flamenco-de-raiz-iberica-14-jul-2023-blog-10-300x200.jpg 300w, https:\/\/www.de-paseo.com\/queretaro\/wp-content\/uploads\/2023\/07\/flamenco-de-raiz-iberica-14-jul-2023-blog-10-768x512.jpg 768w\" sizes=\"auto, (max-width: 800px) 100vw, 800px\"\/><\/a><\/figure>\n<figure class=\"wp-block-image size-large\"><a href=\"https:\/\/www.de-paseo.com\/queretaro\/wp-content\/uploads\/2023\/07\/flamenco-de-raiz-iberica-14-jul-2023-blog-11.jpg\" target=\"_blank\" rel=\"noopener\"><img decoding=\"async\" loading=\"lazy\" width=\"800\" height=\"533\" data-id=\"61980\" src=\"https:\/\/www.de-paseo.com\/queretaro\/wp-content\/uploads\/2023\/07\/flamenco-de-raiz-iberica-14-jul-2023-blog-11.jpg\" alt=\"\" class=\"wp-image-61980\" srcset=\"https:\/\/www.de-paseo.com\/queretaro\/wp-content\/uploads\/2023\/07\/flamenco-de-raiz-iberica-14-jul-2023-blog-11.jpg 800w, https:\/\/www.de-paseo.com\/queretaro\/wp-content\/uploads\/2023\/07\/flamenco-de-raiz-iberica-14-jul-2023-blog-11-300x200.jpg 300w, https:\/\/www.de-paseo.com\/queretaro\/wp-content\/uploads\/2023\/07\/flamenco-de-raiz-iberica-14-jul-2023-blog-11-768x512.jpg 768w\" sizes=\"auto, (max-width: 800px) 100vw, 800px\"\/><\/a><\/figure>\n<figure class=\"wp-block-image size-large\"><a href=\"https:\/\/www.de-paseo.com\/queretaro\/wp-content\/uploads\/2023\/07\/flamenco-de-raiz-iberica-14-jul-2023-blog-12.jpg\" target=\"_blank\" rel=\"noopener\"><img decoding=\"async\" loading=\"lazy\" width=\"800\" height=\"533\" data-id=\"61975\" src=\"https:\/\/www.de-paseo.com\/queretaro\/wp-content\/uploads\/2023\/07\/flamenco-de-raiz-iberica-14-jul-2023-blog-12.jpg\" alt=\"\" class=\"wp-image-61975\" srcset=\"https:\/\/www.de-paseo.com\/queretaro\/wp-content\/uploads\/2023\/07\/flamenco-de-raiz-iberica-14-jul-2023-blog-12.jpg 800w, https:\/\/www.de-paseo.com\/queretaro\/wp-content\/uploads\/2023\/07\/flamenco-de-raiz-iberica-14-jul-2023-blog-12-300x200.jpg 300w, https:\/\/www.de-paseo.com\/queretaro\/wp-content\/uploads\/2023\/07\/flamenco-de-raiz-iberica-14-jul-2023-blog-12-768x512.jpg 768w\" sizes=\"auto, (max-width: 800px) 100vw, 800px\"\/><\/a><\/figure>\n<\/figure><\/div>\n<p><script type='text\/javascript'>\n!function(f,b,e,v,n,t,s){if(f.fbq)return;n=f.fbq=function(){n.callMethod?\nn.callMethod.apply(n,arguments):n.queue.push(arguments)};if(!f._fbq)f._fbq=n;\nn.push=n;n.loaded=!0;n.version='2.0';n.queue=[];t=b.createElement(e);t.async=!0;\nt.src=v;s=b.getElementsByTagName(e)[0];s.parentNode.insertBefore(t,s)}(window,\ndocument,'script','https:\/\/connect.facebook.net\/en_US\/fbevents.js?v=next');\n<\/script><\/p>\n","protected":false},"excerpt":{"rendered":"<p>Este 14 de Julio, con la presencia de tres grandes del flamenco, Karime Amaya,\u00a0 Patricia Guerrero y Eduardo Guerrero, el festival Ib\u00e9rica Contempor\u00e1nea vivi\u00f3 una de sus mejores noches con un lleno total. Esta noche fue un homenaje a Carmen \u201cla Chuny\u201d Amaya, Mercedes \u201cla Winy\u201d Amaya y Santiago Aguilar ya que si hay un [&hellip;]<\/p>\n","protected":false},"author":2,"featured_media":14412,"comment_status":"","ping_status":"","sticky":false,"template":"","format":"standard","meta":{"_monsterinsights_skip_tracking":false,"_monsterinsights_sitenote_active":false,"_monsterinsights_sitenote_note":"","_monsterinsights_sitenote_category":0,"footnotes":""},"categories":[10],"tags":[],"class_list":["post-14411","post","type-post","status-publish","format-standard","has-post-thumbnail","hentry","category-cultura"],"_links":{"self":[{"href":"https:\/\/informebajio.com.mx\/index.php?rest_route=\/wp\/v2\/posts\/14411","targetHints":{"allow":["GET"]}}],"collection":[{"href":"https:\/\/informebajio.com.mx\/index.php?rest_route=\/wp\/v2\/posts"}],"about":[{"href":"https:\/\/informebajio.com.mx\/index.php?rest_route=\/wp\/v2\/types\/post"}],"author":[{"embeddable":true,"href":"https:\/\/informebajio.com.mx\/index.php?rest_route=\/wp\/v2\/users\/2"}],"replies":[{"embeddable":true,"href":"https:\/\/informebajio.com.mx\/index.php?rest_route=%2Fwp%2Fv2%2Fcomments&post=14411"}],"version-history":[{"count":0,"href":"https:\/\/informebajio.com.mx\/index.php?rest_route=\/wp\/v2\/posts\/14411\/revisions"}],"wp:featuredmedia":[{"embeddable":true,"href":"https:\/\/informebajio.com.mx\/index.php?rest_route=\/wp\/v2\/media\/14412"}],"wp:attachment":[{"href":"https:\/\/informebajio.com.mx\/index.php?rest_route=%2Fwp%2Fv2%2Fmedia&parent=14411"}],"wp:term":[{"taxonomy":"category","embeddable":true,"href":"https:\/\/informebajio.com.mx\/index.php?rest_route=%2Fwp%2Fv2%2Fcategories&post=14411"},{"taxonomy":"post_tag","embeddable":true,"href":"https:\/\/informebajio.com.mx\/index.php?rest_route=%2Fwp%2Fv2%2Ftags&post=14411"}],"curies":[{"name":"wp","href":"https:\/\/api.w.org\/{rel}","templated":true}]}}