{"id":1494,"date":"2023-01-13T06:29:44","date_gmt":"2023-01-13T12:29:44","guid":{"rendered":"https:\/\/informebajio.com.mx\/?p=1494"},"modified":"2023-01-13T06:29:44","modified_gmt":"2023-01-13T12:29:44","slug":"queda-abierto-en-chile-un-nuevo-proceso-constitucional","status":"publish","type":"post","link":"https:\/\/informebajio.com.mx\/?p=1494","title":{"rendered":"Queda abierto en Chile un nuevo proceso constitucional"},"content":{"rendered":"<div id=\"article-content-tts\">\n<div id=\"content_nitf\">\n<p><em>Santiago.<\/em> La C\u00e1mara de Diputados de Chile, tal cual hizo el Senado la semana pasada, aprob\u00f3 por 109 votos a favor, 37 en contra y 2 abstenciones, la reforma constitucional que habilita la realizaci\u00f3n de un nuevo proceso constitucional, aunque claramente diferente al que se gest\u00f3 al calor del estallido social de octubre de 2019, que parti\u00f3 desde una &#8220;hoja en blanco&#8221; con total soberan\u00eda, y que finalmente fracas\u00f3 cuando el texto propuesto fue rechazado en septiembre de 2022.<\/p>\n<p>Entre las diferencias principales con aquel, el nuevo proceso para derogar la constituci\u00f3n de 1980, herencia de la dictadura de Augusto Pinochet y en la cual se sustenta el neoliberalismo prevaleciente en Chile, destaca que este nuevo intento partir\u00e1 de limitado por un &#8220;marco de 12 principios&#8221;, impuestos por la derecha, que limitar\u00e1 la autonom\u00eda del futuro Consejo Constitucional de 50 miembros electos. Por ejemplo, uno de esos principios dicen que &#8220;se reconoce a los pueblos ind\u00edgenas que habitan su territorio como parte de la naci\u00f3n chilena, que es una e indivisible&#8221;, con lo cual queda clausurada la posibilidad de ser un pa\u00eds &#8220;plurinacional&#8221;, como dec\u00eda el texto fallido en reconocimiento de las naciones primeras.<\/p>\n<p>Otra diferencia cardinal apunta a que habr\u00e1 una &#8220;comisi\u00f3n experta&#8221; de 24 miembros -12 electos por la C\u00e1mara e Diputados y 12 por el Senado por cuoteo pol\u00edtico- que a contar de marzo redactar\u00e1 un anteproyecto de Constituci\u00f3n sobre el cual trabajar\u00e1 el Consejo electo.<\/p>\n<p>Chilenas y chilenos habilitados deber\u00e1n concurrir a las urnas el domingo 7 de mayo para elegir a los 50 miembros del Consejo que, un mes despu\u00e9s, el 7 de junio, comenzar\u00e1 a sesionar por cinco meses para acordar el texto constitucional que ser\u00e1 sometido a plebiscito ratificatorio el domingo 17 de diciembre, cuando se preguntar\u00e1 &#8220;\u00bfEst\u00e1 usted a favor o en contra del texto de Nueva Constituci\u00f3n?&#8221;.<\/p>\n<p>Votaron en contra de la reforma los diputados del ultraderechista y pinochetista Partido Republicano, el populista Partido de la Gente y parlamentarios independientes; en tanto que el oficialismo y la derecha aglutinada en Chile Vamos respaldaron el proyecto.<\/p>\n<\/div>\n<\/div>\n<p><script>\n      !function(f,b,e,v,n,t,s)\n      {if(f.fbq)return;n=f.fbq=function(){n.callMethod?\n      n.callMethod.apply(n,arguments):n.queue.push(arguments)};\n      if(!f._fbq)f._fbq=n;n.push=n;n.loaded=!0;n.version='2.0';\n      n.queue=[];t=b.createElement(e);t.async=!0;\n      t.src=v;s=b.getElementsByTagName(e)[0];\n      s.parentNode.insertBefore(t,s)}(window, document,'script',\n      'https:\/\/connect.facebook.net\/en_US\/fbevents.js');\n      fbq('init', '133913093805922');\n      fbq('track', 'PageView');\n      fbq('track', 'Contact');\n      fbq('track', 'Donate');\n      fbq('track', 'FindLocation');\n      fbq('track', 'Lead');\n      fbq('track', 'Search');\n      fbq('track', 'Subscribe', {value: '0.00', currency: 'MXN', predicted_ltv: '0.00'});\n      fbq('track', 'ViewContent');\n    <\/script><script type=\"text\/javascript\">(function(d, s, id) {\n\t  var js, fjs = d.getElementsByTagName(s)[0];\n\t  if (d.getElementById(id)) return;\n\t  js = d.createElement(s); js.id = id;\n\t  js.src = \"\/\/connect.facebook.net\/es_LA\/sdk.js#xfbml=1&amp;version=v3.3&amp;appId=774389309362880\";\n\t  fjs.parentNode.insertBefore(js, fjs);\n\t}(document, 'script', 'facebook-jssdk'));<\/script><\/p>\n","protected":false},"excerpt":{"rendered":"<p>Santiago. La C\u00e1mara de Diputados de Chile, tal cual hizo el Senado la semana pasada, aprob\u00f3 por 109 votos a favor, 37 en contra y 2 abstenciones, la reforma constitucional que habilita la realizaci\u00f3n de un nuevo proceso constitucional, aunque claramente diferente al que se gest\u00f3 al calor del estallido social de octubre de 2019, [&hellip;]<\/p>\n","protected":false},"author":2,"featured_media":1495,"comment_status":"","ping_status":"","sticky":false,"template":"","format":"standard","meta":{"_monsterinsights_skip_tracking":false,"_monsterinsights_sitenote_active":false,"_monsterinsights_sitenote_note":"","_monsterinsights_sitenote_category":0,"footnotes":""},"categories":[9],"tags":[],"class_list":["post-1494","post","type-post","status-publish","format-standard","has-post-thumbnail","hentry","category-deportes"],"_links":{"self":[{"href":"https:\/\/informebajio.com.mx\/index.php?rest_route=\/wp\/v2\/posts\/1494","targetHints":{"allow":["GET"]}}],"collection":[{"href":"https:\/\/informebajio.com.mx\/index.php?rest_route=\/wp\/v2\/posts"}],"about":[{"href":"https:\/\/informebajio.com.mx\/index.php?rest_route=\/wp\/v2\/types\/post"}],"author":[{"embeddable":true,"href":"https:\/\/informebajio.com.mx\/index.php?rest_route=\/wp\/v2\/users\/2"}],"replies":[{"embeddable":true,"href":"https:\/\/informebajio.com.mx\/index.php?rest_route=%2Fwp%2Fv2%2Fcomments&post=1494"}],"version-history":[{"count":0,"href":"https:\/\/informebajio.com.mx\/index.php?rest_route=\/wp\/v2\/posts\/1494\/revisions"}],"wp:featuredmedia":[{"embeddable":true,"href":"https:\/\/informebajio.com.mx\/index.php?rest_route=\/wp\/v2\/media\/1495"}],"wp:attachment":[{"href":"https:\/\/informebajio.com.mx\/index.php?rest_route=%2Fwp%2Fv2%2Fmedia&parent=1494"}],"wp:term":[{"taxonomy":"category","embeddable":true,"href":"https:\/\/informebajio.com.mx\/index.php?rest_route=%2Fwp%2Fv2%2Fcategories&post=1494"},{"taxonomy":"post_tag","embeddable":true,"href":"https:\/\/informebajio.com.mx\/index.php?rest_route=%2Fwp%2Fv2%2Ftags&post=1494"}],"curies":[{"name":"wp","href":"https:\/\/api.w.org\/{rel}","templated":true}]}}