{"id":1881,"date":"2023-01-18T22:04:43","date_gmt":"2023-01-19T04:04:43","guid":{"rendered":"https:\/\/informebajio.com.mx\/?p=1881"},"modified":"2023-01-18T22:04:43","modified_gmt":"2023-01-19T04:04:43","slug":"queretaro-y-merida","status":"publish","type":"post","link":"https:\/\/informebajio.com.mx\/?p=1881","title":{"rendered":"Quer\u00e9taro y M\u00e9rida"},"content":{"rendered":"<div>\n<p>Dos ciudades hermosas e hist\u00f3ricas con un sin fin de atractivos, ya que adem\u00e1s de recorrer sus calles, disfrutar de su arquitectura, museos y gastronom\u00eda, son punto de partida para conocer y vivir grandes experiencias en sus respectivos estados.<\/p>\n<p>\u00bfPor qu\u00e9 te platicamos esto? Pues porque ahora hay un nuevo vuelo de <strong><a href=\"https:\/\/www.vivaaerobus.com\/\" target=\"_blank\" rel=\"noreferrer noopener\">Viva Aerob\u00fas<\/a><\/strong> que te llevar\u00e1 de Quer\u00e9taro a M\u00e9rida y viceversa dos veces a la semana (Lunes y Viernes) con excelentes tarifas.<\/p>\n<p>Si vives en cualquiera de estas dos ciudades, te platicamos un poco m\u00e1s qu\u00e9 es lo que podr\u00e1s encontrar si viajas a Quer\u00e9taro o a M\u00e9rida.<\/p>\n<p>M\u00c9RIDA, Yucat\u00e1n.<\/p>\n<p>Fundada en 1542 por don Francisco de Montejo, cuya casa aun puedes visitar ya que \u00a0hoy es un hermoso museo. Una gran cantidad de parques, museos, tiendas de artesan\u00eda y edificios hist\u00f3ricos son tambi\u00e9n parte del atractivo del Centro Hist\u00f3rico de la ciudad.<\/p>\n<figure class=\"is-layout-flex wp-block-gallery-1 wp-block-gallery has-nested-images columns-default is-cropped\">\n<figure class=\"wp-block-image size-full\"><a href=\"https:\/\/www.de-paseo.com\/queretaro\/wp-content\/uploads\/2023\/01\/mda-casa-montejo-vuelo-queretaro-merida-blog-1.jpg\" target=\"_blank\" rel=\"noopener\"><img loading=\"lazy\" decoding=\"async\" width=\"800\" height=\"533\" data-id=\"59298\" src=\"https:\/\/www.de-paseo.com\/queretaro\/wp-content\/uploads\/2023\/01\/mda-casa-montejo-vuelo-queretaro-merida-blog-1.jpg\" alt=\"\" class=\"wp-image-59298 lazyload\" srcset=\"https:\/\/www.de-paseo.com\/queretaro\/wp-content\/uploads\/2023\/01\/mda-casa-montejo-vuelo-queretaro-merida-blog-1.jpg 800w, https:\/\/www.de-paseo.com\/queretaro\/wp-content\/uploads\/2023\/01\/mda-casa-montejo-vuelo-queretaro-merida-blog-1-300x200.jpg 300w, https:\/\/www.de-paseo.com\/queretaro\/wp-content\/uploads\/2023\/01\/mda-casa-montejo-vuelo-queretaro-merida-blog-1-768x512.jpg 768w\" sizes=\"auto, (max-width: 800px) 100vw, 800px\"\/><noscript><img loading=\"lazy\" decoding=\"async\" width=\"800\" height=\"533\" data-id=\"59298\" src=\"https:\/\/www.de-paseo.com\/queretaro\/wp-content\/uploads\/2023\/01\/mda-casa-montejo-vuelo-queretaro-merida-blog-1.jpg\" alt=\"\" class=\"wp-image-59298 lazyload\" srcset=\"https:\/\/www.de-paseo.com\/queretaro\/wp-content\/uploads\/2023\/01\/mda-casa-montejo-vuelo-queretaro-merida-blog-1.jpg 800w, https:\/\/www.de-paseo.com\/queretaro\/wp-content\/uploads\/2023\/01\/mda-casa-montejo-vuelo-queretaro-merida-blog-1-300x200.jpg 300w, https:\/\/www.de-paseo.com\/queretaro\/wp-content\/uploads\/2023\/01\/mda-casa-montejo-vuelo-queretaro-merida-blog-1-768x512.jpg 768w\" sizes=\"auto, (max-width: 800px) 100vw, 800px\"\/><\/noscript><\/a><\/figure>\n<figure class=\"wp-block-image size-full\"><a href=\"https:\/\/www.de-paseo.com\/queretaro\/wp-content\/uploads\/2023\/01\/mda-palacio-gob-vuelo-queretaro-merida-blog.jpg\" target=\"_blank\" rel=\"noopener\"><img loading=\"lazy\" decoding=\"async\" width=\"800\" height=\"533\" data-id=\"59308\" src=\"https:\/\/www.de-paseo.com\/queretaro\/wp-content\/uploads\/2023\/01\/mda-palacio-gob-vuelo-queretaro-merida-blog.jpg\" alt=\"\" class=\"wp-image-59308 lazyload\" srcset=\"https:\/\/www.de-paseo.com\/queretaro\/wp-content\/uploads\/2023\/01\/mda-palacio-gob-vuelo-queretaro-merida-blog.jpg 800w, https:\/\/www.de-paseo.com\/queretaro\/wp-content\/uploads\/2023\/01\/mda-palacio-gob-vuelo-queretaro-merida-blog-300x200.jpg 300w, https:\/\/www.de-paseo.com\/queretaro\/wp-content\/uploads\/2023\/01\/mda-palacio-gob-vuelo-queretaro-merida-blog-768x512.jpg 768w\" sizes=\"auto, (max-width: 800px) 100vw, 800px\"\/><noscript><img loading=\"lazy\" decoding=\"async\" width=\"800\" height=\"533\" data-id=\"59308\" src=\"https:\/\/www.de-paseo.com\/queretaro\/wp-content\/uploads\/2023\/01\/mda-palacio-gob-vuelo-queretaro-merida-blog.jpg\" alt=\"\" class=\"wp-image-59308 lazyload\" srcset=\"https:\/\/www.de-paseo.com\/queretaro\/wp-content\/uploads\/2023\/01\/mda-palacio-gob-vuelo-queretaro-merida-blog.jpg 800w, https:\/\/www.de-paseo.com\/queretaro\/wp-content\/uploads\/2023\/01\/mda-palacio-gob-vuelo-queretaro-merida-blog-300x200.jpg 300w, https:\/\/www.de-paseo.com\/queretaro\/wp-content\/uploads\/2023\/01\/mda-palacio-gob-vuelo-queretaro-merida-blog-768x512.jpg 768w\" sizes=\"auto, (max-width: 800px) 100vw, 800px\"\/><\/noscript><\/a><\/figure>\n<figure class=\"wp-block-image size-full\"><a href=\"https:\/\/www.de-paseo.com\/queretaro\/wp-content\/uploads\/2023\/01\/mda-coche-calesa-vuelo-queretaro-merida-blog.jpg\" target=\"_blank\" rel=\"noopener\"><img loading=\"lazy\" decoding=\"async\" width=\"800\" height=\"533\" data-id=\"59318\" src=\"https:\/\/www.de-paseo.com\/queretaro\/wp-content\/uploads\/2023\/01\/mda-coche-calesa-vuelo-queretaro-merida-blog.jpg\" alt=\"\" class=\"wp-image-59318 lazyload\" srcset=\"https:\/\/www.de-paseo.com\/queretaro\/wp-content\/uploads\/2023\/01\/mda-coche-calesa-vuelo-queretaro-merida-blog.jpg 800w, https:\/\/www.de-paseo.com\/queretaro\/wp-content\/uploads\/2023\/01\/mda-coche-calesa-vuelo-queretaro-merida-blog-300x200.jpg 300w, https:\/\/www.de-paseo.com\/queretaro\/wp-content\/uploads\/2023\/01\/mda-coche-calesa-vuelo-queretaro-merida-blog-768x512.jpg 768w\" sizes=\"auto, (max-width: 800px) 100vw, 800px\"\/><noscript><img loading=\"lazy\" decoding=\"async\" width=\"800\" height=\"533\" data-id=\"59318\" src=\"https:\/\/www.de-paseo.com\/queretaro\/wp-content\/uploads\/2023\/01\/mda-coche-calesa-vuelo-queretaro-merida-blog.jpg\" alt=\"\" class=\"wp-image-59318 lazyload\" srcset=\"https:\/\/www.de-paseo.com\/queretaro\/wp-content\/uploads\/2023\/01\/mda-coche-calesa-vuelo-queretaro-merida-blog.jpg 800w, https:\/\/www.de-paseo.com\/queretaro\/wp-content\/uploads\/2023\/01\/mda-coche-calesa-vuelo-queretaro-merida-blog-300x200.jpg 300w, https:\/\/www.de-paseo.com\/queretaro\/wp-content\/uploads\/2023\/01\/mda-coche-calesa-vuelo-queretaro-merida-blog-768x512.jpg 768w\" sizes=\"auto, (max-width: 800px) 100vw, 800px\"\/><\/noscript><\/a><\/figure>\n<figure class=\"wp-block-image size-full\"><a href=\"https:\/\/www.de-paseo.com\/queretaro\/wp-content\/uploads\/2023\/01\/mda-casas-gemelas-vuelo-queretaro-merida-blog.jpg\" target=\"_blank\" rel=\"noopener\"><img loading=\"lazy\" decoding=\"async\" width=\"800\" height=\"533\" data-id=\"59299\" src=\"https:\/\/www.de-paseo.com\/queretaro\/wp-content\/uploads\/2023\/01\/mda-casas-gemelas-vuelo-queretaro-merida-blog.jpg\" alt=\"\" class=\"wp-image-59299 lazyload\" srcset=\"https:\/\/www.de-paseo.com\/queretaro\/wp-content\/uploads\/2023\/01\/mda-casas-gemelas-vuelo-queretaro-merida-blog.jpg 800w, https:\/\/www.de-paseo.com\/queretaro\/wp-content\/uploads\/2023\/01\/mda-casas-gemelas-vuelo-queretaro-merida-blog-300x200.jpg 300w, https:\/\/www.de-paseo.com\/queretaro\/wp-content\/uploads\/2023\/01\/mda-casas-gemelas-vuelo-queretaro-merida-blog-768x512.jpg 768w\" sizes=\"auto, (max-width: 800px) 100vw, 800px\"\/><noscript><img loading=\"lazy\" decoding=\"async\" width=\"800\" height=\"533\" data-id=\"59299\" src=\"https:\/\/www.de-paseo.com\/queretaro\/wp-content\/uploads\/2023\/01\/mda-casas-gemelas-vuelo-queretaro-merida-blog.jpg\" alt=\"\" class=\"wp-image-59299 lazyload\" srcset=\"https:\/\/www.de-paseo.com\/queretaro\/wp-content\/uploads\/2023\/01\/mda-casas-gemelas-vuelo-queretaro-merida-blog.jpg 800w, https:\/\/www.de-paseo.com\/queretaro\/wp-content\/uploads\/2023\/01\/mda-casas-gemelas-vuelo-queretaro-merida-blog-300x200.jpg 300w, https:\/\/www.de-paseo.com\/queretaro\/wp-content\/uploads\/2023\/01\/mda-casas-gemelas-vuelo-queretaro-merida-blog-768x512.jpg 768w\" sizes=\"auto, (max-width: 800px) 100vw, 800px\"\/><\/noscript><\/a><\/figure>\n<figure class=\"wp-block-image size-full\"><a href=\"https:\/\/www.de-paseo.com\/queretaro\/wp-content\/uploads\/2023\/01\/mda-paseo-montejo1-vuelo-queretaro-merida-blog.jpg\" target=\"_blank\" rel=\"noopener\"><img loading=\"lazy\" decoding=\"async\" width=\"800\" height=\"533\" data-id=\"59310\" src=\"https:\/\/www.de-paseo.com\/queretaro\/wp-content\/uploads\/2023\/01\/mda-paseo-montejo1-vuelo-queretaro-merida-blog.jpg\" alt=\"\" class=\"wp-image-59310 lazyload\" srcset=\"https:\/\/www.de-paseo.com\/queretaro\/wp-content\/uploads\/2023\/01\/mda-paseo-montejo1-vuelo-queretaro-merida-blog.jpg 800w, https:\/\/www.de-paseo.com\/queretaro\/wp-content\/uploads\/2023\/01\/mda-paseo-montejo1-vuelo-queretaro-merida-blog-300x200.jpg 300w, https:\/\/www.de-paseo.com\/queretaro\/wp-content\/uploads\/2023\/01\/mda-paseo-montejo1-vuelo-queretaro-merida-blog-768x512.jpg 768w\" sizes=\"auto, (max-width: 800px) 100vw, 800px\"\/><noscript><img loading=\"lazy\" decoding=\"async\" width=\"800\" height=\"533\" data-id=\"59310\" src=\"https:\/\/www.de-paseo.com\/queretaro\/wp-content\/uploads\/2023\/01\/mda-paseo-montejo1-vuelo-queretaro-merida-blog.jpg\" alt=\"\" class=\"wp-image-59310 lazyload\" srcset=\"https:\/\/www.de-paseo.com\/queretaro\/wp-content\/uploads\/2023\/01\/mda-paseo-montejo1-vuelo-queretaro-merida-blog.jpg 800w, https:\/\/www.de-paseo.com\/queretaro\/wp-content\/uploads\/2023\/01\/mda-paseo-montejo1-vuelo-queretaro-merida-blog-300x200.jpg 300w, https:\/\/www.de-paseo.com\/queretaro\/wp-content\/uploads\/2023\/01\/mda-paseo-montejo1-vuelo-queretaro-merida-blog-768x512.jpg 768w\" sizes=\"auto, (max-width: 800px) 100vw, 800px\"\/><\/noscript><\/a><\/figure>\n<figure class=\"wp-block-image size-full\"><a href=\"https:\/\/www.de-paseo.com\/queretaro\/wp-content\/uploads\/2023\/01\/mda-paseo-montejo-casona-vuelo-queretaro-merida-blog.jpg\" target=\"_blank\" rel=\"noopener\"><img loading=\"lazy\" decoding=\"async\" width=\"800\" height=\"533\" data-id=\"59309\" src=\"https:\/\/www.de-paseo.com\/queretaro\/wp-content\/uploads\/2023\/01\/mda-paseo-montejo-casona-vuelo-queretaro-merida-blog.jpg\" alt=\"\" class=\"wp-image-59309 lazyload\" srcset=\"https:\/\/www.de-paseo.com\/queretaro\/wp-content\/uploads\/2023\/01\/mda-paseo-montejo-casona-vuelo-queretaro-merida-blog.jpg 800w, https:\/\/www.de-paseo.com\/queretaro\/wp-content\/uploads\/2023\/01\/mda-paseo-montejo-casona-vuelo-queretaro-merida-blog-300x200.jpg 300w, https:\/\/www.de-paseo.com\/queretaro\/wp-content\/uploads\/2023\/01\/mda-paseo-montejo-casona-vuelo-queretaro-merida-blog-768x512.jpg 768w\" sizes=\"auto, (max-width: 800px) 100vw, 800px\"\/><noscript><img loading=\"lazy\" decoding=\"async\" width=\"800\" height=\"533\" data-id=\"59309\" src=\"https:\/\/www.de-paseo.com\/queretaro\/wp-content\/uploads\/2023\/01\/mda-paseo-montejo-casona-vuelo-queretaro-merida-blog.jpg\" alt=\"\" class=\"wp-image-59309 lazyload\" srcset=\"https:\/\/www.de-paseo.com\/queretaro\/wp-content\/uploads\/2023\/01\/mda-paseo-montejo-casona-vuelo-queretaro-merida-blog.jpg 800w, https:\/\/www.de-paseo.com\/queretaro\/wp-content\/uploads\/2023\/01\/mda-paseo-montejo-casona-vuelo-queretaro-merida-blog-300x200.jpg 300w, https:\/\/www.de-paseo.com\/queretaro\/wp-content\/uploads\/2023\/01\/mda-paseo-montejo-casona-vuelo-queretaro-merida-blog-768x512.jpg 768w\" sizes=\"auto, (max-width: 800px) 100vw, 800px\"\/><\/noscript><\/a><\/figure>\n<figure class=\"wp-block-image size-full\"><a href=\"https:\/\/www.de-paseo.com\/queretaro\/wp-content\/uploads\/2023\/01\/mda-casona-paseo-montejo2-vuelo-queretaro-merida-blog.jpg\" target=\"_blank\" rel=\"noopener\"><img loading=\"lazy\" decoding=\"async\" width=\"800\" height=\"533\" data-id=\"59300\" src=\"https:\/\/www.de-paseo.com\/queretaro\/wp-content\/uploads\/2023\/01\/mda-casona-paseo-montejo2-vuelo-queretaro-merida-blog.jpg\" alt=\"\" class=\"wp-image-59300 lazyload\" srcset=\"https:\/\/www.de-paseo.com\/queretaro\/wp-content\/uploads\/2023\/01\/mda-casona-paseo-montejo2-vuelo-queretaro-merida-blog.jpg 800w, https:\/\/www.de-paseo.com\/queretaro\/wp-content\/uploads\/2023\/01\/mda-casona-paseo-montejo2-vuelo-queretaro-merida-blog-300x200.jpg 300w, https:\/\/www.de-paseo.com\/queretaro\/wp-content\/uploads\/2023\/01\/mda-casona-paseo-montejo2-vuelo-queretaro-merida-blog-768x512.jpg 768w\" sizes=\"auto, (max-width: 800px) 100vw, 800px\"\/><noscript><img loading=\"lazy\" decoding=\"async\" width=\"800\" height=\"533\" data-id=\"59300\" src=\"https:\/\/www.de-paseo.com\/queretaro\/wp-content\/uploads\/2023\/01\/mda-casona-paseo-montejo2-vuelo-queretaro-merida-blog.jpg\" alt=\"\" class=\"wp-image-59300 lazyload\" srcset=\"https:\/\/www.de-paseo.com\/queretaro\/wp-content\/uploads\/2023\/01\/mda-casona-paseo-montejo2-vuelo-queretaro-merida-blog.jpg 800w, https:\/\/www.de-paseo.com\/queretaro\/wp-content\/uploads\/2023\/01\/mda-casona-paseo-montejo2-vuelo-queretaro-merida-blog-300x200.jpg 300w, https:\/\/www.de-paseo.com\/queretaro\/wp-content\/uploads\/2023\/01\/mda-casona-paseo-montejo2-vuelo-queretaro-merida-blog-768x512.jpg 768w\" sizes=\"auto, (max-width: 800px) 100vw, 800px\"\/><\/noscript><\/a><\/figure>\n<figure class=\"wp-block-image size-full\"><a href=\"https:\/\/www.de-paseo.com\/queretaro\/wp-content\/uploads\/2023\/01\/mda-monumento-bandera-vuelo-queretaro-merida-blog.jpg\" target=\"_blank\" rel=\"noopener\"><img loading=\"lazy\" decoding=\"async\" width=\"800\" height=\"533\" data-id=\"59307\" src=\"https:\/\/www.de-paseo.com\/queretaro\/wp-content\/uploads\/2023\/01\/mda-monumento-bandera-vuelo-queretaro-merida-blog.jpg\" alt=\"\" class=\"wp-image-59307 lazyload\" srcset=\"https:\/\/www.de-paseo.com\/queretaro\/wp-content\/uploads\/2023\/01\/mda-monumento-bandera-vuelo-queretaro-merida-blog.jpg 800w, https:\/\/www.de-paseo.com\/queretaro\/wp-content\/uploads\/2023\/01\/mda-monumento-bandera-vuelo-queretaro-merida-blog-300x200.jpg 300w, https:\/\/www.de-paseo.com\/queretaro\/wp-content\/uploads\/2023\/01\/mda-monumento-bandera-vuelo-queretaro-merida-blog-768x512.jpg 768w\" sizes=\"auto, (max-width: 800px) 100vw, 800px\"\/><noscript><img loading=\"lazy\" decoding=\"async\" width=\"800\" height=\"533\" data-id=\"59307\" src=\"https:\/\/www.de-paseo.com\/queretaro\/wp-content\/uploads\/2023\/01\/mda-monumento-bandera-vuelo-queretaro-merida-blog.jpg\" alt=\"\" class=\"wp-image-59307 lazyload\" srcset=\"https:\/\/www.de-paseo.com\/queretaro\/wp-content\/uploads\/2023\/01\/mda-monumento-bandera-vuelo-queretaro-merida-blog.jpg 800w, https:\/\/www.de-paseo.com\/queretaro\/wp-content\/uploads\/2023\/01\/mda-monumento-bandera-vuelo-queretaro-merida-blog-300x200.jpg 300w, https:\/\/www.de-paseo.com\/queretaro\/wp-content\/uploads\/2023\/01\/mda-monumento-bandera-vuelo-queretaro-merida-blog-768x512.jpg 768w\" sizes=\"auto, (max-width: 800px) 100vw, 800px\"\/><\/noscript><\/a><\/figure>\n<figure class=\"wp-block-image size-full\"><a href=\"https:\/\/www.de-paseo.com\/queretaro\/wp-content\/uploads\/2023\/01\/mda-museo-mundo-maya-vuelo-queretaro-merida-blog.jpg\" target=\"_blank\" rel=\"noopener\"><img loading=\"lazy\" decoding=\"async\" width=\"800\" height=\"533\" data-id=\"59316\" src=\"https:\/\/www.de-paseo.com\/queretaro\/wp-content\/uploads\/2023\/01\/mda-museo-mundo-maya-vuelo-queretaro-merida-blog.jpg\" alt=\"\" class=\"wp-image-59316 lazyload\" srcset=\"https:\/\/www.de-paseo.com\/queretaro\/wp-content\/uploads\/2023\/01\/mda-museo-mundo-maya-vuelo-queretaro-merida-blog.jpg 800w, https:\/\/www.de-paseo.com\/queretaro\/wp-content\/uploads\/2023\/01\/mda-museo-mundo-maya-vuelo-queretaro-merida-blog-300x200.jpg 300w, https:\/\/www.de-paseo.com\/queretaro\/wp-content\/uploads\/2023\/01\/mda-museo-mundo-maya-vuelo-queretaro-merida-blog-768x512.jpg 768w\" sizes=\"auto, (max-width: 800px) 100vw, 800px\"\/><noscript><img loading=\"lazy\" decoding=\"async\" width=\"800\" height=\"533\" data-id=\"59316\" src=\"https:\/\/www.de-paseo.com\/queretaro\/wp-content\/uploads\/2023\/01\/mda-museo-mundo-maya-vuelo-queretaro-merida-blog.jpg\" alt=\"\" class=\"wp-image-59316 lazyload\" srcset=\"https:\/\/www.de-paseo.com\/queretaro\/wp-content\/uploads\/2023\/01\/mda-museo-mundo-maya-vuelo-queretaro-merida-blog.jpg 800w, https:\/\/www.de-paseo.com\/queretaro\/wp-content\/uploads\/2023\/01\/mda-museo-mundo-maya-vuelo-queretaro-merida-blog-300x200.jpg 300w, https:\/\/www.de-paseo.com\/queretaro\/wp-content\/uploads\/2023\/01\/mda-museo-mundo-maya-vuelo-queretaro-merida-blog-768x512.jpg 768w\" sizes=\"auto, (max-width: 800px) 100vw, 800px\"\/><\/noscript><\/a><\/figure>\n<\/figure>\n<p>Recorrer el Paseo Montejo es uno de los imperdibles de M\u00e9rida. Hermosas casonas de estilo franc\u00e9s adornan esta arbolada avenida. Muy agradable es recorrerla en un coche calesa (carruaje tirado por caballo).<\/p>\n<p>No podemos hablar de M\u00e9rida y del estado, sin dejar de mencionar su oferta gastron\u00f3mica ya que su cocina es reconocida como una de las mejores de M\u00e9xico.<\/p>\n<p>Imposible ir all\u00e1 y no comer unos delicios tacos de cochinita o lech\u00f3n, unos salbutes, unos panuchos, unos tacos de relleno negro, una sopa de lima o alg\u00fan otro de la larga lista de platillos de la regi\u00f3n.<\/p>\n<p>La ciudad de M\u00e9rida tambi\u00e9n es punto de partida para disfrutar de los grandes atractivos del estado:<\/p>\n<figure class=\"is-layout-flex wp-block-gallery-3 wp-block-gallery has-nested-images columns-default is-cropped\">\n<figure class=\"wp-block-image size-full\"><a href=\"https:\/\/www.de-paseo.com\/queretaro\/wp-content\/uploads\/2023\/01\/mda-izamal-vuelo-queretaro-merida-blog.jpg\" target=\"_blank\" rel=\"noopener\"><img loading=\"lazy\" decoding=\"async\" width=\"800\" height=\"533\" data-id=\"59306\" src=\"https:\/\/www.de-paseo.com\/queretaro\/wp-content\/uploads\/2023\/01\/mda-izamal-vuelo-queretaro-merida-blog.jpg\" alt=\"\" class=\"wp-image-59306 lazyload\" srcset=\"https:\/\/www.de-paseo.com\/queretaro\/wp-content\/uploads\/2023\/01\/mda-izamal-vuelo-queretaro-merida-blog.jpg 800w, https:\/\/www.de-paseo.com\/queretaro\/wp-content\/uploads\/2023\/01\/mda-izamal-vuelo-queretaro-merida-blog-300x200.jpg 300w, https:\/\/www.de-paseo.com\/queretaro\/wp-content\/uploads\/2023\/01\/mda-izamal-vuelo-queretaro-merida-blog-768x512.jpg 768w\" sizes=\"auto, (max-width: 800px) 100vw, 800px\"\/><noscript><img loading=\"lazy\" decoding=\"async\" width=\"800\" height=\"533\" data-id=\"59306\" src=\"https:\/\/www.de-paseo.com\/queretaro\/wp-content\/uploads\/2023\/01\/mda-izamal-vuelo-queretaro-merida-blog.jpg\" alt=\"\" class=\"wp-image-59306 lazyload\" srcset=\"https:\/\/www.de-paseo.com\/queretaro\/wp-content\/uploads\/2023\/01\/mda-izamal-vuelo-queretaro-merida-blog.jpg 800w, https:\/\/www.de-paseo.com\/queretaro\/wp-content\/uploads\/2023\/01\/mda-izamal-vuelo-queretaro-merida-blog-300x200.jpg 300w, https:\/\/www.de-paseo.com\/queretaro\/wp-content\/uploads\/2023\/01\/mda-izamal-vuelo-queretaro-merida-blog-768x512.jpg 768w\" sizes=\"auto, (max-width: 800px) 100vw, 800px\"\/><\/noscript><\/a><\/figure>\n<figure class=\"wp-block-image size-full\"><a href=\"https:\/\/www.de-paseo.com\/queretaro\/wp-content\/uploads\/2023\/01\/mda-chichenitza-vuelo-queretaro-merida-blog.jpg\" target=\"_blank\" rel=\"noopener\"><img loading=\"lazy\" decoding=\"async\" width=\"800\" height=\"533\" data-id=\"59317\" src=\"https:\/\/www.de-paseo.com\/queretaro\/wp-content\/uploads\/2023\/01\/mda-chichenitza-vuelo-queretaro-merida-blog.jpg\" alt=\"\" class=\"wp-image-59317 lazyload\" srcset=\"https:\/\/www.de-paseo.com\/queretaro\/wp-content\/uploads\/2023\/01\/mda-chichenitza-vuelo-queretaro-merida-blog.jpg 800w, https:\/\/www.de-paseo.com\/queretaro\/wp-content\/uploads\/2023\/01\/mda-chichenitza-vuelo-queretaro-merida-blog-300x200.jpg 300w, https:\/\/www.de-paseo.com\/queretaro\/wp-content\/uploads\/2023\/01\/mda-chichenitza-vuelo-queretaro-merida-blog-768x512.jpg 768w\" sizes=\"auto, (max-width: 800px) 100vw, 800px\"\/><noscript><img loading=\"lazy\" decoding=\"async\" width=\"800\" height=\"533\" data-id=\"59317\" src=\"https:\/\/www.de-paseo.com\/queretaro\/wp-content\/uploads\/2023\/01\/mda-chichenitza-vuelo-queretaro-merida-blog.jpg\" alt=\"\" class=\"wp-image-59317 lazyload\" srcset=\"https:\/\/www.de-paseo.com\/queretaro\/wp-content\/uploads\/2023\/01\/mda-chichenitza-vuelo-queretaro-merida-blog.jpg 800w, https:\/\/www.de-paseo.com\/queretaro\/wp-content\/uploads\/2023\/01\/mda-chichenitza-vuelo-queretaro-merida-blog-300x200.jpg 300w, https:\/\/www.de-paseo.com\/queretaro\/wp-content\/uploads\/2023\/01\/mda-chichenitza-vuelo-queretaro-merida-blog-768x512.jpg 768w\" sizes=\"auto, (max-width: 800px) 100vw, 800px\"\/><\/noscript><\/a><\/figure>\n<figure class=\"wp-block-image size-full\"><a href=\"https:\/\/www.de-paseo.com\/queretaro\/wp-content\/uploads\/2023\/01\/mda-dzibizalchum-vuelo-queretaro-merida-blog.jpg\" target=\"_blank\" rel=\"noopener\"><img loading=\"lazy\" decoding=\"async\" width=\"800\" height=\"533\" data-id=\"59304\" src=\"https:\/\/www.de-paseo.com\/queretaro\/wp-content\/uploads\/2023\/01\/mda-dzibizalchum-vuelo-queretaro-merida-blog.jpg\" alt=\"\" class=\"wp-image-59304 lazyload\" srcset=\"https:\/\/www.de-paseo.com\/queretaro\/wp-content\/uploads\/2023\/01\/mda-dzibizalchum-vuelo-queretaro-merida-blog.jpg 800w, https:\/\/www.de-paseo.com\/queretaro\/wp-content\/uploads\/2023\/01\/mda-dzibizalchum-vuelo-queretaro-merida-blog-300x200.jpg 300w, https:\/\/www.de-paseo.com\/queretaro\/wp-content\/uploads\/2023\/01\/mda-dzibizalchum-vuelo-queretaro-merida-blog-768x512.jpg 768w\" sizes=\"auto, (max-width: 800px) 100vw, 800px\"\/><noscript><img loading=\"lazy\" decoding=\"async\" width=\"800\" height=\"533\" data-id=\"59304\" src=\"https:\/\/www.de-paseo.com\/queretaro\/wp-content\/uploads\/2023\/01\/mda-dzibizalchum-vuelo-queretaro-merida-blog.jpg\" alt=\"\" class=\"wp-image-59304 lazyload\" srcset=\"https:\/\/www.de-paseo.com\/queretaro\/wp-content\/uploads\/2023\/01\/mda-dzibizalchum-vuelo-queretaro-merida-blog.jpg 800w, https:\/\/www.de-paseo.com\/queretaro\/wp-content\/uploads\/2023\/01\/mda-dzibizalchum-vuelo-queretaro-merida-blog-300x200.jpg 300w, https:\/\/www.de-paseo.com\/queretaro\/wp-content\/uploads\/2023\/01\/mda-dzibizalchum-vuelo-queretaro-merida-blog-768x512.jpg 768w\" sizes=\"auto, (max-width: 800px) 100vw, 800px\"\/><\/noscript><\/a><\/figure>\n<figure class=\"wp-block-image size-full\"><a href=\"https:\/\/www.de-paseo.com\/queretaro\/wp-content\/uploads\/2023\/01\/mda-sotuta-vuelo-queretaro-merida-blog.jpg\" target=\"_blank\" rel=\"noopener\"><img loading=\"lazy\" decoding=\"async\" width=\"800\" height=\"533\" data-id=\"59312\" src=\"https:\/\/www.de-paseo.com\/queretaro\/wp-content\/uploads\/2023\/01\/mda-sotuta-vuelo-queretaro-merida-blog.jpg\" alt=\"\" class=\"wp-image-59312 lazyload\" srcset=\"https:\/\/www.de-paseo.com\/queretaro\/wp-content\/uploads\/2023\/01\/mda-sotuta-vuelo-queretaro-merida-blog.jpg 800w, https:\/\/www.de-paseo.com\/queretaro\/wp-content\/uploads\/2023\/01\/mda-sotuta-vuelo-queretaro-merida-blog-300x200.jpg 300w, https:\/\/www.de-paseo.com\/queretaro\/wp-content\/uploads\/2023\/01\/mda-sotuta-vuelo-queretaro-merida-blog-768x512.jpg 768w\" sizes=\"auto, (max-width: 800px) 100vw, 800px\"\/><noscript><img loading=\"lazy\" decoding=\"async\" width=\"800\" height=\"533\" data-id=\"59312\" src=\"https:\/\/www.de-paseo.com\/queretaro\/wp-content\/uploads\/2023\/01\/mda-sotuta-vuelo-queretaro-merida-blog.jpg\" alt=\"\" class=\"wp-image-59312 lazyload\" srcset=\"https:\/\/www.de-paseo.com\/queretaro\/wp-content\/uploads\/2023\/01\/mda-sotuta-vuelo-queretaro-merida-blog.jpg 800w, https:\/\/www.de-paseo.com\/queretaro\/wp-content\/uploads\/2023\/01\/mda-sotuta-vuelo-queretaro-merida-blog-300x200.jpg 300w, https:\/\/www.de-paseo.com\/queretaro\/wp-content\/uploads\/2023\/01\/mda-sotuta-vuelo-queretaro-merida-blog-768x512.jpg 768w\" sizes=\"auto, (max-width: 800px) 100vw, 800px\"\/><\/noscript><\/a><\/figure>\n<figure class=\"wp-block-image size-full\"><a href=\"https:\/\/www.de-paseo.com\/queretaro\/wp-content\/uploads\/2023\/01\/mda-hacienda-teya-vuelo-queretaro-merida-blog.jpg\" target=\"_blank\" rel=\"noopener\"><img loading=\"lazy\" decoding=\"async\" width=\"800\" height=\"533\" data-id=\"59305\" src=\"https:\/\/www.de-paseo.com\/queretaro\/wp-content\/uploads\/2023\/01\/mda-hacienda-teya-vuelo-queretaro-merida-blog.jpg\" alt=\"\" class=\"wp-image-59305 lazyload\" srcset=\"https:\/\/www.de-paseo.com\/queretaro\/wp-content\/uploads\/2023\/01\/mda-hacienda-teya-vuelo-queretaro-merida-blog.jpg 800w, https:\/\/www.de-paseo.com\/queretaro\/wp-content\/uploads\/2023\/01\/mda-hacienda-teya-vuelo-queretaro-merida-blog-300x200.jpg 300w, https:\/\/www.de-paseo.com\/queretaro\/wp-content\/uploads\/2023\/01\/mda-hacienda-teya-vuelo-queretaro-merida-blog-768x512.jpg 768w\" sizes=\"auto, (max-width: 800px) 100vw, 800px\"\/><noscript><img loading=\"lazy\" decoding=\"async\" width=\"800\" height=\"533\" data-id=\"59305\" src=\"https:\/\/www.de-paseo.com\/queretaro\/wp-content\/uploads\/2023\/01\/mda-hacienda-teya-vuelo-queretaro-merida-blog.jpg\" alt=\"\" class=\"wp-image-59305 lazyload\" srcset=\"https:\/\/www.de-paseo.com\/queretaro\/wp-content\/uploads\/2023\/01\/mda-hacienda-teya-vuelo-queretaro-merida-blog.jpg 800w, https:\/\/www.de-paseo.com\/queretaro\/wp-content\/uploads\/2023\/01\/mda-hacienda-teya-vuelo-queretaro-merida-blog-300x200.jpg 300w, https:\/\/www.de-paseo.com\/queretaro\/wp-content\/uploads\/2023\/01\/mda-hacienda-teya-vuelo-queretaro-merida-blog-768x512.jpg 768w\" sizes=\"auto, (max-width: 800px) 100vw, 800px\"\/><\/noscript><\/a><\/figure>\n<figure class=\"wp-block-image size-full\"><a href=\"https:\/\/www.de-paseo.com\/queretaro\/wp-content\/uploads\/2023\/01\/mda-cenotes-vuelo-queretaro-merida-blog.jpg\" target=\"_blank\" rel=\"noopener\"><img loading=\"lazy\" decoding=\"async\" width=\"800\" height=\"533\" data-id=\"59303\" src=\"https:\/\/www.de-paseo.com\/queretaro\/wp-content\/uploads\/2023\/01\/mda-cenotes-vuelo-queretaro-merida-blog.jpg\" alt=\"\" class=\"wp-image-59303 lazyload\" srcset=\"https:\/\/www.de-paseo.com\/queretaro\/wp-content\/uploads\/2023\/01\/mda-cenotes-vuelo-queretaro-merida-blog.jpg 800w, https:\/\/www.de-paseo.com\/queretaro\/wp-content\/uploads\/2023\/01\/mda-cenotes-vuelo-queretaro-merida-blog-300x200.jpg 300w, https:\/\/www.de-paseo.com\/queretaro\/wp-content\/uploads\/2023\/01\/mda-cenotes-vuelo-queretaro-merida-blog-768x512.jpg 768w\" sizes=\"auto, (max-width: 800px) 100vw, 800px\"\/><noscript><img loading=\"lazy\" decoding=\"async\" width=\"800\" height=\"533\" data-id=\"59303\" src=\"https:\/\/www.de-paseo.com\/queretaro\/wp-content\/uploads\/2023\/01\/mda-cenotes-vuelo-queretaro-merida-blog.jpg\" alt=\"\" class=\"wp-image-59303 lazyload\" srcset=\"https:\/\/www.de-paseo.com\/queretaro\/wp-content\/uploads\/2023\/01\/mda-cenotes-vuelo-queretaro-merida-blog.jpg 800w, https:\/\/www.de-paseo.com\/queretaro\/wp-content\/uploads\/2023\/01\/mda-cenotes-vuelo-queretaro-merida-blog-300x200.jpg 300w, https:\/\/www.de-paseo.com\/queretaro\/wp-content\/uploads\/2023\/01\/mda-cenotes-vuelo-queretaro-merida-blog-768x512.jpg 768w\" sizes=\"auto, (max-width: 800px) 100vw, 800px\"\/><\/noscript><\/a><\/figure>\n<figure class=\"wp-block-image size-full\"><a href=\"https:\/\/www.de-paseo.com\/queretaro\/wp-content\/uploads\/2023\/01\/merida-playa2-vuelo-queretaro-merida-blog.jpg\" target=\"_blank\" rel=\"noopener\"><img loading=\"lazy\" decoding=\"async\" width=\"800\" height=\"533\" data-id=\"59314\" src=\"https:\/\/www.de-paseo.com\/queretaro\/wp-content\/uploads\/2023\/01\/merida-playa2-vuelo-queretaro-merida-blog.jpg\" alt=\"\" class=\"wp-image-59314 lazyload\" srcset=\"https:\/\/www.de-paseo.com\/queretaro\/wp-content\/uploads\/2023\/01\/merida-playa2-vuelo-queretaro-merida-blog.jpg 800w, https:\/\/www.de-paseo.com\/queretaro\/wp-content\/uploads\/2023\/01\/merida-playa2-vuelo-queretaro-merida-blog-300x200.jpg 300w, https:\/\/www.de-paseo.com\/queretaro\/wp-content\/uploads\/2023\/01\/merida-playa2-vuelo-queretaro-merida-blog-768x512.jpg 768w\" sizes=\"auto, (max-width: 800px) 100vw, 800px\"\/><noscript><img loading=\"lazy\" decoding=\"async\" width=\"800\" height=\"533\" data-id=\"59314\" src=\"https:\/\/www.de-paseo.com\/queretaro\/wp-content\/uploads\/2023\/01\/merida-playa2-vuelo-queretaro-merida-blog.jpg\" alt=\"\" class=\"wp-image-59314 lazyload\" srcset=\"https:\/\/www.de-paseo.com\/queretaro\/wp-content\/uploads\/2023\/01\/merida-playa2-vuelo-queretaro-merida-blog.jpg 800w, https:\/\/www.de-paseo.com\/queretaro\/wp-content\/uploads\/2023\/01\/merida-playa2-vuelo-queretaro-merida-blog-300x200.jpg 300w, https:\/\/www.de-paseo.com\/queretaro\/wp-content\/uploads\/2023\/01\/merida-playa2-vuelo-queretaro-merida-blog-768x512.jpg 768w\" sizes=\"auto, (max-width: 800px) 100vw, 800px\"\/><\/noscript><\/a><\/figure>\n<figure class=\"wp-block-image size-full\"><a href=\"https:\/\/www.de-paseo.com\/queretaro\/wp-content\/uploads\/2023\/01\/mda-playa3-vuelo-queretaro-merida-blog.jpg\" target=\"_blank\" rel=\"noopener\"><img loading=\"lazy\" decoding=\"async\" width=\"800\" height=\"533\" data-id=\"59311\" src=\"https:\/\/www.de-paseo.com\/queretaro\/wp-content\/uploads\/2023\/01\/mda-playa3-vuelo-queretaro-merida-blog.jpg\" alt=\"\" class=\"wp-image-59311 lazyload\" srcset=\"https:\/\/www.de-paseo.com\/queretaro\/wp-content\/uploads\/2023\/01\/mda-playa3-vuelo-queretaro-merida-blog.jpg 800w, https:\/\/www.de-paseo.com\/queretaro\/wp-content\/uploads\/2023\/01\/mda-playa3-vuelo-queretaro-merida-blog-300x200.jpg 300w, https:\/\/www.de-paseo.com\/queretaro\/wp-content\/uploads\/2023\/01\/mda-playa3-vuelo-queretaro-merida-blog-768x512.jpg 768w\" sizes=\"auto, (max-width: 800px) 100vw, 800px\"\/><noscript><img loading=\"lazy\" decoding=\"async\" width=\"800\" height=\"533\" data-id=\"59311\" src=\"https:\/\/www.de-paseo.com\/queretaro\/wp-content\/uploads\/2023\/01\/mda-playa3-vuelo-queretaro-merida-blog.jpg\" alt=\"\" class=\"wp-image-59311 lazyload\" srcset=\"https:\/\/www.de-paseo.com\/queretaro\/wp-content\/uploads\/2023\/01\/mda-playa3-vuelo-queretaro-merida-blog.jpg 800w, https:\/\/www.de-paseo.com\/queretaro\/wp-content\/uploads\/2023\/01\/mda-playa3-vuelo-queretaro-merida-blog-300x200.jpg 300w, https:\/\/www.de-paseo.com\/queretaro\/wp-content\/uploads\/2023\/01\/mda-playa3-vuelo-queretaro-merida-blog-768x512.jpg 768w\" sizes=\"auto, (max-width: 800px) 100vw, 800px\"\/><\/noscript><\/a><\/figure>\n<figure class=\"wp-block-image size-full\"><a href=\"https:\/\/www.de-paseo.com\/queretaro\/wp-content\/uploads\/2023\/01\/merida-playa-vuelo-queretaro-merida-blog.jpg\" target=\"_blank\" rel=\"noopener\"><img loading=\"lazy\" decoding=\"async\" width=\"800\" height=\"533\" data-id=\"59313\" src=\"https:\/\/www.de-paseo.com\/queretaro\/wp-content\/uploads\/2023\/01\/merida-playa-vuelo-queretaro-merida-blog.jpg\" alt=\"\" class=\"wp-image-59313 lazyload\" srcset=\"https:\/\/www.de-paseo.com\/queretaro\/wp-content\/uploads\/2023\/01\/merida-playa-vuelo-queretaro-merida-blog.jpg 800w, https:\/\/www.de-paseo.com\/queretaro\/wp-content\/uploads\/2023\/01\/merida-playa-vuelo-queretaro-merida-blog-300x200.jpg 300w, https:\/\/www.de-paseo.com\/queretaro\/wp-content\/uploads\/2023\/01\/merida-playa-vuelo-queretaro-merida-blog-768x512.jpg 768w\" sizes=\"auto, (max-width: 800px) 100vw, 800px\"\/><noscript><img loading=\"lazy\" decoding=\"async\" width=\"800\" height=\"533\" data-id=\"59313\" src=\"https:\/\/www.de-paseo.com\/queretaro\/wp-content\/uploads\/2023\/01\/merida-playa-vuelo-queretaro-merida-blog.jpg\" alt=\"\" class=\"wp-image-59313 lazyload\" srcset=\"https:\/\/www.de-paseo.com\/queretaro\/wp-content\/uploads\/2023\/01\/merida-playa-vuelo-queretaro-merida-blog.jpg 800w, https:\/\/www.de-paseo.com\/queretaro\/wp-content\/uploads\/2023\/01\/merida-playa-vuelo-queretaro-merida-blog-300x200.jpg 300w, https:\/\/www.de-paseo.com\/queretaro\/wp-content\/uploads\/2023\/01\/merida-playa-vuelo-queretaro-merida-blog-768x512.jpg 768w\" sizes=\"auto, (max-width: 800px) 100vw, 800px\"\/><\/noscript><\/a><\/figure>\n<\/figure>\n<ul>\n<li>Sus 4 Pueblo M\u00e1gicos: Izamal, Valladolid, Sisal y Man\u00ed.<\/li>\n<li>Sus importantes zonas arqueol\u00f3gicas como Chichenitza y Uxmal, ambas consideradas Patrimonio Cultural de la Humanidad<\/li>\n<li>Sus Cenotes, uno de los m\u00e1s grandes atractivos de esta zona, a nivel mundial.<\/li>\n<li>El ecoturismo, como la observaci\u00f3n de \u00a0flamencos especialmente en <a href=\"https:\/\/yucatan.travel\/experiencia\/006-celestun-en-rosa\/\">Celest\u00fan<\/a>, donde tambi\u00e9n podr\u00e1s conocer los manglares.<\/li>\n<li>Las ruta de las haciendas henequeneras<\/li>\n<li>El mar.\u00a0 Con el caluroso clima de la regi\u00f3n seguramente querr\u00e1s darte un buen chapuz\u00f3n en el mar y lo mejor es que a tan solo media hora de la ciudad podr\u00e1s hacerlo en Puerto Progreso o en alguna otra de las playas costeras.<\/li>\n<\/ul>\n<p><a href=\"https:\/\/www.de-paseo.com\/queretaro\/visitar\/\" target=\"_blank\" rel=\"noreferrer noopener\"><strong>QUER\u00c9TARO<\/strong>, Quer\u00e9taro<\/a><\/p>\n<p>La zona de monumentos hist\u00f3rico en el centro de la <a href=\"https:\/\/www.de-paseo.com\/queretaro\/turismo\/sitios-de-interes\/\" target=\"_blank\" rel=\"noreferrer noopener\"><strong>Ciudad de Quer\u00e9taro<\/strong><\/a> ha sido nombrado Patrimonio Cultural de la Humidad por la UNESCO.<\/p>\n<p>Importantes hechos hist\u00f3ricos ocurrieron en esta ciudad, comenzando con el inicio del movimiento de independencia en 1810.<\/p>\n<figure class=\"is-layout-flex wp-block-gallery-5 wp-block-gallery has-nested-images columns-default is-cropped\">\n<figure class=\"wp-block-image size-full\"><a href=\"https:\/\/www.de-paseo.com\/queretaro\/wp-content\/uploads\/2023\/01\/qro-museo-arte-vuelo-queretaro-merida-blog.jpg\" target=\"_blank\" rel=\"noopener\"><img loading=\"lazy\" decoding=\"async\" width=\"800\" height=\"533\" data-id=\"59332\" src=\"https:\/\/www.de-paseo.com\/queretaro\/wp-content\/uploads\/2023\/01\/qro-museo-arte-vuelo-queretaro-merida-blog.jpg\" alt=\"\" class=\"wp-image-59332 lazyload\" srcset=\"https:\/\/www.de-paseo.com\/queretaro\/wp-content\/uploads\/2023\/01\/qro-museo-arte-vuelo-queretaro-merida-blog.jpg 800w, https:\/\/www.de-paseo.com\/queretaro\/wp-content\/uploads\/2023\/01\/qro-museo-arte-vuelo-queretaro-merida-blog-300x200.jpg 300w, https:\/\/www.de-paseo.com\/queretaro\/wp-content\/uploads\/2023\/01\/qro-museo-arte-vuelo-queretaro-merida-blog-768x512.jpg 768w\" sizes=\"auto, (max-width: 800px) 100vw, 800px\"\/><noscript><img loading=\"lazy\" decoding=\"async\" width=\"800\" height=\"533\" data-id=\"59332\" src=\"https:\/\/www.de-paseo.com\/queretaro\/wp-content\/uploads\/2023\/01\/qro-museo-arte-vuelo-queretaro-merida-blog.jpg\" alt=\"\" class=\"wp-image-59332 lazyload\" srcset=\"https:\/\/www.de-paseo.com\/queretaro\/wp-content\/uploads\/2023\/01\/qro-museo-arte-vuelo-queretaro-merida-blog.jpg 800w, https:\/\/www.de-paseo.com\/queretaro\/wp-content\/uploads\/2023\/01\/qro-museo-arte-vuelo-queretaro-merida-blog-300x200.jpg 300w, https:\/\/www.de-paseo.com\/queretaro\/wp-content\/uploads\/2023\/01\/qro-museo-arte-vuelo-queretaro-merida-blog-768x512.jpg 768w\" sizes=\"auto, (max-width: 800px) 100vw, 800px\"\/><\/noscript><\/a><\/figure>\n<figure class=\"wp-block-image size-full\"><a href=\"https:\/\/www.de-paseo.com\/queretaro\/wp-content\/uploads\/2023\/01\/qro-0-arcos-vuelo-queretaro-merida-blog.jpg\" target=\"_blank\" rel=\"noopener\"><img loading=\"lazy\" decoding=\"async\" width=\"800\" height=\"533\" data-id=\"59343\" src=\"https:\/\/www.de-paseo.com\/queretaro\/wp-content\/uploads\/2023\/01\/qro-0-arcos-vuelo-queretaro-merida-blog.jpg\" alt=\"\" class=\"wp-image-59343 lazyload\" srcset=\"https:\/\/www.de-paseo.com\/queretaro\/wp-content\/uploads\/2023\/01\/qro-0-arcos-vuelo-queretaro-merida-blog.jpg 800w, https:\/\/www.de-paseo.com\/queretaro\/wp-content\/uploads\/2023\/01\/qro-0-arcos-vuelo-queretaro-merida-blog-300x200.jpg 300w, https:\/\/www.de-paseo.com\/queretaro\/wp-content\/uploads\/2023\/01\/qro-0-arcos-vuelo-queretaro-merida-blog-768x512.jpg 768w\" sizes=\"auto, (max-width: 800px) 100vw, 800px\"\/><noscript><img loading=\"lazy\" decoding=\"async\" width=\"800\" height=\"533\" data-id=\"59343\" src=\"https:\/\/www.de-paseo.com\/queretaro\/wp-content\/uploads\/2023\/01\/qro-0-arcos-vuelo-queretaro-merida-blog.jpg\" alt=\"\" class=\"wp-image-59343 lazyload\" srcset=\"https:\/\/www.de-paseo.com\/queretaro\/wp-content\/uploads\/2023\/01\/qro-0-arcos-vuelo-queretaro-merida-blog.jpg 800w, https:\/\/www.de-paseo.com\/queretaro\/wp-content\/uploads\/2023\/01\/qro-0-arcos-vuelo-queretaro-merida-blog-300x200.jpg 300w, https:\/\/www.de-paseo.com\/queretaro\/wp-content\/uploads\/2023\/01\/qro-0-arcos-vuelo-queretaro-merida-blog-768x512.jpg 768w\" sizes=\"auto, (max-width: 800px) 100vw, 800px\"\/><\/noscript><\/a><\/figure>\n<figure class=\"wp-block-image size-full\"><a href=\"https:\/\/www.de-paseo.com\/queretaro\/wp-content\/uploads\/2023\/01\/qro-0-casa-marquesa-vuelo-queretaro-merida-blog.jpg\" target=\"_blank\" rel=\"noopener\"><img loading=\"lazy\" decoding=\"async\" width=\"800\" height=\"533\" data-id=\"59344\" src=\"https:\/\/www.de-paseo.com\/queretaro\/wp-content\/uploads\/2023\/01\/qro-0-casa-marquesa-vuelo-queretaro-merida-blog.jpg\" alt=\"\" class=\"wp-image-59344 lazyload\" srcset=\"https:\/\/www.de-paseo.com\/queretaro\/wp-content\/uploads\/2023\/01\/qro-0-casa-marquesa-vuelo-queretaro-merida-blog.jpg 800w, https:\/\/www.de-paseo.com\/queretaro\/wp-content\/uploads\/2023\/01\/qro-0-casa-marquesa-vuelo-queretaro-merida-blog-300x200.jpg 300w, https:\/\/www.de-paseo.com\/queretaro\/wp-content\/uploads\/2023\/01\/qro-0-casa-marquesa-vuelo-queretaro-merida-blog-768x512.jpg 768w\" sizes=\"auto, (max-width: 800px) 100vw, 800px\"\/><noscript><img loading=\"lazy\" decoding=\"async\" width=\"800\" height=\"533\" data-id=\"59344\" src=\"https:\/\/www.de-paseo.com\/queretaro\/wp-content\/uploads\/2023\/01\/qro-0-casa-marquesa-vuelo-queretaro-merida-blog.jpg\" alt=\"\" class=\"wp-image-59344 lazyload\" srcset=\"https:\/\/www.de-paseo.com\/queretaro\/wp-content\/uploads\/2023\/01\/qro-0-casa-marquesa-vuelo-queretaro-merida-blog.jpg 800w, https:\/\/www.de-paseo.com\/queretaro\/wp-content\/uploads\/2023\/01\/qro-0-casa-marquesa-vuelo-queretaro-merida-blog-300x200.jpg 300w, https:\/\/www.de-paseo.com\/queretaro\/wp-content\/uploads\/2023\/01\/qro-0-casa-marquesa-vuelo-queretaro-merida-blog-768x512.jpg 768w\" sizes=\"auto, (max-width: 800px) 100vw, 800px\"\/><\/noscript><\/a><\/figure>\n<figure class=\"wp-block-image size-full\"><a href=\"https:\/\/www.de-paseo.com\/queretaro\/wp-content\/uploads\/2023\/01\/qro-0-plaza-armas-vuelo-queretaro-merida-blog.jpg\" target=\"_blank\" rel=\"noopener\"><img loading=\"lazy\" decoding=\"async\" width=\"800\" height=\"533\" data-id=\"59345\" src=\"https:\/\/www.de-paseo.com\/queretaro\/wp-content\/uploads\/2023\/01\/qro-0-plaza-armas-vuelo-queretaro-merida-blog.jpg\" alt=\"\" class=\"wp-image-59345 lazyload\" srcset=\"https:\/\/www.de-paseo.com\/queretaro\/wp-content\/uploads\/2023\/01\/qro-0-plaza-armas-vuelo-queretaro-merida-blog.jpg 800w, https:\/\/www.de-paseo.com\/queretaro\/wp-content\/uploads\/2023\/01\/qro-0-plaza-armas-vuelo-queretaro-merida-blog-300x200.jpg 300w, https:\/\/www.de-paseo.com\/queretaro\/wp-content\/uploads\/2023\/01\/qro-0-plaza-armas-vuelo-queretaro-merida-blog-768x512.jpg 768w\" sizes=\"auto, (max-width: 800px) 100vw, 800px\"\/><noscript><img loading=\"lazy\" decoding=\"async\" width=\"800\" height=\"533\" data-id=\"59345\" src=\"https:\/\/www.de-paseo.com\/queretaro\/wp-content\/uploads\/2023\/01\/qro-0-plaza-armas-vuelo-queretaro-merida-blog.jpg\" alt=\"\" class=\"wp-image-59345 lazyload\" srcset=\"https:\/\/www.de-paseo.com\/queretaro\/wp-content\/uploads\/2023\/01\/qro-0-plaza-armas-vuelo-queretaro-merida-blog.jpg 800w, https:\/\/www.de-paseo.com\/queretaro\/wp-content\/uploads\/2023\/01\/qro-0-plaza-armas-vuelo-queretaro-merida-blog-300x200.jpg 300w, https:\/\/www.de-paseo.com\/queretaro\/wp-content\/uploads\/2023\/01\/qro-0-plaza-armas-vuelo-queretaro-merida-blog-768x512.jpg 768w\" sizes=\"auto, (max-width: 800px) 100vw, 800px\"\/><\/noscript><\/a><\/figure>\n<figure class=\"wp-block-image size-full\"><a href=\"https:\/\/www.de-paseo.com\/queretaro\/wp-content\/uploads\/2023\/01\/qro-calle-vuelo-queretaro-merida-blog.jpg\" target=\"_blank\" rel=\"noopener\"><img loading=\"lazy\" decoding=\"async\" width=\"800\" height=\"533\" data-id=\"59327\" src=\"https:\/\/www.de-paseo.com\/queretaro\/wp-content\/uploads\/2023\/01\/qro-calle-vuelo-queretaro-merida-blog.jpg\" alt=\"\" class=\"wp-image-59327 lazyload\" srcset=\"https:\/\/www.de-paseo.com\/queretaro\/wp-content\/uploads\/2023\/01\/qro-calle-vuelo-queretaro-merida-blog.jpg 800w, https:\/\/www.de-paseo.com\/queretaro\/wp-content\/uploads\/2023\/01\/qro-calle-vuelo-queretaro-merida-blog-300x200.jpg 300w, https:\/\/www.de-paseo.com\/queretaro\/wp-content\/uploads\/2023\/01\/qro-calle-vuelo-queretaro-merida-blog-768x512.jpg 768w\" sizes=\"auto, (max-width: 800px) 100vw, 800px\"\/><noscript><img loading=\"lazy\" decoding=\"async\" width=\"800\" height=\"533\" data-id=\"59327\" src=\"https:\/\/www.de-paseo.com\/queretaro\/wp-content\/uploads\/2023\/01\/qro-calle-vuelo-queretaro-merida-blog.jpg\" alt=\"\" class=\"wp-image-59327 lazyload\" srcset=\"https:\/\/www.de-paseo.com\/queretaro\/wp-content\/uploads\/2023\/01\/qro-calle-vuelo-queretaro-merida-blog.jpg 800w, https:\/\/www.de-paseo.com\/queretaro\/wp-content\/uploads\/2023\/01\/qro-calle-vuelo-queretaro-merida-blog-300x200.jpg 300w, https:\/\/www.de-paseo.com\/queretaro\/wp-content\/uploads\/2023\/01\/qro-calle-vuelo-queretaro-merida-blog-768x512.jpg 768w\" sizes=\"auto, (max-width: 800px) 100vw, 800px\"\/><\/noscript><\/a><\/figure>\n<figure class=\"wp-block-image size-full\"><a href=\"https:\/\/www.de-paseo.com\/queretaro\/wp-content\/uploads\/2023\/01\/qro-san-agustin-vuelo-queretaro-merida-blog.jpg\" target=\"_blank\" rel=\"noopener\"><img loading=\"lazy\" decoding=\"async\" width=\"800\" height=\"533\" data-id=\"59334\" src=\"https:\/\/www.de-paseo.com\/queretaro\/wp-content\/uploads\/2023\/01\/qro-san-agustin-vuelo-queretaro-merida-blog.jpg\" alt=\"\" class=\"wp-image-59334 lazyload\" srcset=\"https:\/\/www.de-paseo.com\/queretaro\/wp-content\/uploads\/2023\/01\/qro-san-agustin-vuelo-queretaro-merida-blog.jpg 800w, https:\/\/www.de-paseo.com\/queretaro\/wp-content\/uploads\/2023\/01\/qro-san-agustin-vuelo-queretaro-merida-blog-300x200.jpg 300w, https:\/\/www.de-paseo.com\/queretaro\/wp-content\/uploads\/2023\/01\/qro-san-agustin-vuelo-queretaro-merida-blog-768x512.jpg 768w\" sizes=\"auto, (max-width: 800px) 100vw, 800px\"\/><noscript><img loading=\"lazy\" decoding=\"async\" width=\"800\" height=\"533\" data-id=\"59334\" src=\"https:\/\/www.de-paseo.com\/queretaro\/wp-content\/uploads\/2023\/01\/qro-san-agustin-vuelo-queretaro-merida-blog.jpg\" alt=\"\" class=\"wp-image-59334 lazyload\" srcset=\"https:\/\/www.de-paseo.com\/queretaro\/wp-content\/uploads\/2023\/01\/qro-san-agustin-vuelo-queretaro-merida-blog.jpg 800w, https:\/\/www.de-paseo.com\/queretaro\/wp-content\/uploads\/2023\/01\/qro-san-agustin-vuelo-queretaro-merida-blog-300x200.jpg 300w, https:\/\/www.de-paseo.com\/queretaro\/wp-content\/uploads\/2023\/01\/qro-san-agustin-vuelo-queretaro-merida-blog-768x512.jpg 768w\" sizes=\"auto, (max-width: 800px) 100vw, 800px\"\/><\/noscript><\/a><\/figure>\n<\/figure>\n<p>El <a href=\"https:\/\/www.de-paseo.com\/queretaro\/turismo\/sitios-de-interes\/\" target=\"_blank\" rel=\"noreferrer noopener\"><strong>Centro Hist\u00f3rico de Quer\u00e9taro<\/strong><\/a> es un lugar para recorrerse a pie y as\u00ed ir descubriendo los edificios donde sucedieron todos estos acontecimientos, adem\u00e1s de que podr\u00e1s admirar la bella arquitectura tanto civil como religiosa, visitar sus museos, su bellas plaza, parques y andadores y descubrir algo de su oferta gastron\u00f3mica.<\/p>\n<p>La ciudad es una solo parte de todo lo que puedes disfrutar en el Estado:<\/p>\n<figure class=\"is-layout-flex wp-block-gallery-7 wp-block-gallery has-nested-images columns-default is-cropped\">\n<figure class=\"wp-block-image size-full\"><a href=\"https:\/\/www.de-paseo.com\/queretaro\/wp-content\/uploads\/2023\/01\/qro-vuela-en-globo-vuelo-queretaro-merida-blog.jpg\" target=\"_blank\" rel=\"noopener\"><img loading=\"lazy\" decoding=\"async\" width=\"800\" height=\"533\" data-id=\"59342\" src=\"https:\/\/www.de-paseo.com\/queretaro\/wp-content\/uploads\/2023\/01\/qro-vuela-en-globo-vuelo-queretaro-merida-blog.jpg\" alt=\"\" class=\"wp-image-59342 lazyload\" srcset=\"https:\/\/www.de-paseo.com\/queretaro\/wp-content\/uploads\/2023\/01\/qro-vuela-en-globo-vuelo-queretaro-merida-blog.jpg 800w, https:\/\/www.de-paseo.com\/queretaro\/wp-content\/uploads\/2023\/01\/qro-vuela-en-globo-vuelo-queretaro-merida-blog-300x200.jpg 300w, https:\/\/www.de-paseo.com\/queretaro\/wp-content\/uploads\/2023\/01\/qro-vuela-en-globo-vuelo-queretaro-merida-blog-768x512.jpg 768w\" sizes=\"auto, (max-width: 800px) 100vw, 800px\"\/><noscript><img loading=\"lazy\" decoding=\"async\" width=\"800\" height=\"533\" data-id=\"59342\" src=\"https:\/\/www.de-paseo.com\/queretaro\/wp-content\/uploads\/2023\/01\/qro-vuela-en-globo-vuelo-queretaro-merida-blog.jpg\" alt=\"\" class=\"wp-image-59342 lazyload\" srcset=\"https:\/\/www.de-paseo.com\/queretaro\/wp-content\/uploads\/2023\/01\/qro-vuela-en-globo-vuelo-queretaro-merida-blog.jpg 800w, https:\/\/www.de-paseo.com\/queretaro\/wp-content\/uploads\/2023\/01\/qro-vuela-en-globo-vuelo-queretaro-merida-blog-300x200.jpg 300w, https:\/\/www.de-paseo.com\/queretaro\/wp-content\/uploads\/2023\/01\/qro-vuela-en-globo-vuelo-queretaro-merida-blog-768x512.jpg 768w\" sizes=\"auto, (max-width: 800px) 100vw, 800px\"\/><\/noscript><\/a><\/figure>\n<figure class=\"wp-block-image size-full\"><a href=\"https:\/\/www.de-paseo.com\/queretaro\/wp-content\/uploads\/2023\/01\/qro-bernal-vuelo-queretaro-merida-blog.jpg\" target=\"_blank\" rel=\"noopener\"><img loading=\"lazy\" decoding=\"async\" width=\"800\" height=\"533\" data-id=\"59325\" src=\"https:\/\/www.de-paseo.com\/queretaro\/wp-content\/uploads\/2023\/01\/qro-bernal-vuelo-queretaro-merida-blog.jpg\" alt=\"\" class=\"wp-image-59325 lazyload\" srcset=\"https:\/\/www.de-paseo.com\/queretaro\/wp-content\/uploads\/2023\/01\/qro-bernal-vuelo-queretaro-merida-blog.jpg 800w, https:\/\/www.de-paseo.com\/queretaro\/wp-content\/uploads\/2023\/01\/qro-bernal-vuelo-queretaro-merida-blog-300x200.jpg 300w, https:\/\/www.de-paseo.com\/queretaro\/wp-content\/uploads\/2023\/01\/qro-bernal-vuelo-queretaro-merida-blog-768x512.jpg 768w\" sizes=\"auto, (max-width: 800px) 100vw, 800px\"\/><noscript><img loading=\"lazy\" decoding=\"async\" width=\"800\" height=\"533\" data-id=\"59325\" src=\"https:\/\/www.de-paseo.com\/queretaro\/wp-content\/uploads\/2023\/01\/qro-bernal-vuelo-queretaro-merida-blog.jpg\" alt=\"\" class=\"wp-image-59325 lazyload\" srcset=\"https:\/\/www.de-paseo.com\/queretaro\/wp-content\/uploads\/2023\/01\/qro-bernal-vuelo-queretaro-merida-blog.jpg 800w, https:\/\/www.de-paseo.com\/queretaro\/wp-content\/uploads\/2023\/01\/qro-bernal-vuelo-queretaro-merida-blog-300x200.jpg 300w, https:\/\/www.de-paseo.com\/queretaro\/wp-content\/uploads\/2023\/01\/qro-bernal-vuelo-queretaro-merida-blog-768x512.jpg 768w\" sizes=\"auto, (max-width: 800px) 100vw, 800px\"\/><\/noscript><\/a><\/figure>\n<figure class=\"wp-block-image size-full\"><a href=\"https:\/\/www.de-paseo.com\/queretaro\/wp-content\/uploads\/2023\/01\/qro-tequis-vuelo-queretaro-merida-blog.jpg\" target=\"_blank\" rel=\"noopener\"><img loading=\"lazy\" decoding=\"async\" width=\"800\" height=\"533\" data-id=\"59337\" src=\"https:\/\/www.de-paseo.com\/queretaro\/wp-content\/uploads\/2023\/01\/qro-tequis-vuelo-queretaro-merida-blog.jpg\" alt=\"\" class=\"wp-image-59337 lazyload\" srcset=\"https:\/\/www.de-paseo.com\/queretaro\/wp-content\/uploads\/2023\/01\/qro-tequis-vuelo-queretaro-merida-blog.jpg 800w, https:\/\/www.de-paseo.com\/queretaro\/wp-content\/uploads\/2023\/01\/qro-tequis-vuelo-queretaro-merida-blog-300x200.jpg 300w, https:\/\/www.de-paseo.com\/queretaro\/wp-content\/uploads\/2023\/01\/qro-tequis-vuelo-queretaro-merida-blog-768x512.jpg 768w\" sizes=\"auto, (max-width: 800px) 100vw, 800px\"\/><noscript><img loading=\"lazy\" decoding=\"async\" width=\"800\" height=\"533\" data-id=\"59337\" src=\"https:\/\/www.de-paseo.com\/queretaro\/wp-content\/uploads\/2023\/01\/qro-tequis-vuelo-queretaro-merida-blog.jpg\" alt=\"\" class=\"wp-image-59337 lazyload\" srcset=\"https:\/\/www.de-paseo.com\/queretaro\/wp-content\/uploads\/2023\/01\/qro-tequis-vuelo-queretaro-merida-blog.jpg 800w, https:\/\/www.de-paseo.com\/queretaro\/wp-content\/uploads\/2023\/01\/qro-tequis-vuelo-queretaro-merida-blog-300x200.jpg 300w, https:\/\/www.de-paseo.com\/queretaro\/wp-content\/uploads\/2023\/01\/qro-tequis-vuelo-queretaro-merida-blog-768x512.jpg 768w\" sizes=\"auto, (max-width: 800px) 100vw, 800px\"\/><\/noscript><\/a><\/figure>\n<figure class=\"wp-block-image size-full\"><a href=\"https:\/\/www.de-paseo.com\/queretaro\/wp-content\/uploads\/2023\/01\/qrro-0-freixenet-penia-vuelo-queretaro-merida-blog.jpg\" target=\"_blank\" rel=\"noopener\"><img loading=\"lazy\" decoding=\"async\" width=\"800\" height=\"533\" data-id=\"59355\" src=\"https:\/\/www.de-paseo.com\/queretaro\/wp-content\/uploads\/2023\/01\/qrro-0-freixenet-penia-vuelo-queretaro-merida-blog.jpg\" alt=\"\" class=\"wp-image-59355 lazyload\" srcset=\"https:\/\/www.de-paseo.com\/queretaro\/wp-content\/uploads\/2023\/01\/qrro-0-freixenet-penia-vuelo-queretaro-merida-blog.jpg 800w, https:\/\/www.de-paseo.com\/queretaro\/wp-content\/uploads\/2023\/01\/qrro-0-freixenet-penia-vuelo-queretaro-merida-blog-300x200.jpg 300w, https:\/\/www.de-paseo.com\/queretaro\/wp-content\/uploads\/2023\/01\/qrro-0-freixenet-penia-vuelo-queretaro-merida-blog-768x512.jpg 768w\" sizes=\"auto, (max-width: 800px) 100vw, 800px\"\/><noscript><img loading=\"lazy\" decoding=\"async\" width=\"800\" height=\"533\" data-id=\"59355\" src=\"https:\/\/www.de-paseo.com\/queretaro\/wp-content\/uploads\/2023\/01\/qrro-0-freixenet-penia-vuelo-queretaro-merida-blog.jpg\" alt=\"\" class=\"wp-image-59355 lazyload\" srcset=\"https:\/\/www.de-paseo.com\/queretaro\/wp-content\/uploads\/2023\/01\/qrro-0-freixenet-penia-vuelo-queretaro-merida-blog.jpg 800w, https:\/\/www.de-paseo.com\/queretaro\/wp-content\/uploads\/2023\/01\/qrro-0-freixenet-penia-vuelo-queretaro-merida-blog-300x200.jpg 300w, https:\/\/www.de-paseo.com\/queretaro\/wp-content\/uploads\/2023\/01\/qrro-0-freixenet-penia-vuelo-queretaro-merida-blog-768x512.jpg 768w\" sizes=\"auto, (max-width: 800px) 100vw, 800px\"\/><\/noscript><\/a><\/figure>\n<figure class=\"wp-block-image size-full\"><a href=\"https:\/\/www.de-paseo.com\/queretaro\/wp-content\/uploads\/2023\/01\/qro-los-azteca-vuelo-queretaro-merida-blog.jpg\" target=\"_blank\" rel=\"noopener\"><img loading=\"lazy\" decoding=\"async\" width=\"800\" height=\"533\" data-id=\"59331\" src=\"https:\/\/www.de-paseo.com\/queretaro\/wp-content\/uploads\/2023\/01\/qro-los-azteca-vuelo-queretaro-merida-blog.jpg\" alt=\"\" class=\"wp-image-59331 lazyload\" srcset=\"https:\/\/www.de-paseo.com\/queretaro\/wp-content\/uploads\/2023\/01\/qro-los-azteca-vuelo-queretaro-merida-blog.jpg 800w, https:\/\/www.de-paseo.com\/queretaro\/wp-content\/uploads\/2023\/01\/qro-los-azteca-vuelo-queretaro-merida-blog-300x200.jpg 300w, https:\/\/www.de-paseo.com\/queretaro\/wp-content\/uploads\/2023\/01\/qro-los-azteca-vuelo-queretaro-merida-blog-768x512.jpg 768w\" sizes=\"auto, (max-width: 800px) 100vw, 800px\"\/><noscript><img loading=\"lazy\" decoding=\"async\" width=\"800\" height=\"533\" data-id=\"59331\" src=\"https:\/\/www.de-paseo.com\/queretaro\/wp-content\/uploads\/2023\/01\/qro-los-azteca-vuelo-queretaro-merida-blog.jpg\" alt=\"\" class=\"wp-image-59331 lazyload\" srcset=\"https:\/\/www.de-paseo.com\/queretaro\/wp-content\/uploads\/2023\/01\/qro-los-azteca-vuelo-queretaro-merida-blog.jpg 800w, https:\/\/www.de-paseo.com\/queretaro\/wp-content\/uploads\/2023\/01\/qro-los-azteca-vuelo-queretaro-merida-blog-300x200.jpg 300w, https:\/\/www.de-paseo.com\/queretaro\/wp-content\/uploads\/2023\/01\/qro-los-azteca-vuelo-queretaro-merida-blog-768x512.jpg 768w\" sizes=\"auto, (max-width: 800px) 100vw, 800px\"\/><\/noscript><\/a><\/figure>\n<figure class=\"wp-block-image size-full\"><a href=\"https:\/\/www.de-paseo.com\/queretaro\/wp-content\/uploads\/2023\/01\/qro-bocanegra-vuelo-queretaro-merida-blog.jpg\" target=\"_blank\" rel=\"noopener\"><img loading=\"lazy\" decoding=\"async\" width=\"800\" height=\"533\" data-id=\"59326\" src=\"https:\/\/www.de-paseo.com\/queretaro\/wp-content\/uploads\/2023\/01\/qro-bocanegra-vuelo-queretaro-merida-blog.jpg\" alt=\"\" class=\"wp-image-59326 lazyload\" srcset=\"https:\/\/www.de-paseo.com\/queretaro\/wp-content\/uploads\/2023\/01\/qro-bocanegra-vuelo-queretaro-merida-blog.jpg 800w, https:\/\/www.de-paseo.com\/queretaro\/wp-content\/uploads\/2023\/01\/qro-bocanegra-vuelo-queretaro-merida-blog-300x200.jpg 300w, https:\/\/www.de-paseo.com\/queretaro\/wp-content\/uploads\/2023\/01\/qro-bocanegra-vuelo-queretaro-merida-blog-768x512.jpg 768w\" sizes=\"auto, (max-width: 800px) 100vw, 800px\"\/><noscript><img loading=\"lazy\" decoding=\"async\" width=\"800\" height=\"533\" data-id=\"59326\" src=\"https:\/\/www.de-paseo.com\/queretaro\/wp-content\/uploads\/2023\/01\/qro-bocanegra-vuelo-queretaro-merida-blog.jpg\" alt=\"\" class=\"wp-image-59326 lazyload\" srcset=\"https:\/\/www.de-paseo.com\/queretaro\/wp-content\/uploads\/2023\/01\/qro-bocanegra-vuelo-queretaro-merida-blog.jpg 800w, https:\/\/www.de-paseo.com\/queretaro\/wp-content\/uploads\/2023\/01\/qro-bocanegra-vuelo-queretaro-merida-blog-300x200.jpg 300w, https:\/\/www.de-paseo.com\/queretaro\/wp-content\/uploads\/2023\/01\/qro-bocanegra-vuelo-queretaro-merida-blog-768x512.jpg 768w\" sizes=\"auto, (max-width: 800px) 100vw, 800px\"\/><\/noscript><\/a><\/figure>\n<figure class=\"wp-block-image size-full\"><a href=\"https:\/\/www.de-paseo.com\/queretaro\/wp-content\/uploads\/2023\/01\/qro-vinedos-de-cote-vuelo-queretaro-merida-blog.jpg\" target=\"_blank\" rel=\"noopener\"><img loading=\"lazy\" decoding=\"async\" width=\"800\" height=\"533\" data-id=\"59340\" src=\"https:\/\/www.de-paseo.com\/queretaro\/wp-content\/uploads\/2023\/01\/qro-vinedos-de-cote-vuelo-queretaro-merida-blog.jpg\" alt=\"\" class=\"wp-image-59340 lazyload\" srcset=\"https:\/\/www.de-paseo.com\/queretaro\/wp-content\/uploads\/2023\/01\/qro-vinedos-de-cote-vuelo-queretaro-merida-blog.jpg 800w, https:\/\/www.de-paseo.com\/queretaro\/wp-content\/uploads\/2023\/01\/qro-vinedos-de-cote-vuelo-queretaro-merida-blog-300x200.jpg 300w, https:\/\/www.de-paseo.com\/queretaro\/wp-content\/uploads\/2023\/01\/qro-vinedos-de-cote-vuelo-queretaro-merida-blog-768x512.jpg 768w\" sizes=\"auto, (max-width: 800px) 100vw, 800px\"\/><noscript><img loading=\"lazy\" decoding=\"async\" width=\"800\" height=\"533\" data-id=\"59340\" src=\"https:\/\/www.de-paseo.com\/queretaro\/wp-content\/uploads\/2023\/01\/qro-vinedos-de-cote-vuelo-queretaro-merida-blog.jpg\" alt=\"\" class=\"wp-image-59340 lazyload\" srcset=\"https:\/\/www.de-paseo.com\/queretaro\/wp-content\/uploads\/2023\/01\/qro-vinedos-de-cote-vuelo-queretaro-merida-blog.jpg 800w, https:\/\/www.de-paseo.com\/queretaro\/wp-content\/uploads\/2023\/01\/qro-vinedos-de-cote-vuelo-queretaro-merida-blog-300x200.jpg 300w, https:\/\/www.de-paseo.com\/queretaro\/wp-content\/uploads\/2023\/01\/qro-vinedos-de-cote-vuelo-queretaro-merida-blog-768x512.jpg 768w\" sizes=\"auto, (max-width: 800px) 100vw, 800px\"\/><\/noscript><\/a><\/figure>\n<figure class=\"wp-block-image size-full\"><a href=\"https:\/\/www.de-paseo.com\/queretaro\/wp-content\/uploads\/2023\/01\/qro-sierra-paisaje-vuelo-queretaro-merida-blog.jpg\" target=\"_blank\" rel=\"noopener\"><img loading=\"lazy\" decoding=\"async\" width=\"800\" height=\"533\" data-id=\"59336\" src=\"https:\/\/www.de-paseo.com\/queretaro\/wp-content\/uploads\/2023\/01\/qro-sierra-paisaje-vuelo-queretaro-merida-blog.jpg\" alt=\"\" class=\"wp-image-59336 lazyload\" srcset=\"https:\/\/www.de-paseo.com\/queretaro\/wp-content\/uploads\/2023\/01\/qro-sierra-paisaje-vuelo-queretaro-merida-blog.jpg 800w, https:\/\/www.de-paseo.com\/queretaro\/wp-content\/uploads\/2023\/01\/qro-sierra-paisaje-vuelo-queretaro-merida-blog-300x200.jpg 300w, https:\/\/www.de-paseo.com\/queretaro\/wp-content\/uploads\/2023\/01\/qro-sierra-paisaje-vuelo-queretaro-merida-blog-768x512.jpg 768w\" sizes=\"auto, (max-width: 800px) 100vw, 800px\"\/><noscript><img loading=\"lazy\" decoding=\"async\" width=\"800\" height=\"533\" data-id=\"59336\" src=\"https:\/\/www.de-paseo.com\/queretaro\/wp-content\/uploads\/2023\/01\/qro-sierra-paisaje-vuelo-queretaro-merida-blog.jpg\" alt=\"\" class=\"wp-image-59336 lazyload\" srcset=\"https:\/\/www.de-paseo.com\/queretaro\/wp-content\/uploads\/2023\/01\/qro-sierra-paisaje-vuelo-queretaro-merida-blog.jpg 800w, https:\/\/www.de-paseo.com\/queretaro\/wp-content\/uploads\/2023\/01\/qro-sierra-paisaje-vuelo-queretaro-merida-blog-300x200.jpg 300w, https:\/\/www.de-paseo.com\/queretaro\/wp-content\/uploads\/2023\/01\/qro-sierra-paisaje-vuelo-queretaro-merida-blog-768x512.jpg 768w\" sizes=\"auto, (max-width: 800px) 100vw, 800px\"\/><\/noscript><\/a><\/figure>\n<figure class=\"wp-block-image size-full\"><a href=\"https:\/\/www.de-paseo.com\/queretaro\/wp-content\/uploads\/2023\/01\/qro-sierra-montanias-vuelo-queretaro-merida-blog.jpg\" target=\"_blank\" rel=\"noopener\"><img loading=\"lazy\" decoding=\"async\" width=\"800\" height=\"533\" data-id=\"59335\" src=\"https:\/\/www.de-paseo.com\/queretaro\/wp-content\/uploads\/2023\/01\/qro-sierra-montanias-vuelo-queretaro-merida-blog.jpg\" alt=\"\" class=\"wp-image-59335 lazyload\" srcset=\"https:\/\/www.de-paseo.com\/queretaro\/wp-content\/uploads\/2023\/01\/qro-sierra-montanias-vuelo-queretaro-merida-blog.jpg 800w, https:\/\/www.de-paseo.com\/queretaro\/wp-content\/uploads\/2023\/01\/qro-sierra-montanias-vuelo-queretaro-merida-blog-300x200.jpg 300w, https:\/\/www.de-paseo.com\/queretaro\/wp-content\/uploads\/2023\/01\/qro-sierra-montanias-vuelo-queretaro-merida-blog-768x512.jpg 768w\" sizes=\"auto, (max-width: 800px) 100vw, 800px\"\/><noscript><img loading=\"lazy\" decoding=\"async\" width=\"800\" height=\"533\" data-id=\"59335\" src=\"https:\/\/www.de-paseo.com\/queretaro\/wp-content\/uploads\/2023\/01\/qro-sierra-montanias-vuelo-queretaro-merida-blog.jpg\" alt=\"\" class=\"wp-image-59335 lazyload\" srcset=\"https:\/\/www.de-paseo.com\/queretaro\/wp-content\/uploads\/2023\/01\/qro-sierra-montanias-vuelo-queretaro-merida-blog.jpg 800w, https:\/\/www.de-paseo.com\/queretaro\/wp-content\/uploads\/2023\/01\/qro-sierra-montanias-vuelo-queretaro-merida-blog-300x200.jpg 300w, https:\/\/www.de-paseo.com\/queretaro\/wp-content\/uploads\/2023\/01\/qro-sierra-montanias-vuelo-queretaro-merida-blog-768x512.jpg 768w\" sizes=\"auto, (max-width: 800px) 100vw, 800px\"\/><\/noscript><\/a><\/figure>\n<figure class=\"wp-block-image size-full\"><a href=\"https:\/\/www.de-paseo.com\/queretaro\/wp-content\/uploads\/2023\/01\/qro-chichimequillas-vuelo-queretaro-merida-blog.jpg\" target=\"_blank\" rel=\"noopener\"><img loading=\"lazy\" decoding=\"async\" width=\"800\" height=\"533\" data-id=\"59328\" src=\"https:\/\/www.de-paseo.com\/queretaro\/wp-content\/uploads\/2023\/01\/qro-chichimequillas-vuelo-queretaro-merida-blog.jpg\" alt=\"\" class=\"wp-image-59328 lazyload\" srcset=\"https:\/\/www.de-paseo.com\/queretaro\/wp-content\/uploads\/2023\/01\/qro-chichimequillas-vuelo-queretaro-merida-blog.jpg 800w, https:\/\/www.de-paseo.com\/queretaro\/wp-content\/uploads\/2023\/01\/qro-chichimequillas-vuelo-queretaro-merida-blog-300x200.jpg 300w, https:\/\/www.de-paseo.com\/queretaro\/wp-content\/uploads\/2023\/01\/qro-chichimequillas-vuelo-queretaro-merida-blog-768x512.jpg 768w\" sizes=\"auto, (max-width: 800px) 100vw, 800px\"\/><noscript><img loading=\"lazy\" decoding=\"async\" width=\"800\" height=\"533\" data-id=\"59328\" src=\"https:\/\/www.de-paseo.com\/queretaro\/wp-content\/uploads\/2023\/01\/qro-chichimequillas-vuelo-queretaro-merida-blog.jpg\" alt=\"\" class=\"wp-image-59328 lazyload\" srcset=\"https:\/\/www.de-paseo.com\/queretaro\/wp-content\/uploads\/2023\/01\/qro-chichimequillas-vuelo-queretaro-merida-blog.jpg 800w, https:\/\/www.de-paseo.com\/queretaro\/wp-content\/uploads\/2023\/01\/qro-chichimequillas-vuelo-queretaro-merida-blog-300x200.jpg 300w, https:\/\/www.de-paseo.com\/queretaro\/wp-content\/uploads\/2023\/01\/qro-chichimequillas-vuelo-queretaro-merida-blog-768x512.jpg 768w\" sizes=\"auto, (max-width: 800px) 100vw, 800px\"\/><\/noscript><\/a><\/figure>\n<figure class=\"wp-block-image size-full\"><a href=\"https:\/\/www.de-paseo.com\/queretaro\/wp-content\/uploads\/2023\/01\/qro-atongo-vuelo-queretaro-merida-blog.jpg\" target=\"_blank\" rel=\"noopener\"><img loading=\"lazy\" decoding=\"async\" width=\"800\" height=\"533\" data-id=\"59323\" src=\"https:\/\/www.de-paseo.com\/queretaro\/wp-content\/uploads\/2023\/01\/qro-atongo-vuelo-queretaro-merida-blog.jpg\" alt=\"\" class=\"wp-image-59323 lazyload\" srcset=\"https:\/\/www.de-paseo.com\/queretaro\/wp-content\/uploads\/2023\/01\/qro-atongo-vuelo-queretaro-merida-blog.jpg 800w, https:\/\/www.de-paseo.com\/queretaro\/wp-content\/uploads\/2023\/01\/qro-atongo-vuelo-queretaro-merida-blog-300x200.jpg 300w, https:\/\/www.de-paseo.com\/queretaro\/wp-content\/uploads\/2023\/01\/qro-atongo-vuelo-queretaro-merida-blog-768x512.jpg 768w\" sizes=\"auto, (max-width: 800px) 100vw, 800px\"\/><noscript><img loading=\"lazy\" decoding=\"async\" width=\"800\" height=\"533\" data-id=\"59323\" src=\"https:\/\/www.de-paseo.com\/queretaro\/wp-content\/uploads\/2023\/01\/qro-atongo-vuelo-queretaro-merida-blog.jpg\" alt=\"\" class=\"wp-image-59323 lazyload\" srcset=\"https:\/\/www.de-paseo.com\/queretaro\/wp-content\/uploads\/2023\/01\/qro-atongo-vuelo-queretaro-merida-blog.jpg 800w, https:\/\/www.de-paseo.com\/queretaro\/wp-content\/uploads\/2023\/01\/qro-atongo-vuelo-queretaro-merida-blog-300x200.jpg 300w, https:\/\/www.de-paseo.com\/queretaro\/wp-content\/uploads\/2023\/01\/qro-atongo-vuelo-queretaro-merida-blog-768x512.jpg 768w\" sizes=\"auto, (max-width: 800px) 100vw, 800px\"\/><\/noscript><\/a><\/figure>\n<figure class=\"wp-block-image size-full\"><a href=\"https:\/\/www.de-paseo.com\/queretaro\/wp-content\/uploads\/2023\/01\/qro-tovares-vuelo-queretaro-merida-blog.jpg\" target=\"_blank\" rel=\"noopener\"><img loading=\"lazy\" decoding=\"async\" width=\"800\" height=\"533\" data-id=\"59339\" src=\"https:\/\/www.de-paseo.com\/queretaro\/wp-content\/uploads\/2023\/01\/qro-tovares-vuelo-queretaro-merida-blog.jpg\" alt=\"\" class=\"wp-image-59339 lazyload\" srcset=\"https:\/\/www.de-paseo.com\/queretaro\/wp-content\/uploads\/2023\/01\/qro-tovares-vuelo-queretaro-merida-blog.jpg 800w, https:\/\/www.de-paseo.com\/queretaro\/wp-content\/uploads\/2023\/01\/qro-tovares-vuelo-queretaro-merida-blog-300x200.jpg 300w, https:\/\/www.de-paseo.com\/queretaro\/wp-content\/uploads\/2023\/01\/qro-tovares-vuelo-queretaro-merida-blog-768x512.jpg 768w\" sizes=\"auto, (max-width: 800px) 100vw, 800px\"\/><noscript><img loading=\"lazy\" decoding=\"async\" width=\"800\" height=\"533\" data-id=\"59339\" src=\"https:\/\/www.de-paseo.com\/queretaro\/wp-content\/uploads\/2023\/01\/qro-tovares-vuelo-queretaro-merida-blog.jpg\" alt=\"\" class=\"wp-image-59339 lazyload\" srcset=\"https:\/\/www.de-paseo.com\/queretaro\/wp-content\/uploads\/2023\/01\/qro-tovares-vuelo-queretaro-merida-blog.jpg 800w, https:\/\/www.de-paseo.com\/queretaro\/wp-content\/uploads\/2023\/01\/qro-tovares-vuelo-queretaro-merida-blog-300x200.jpg 300w, https:\/\/www.de-paseo.com\/queretaro\/wp-content\/uploads\/2023\/01\/qro-tovares-vuelo-queretaro-merida-blog-768x512.jpg 768w\" sizes=\"auto, (max-width: 800px) 100vw, 800px\"\/><\/noscript><\/a><\/figure>\n<\/figure>\n<ul>\n<li><a href=\"https:\/\/www.de-paseo.com\/queretaro\/pueblear-en-queretaro\/\" target=\"_blank\" rel=\"noreferrer noopener\"><strong>6 pueblos M\u00e1gicos<\/strong><\/a>: Tequisquiapan, Bernal, Amealco, Caderyta de Montes, Jalpan de Serra y San Joaqu\u00edn, estos dos \u00faltimos localizados en la Sierra Gorda Queretana, parte de la cual es reconocida como reserva de la bi\u00f3sfera.<\/li>\n<li><a href=\"https:\/\/www.de-paseo.com\/queretaro\/turismo\/ruta-queso-y-20vino\/\" target=\"_blank\" rel=\"noreferrer noopener\"><strong>La ruta del queso y el vin<\/strong>o<\/a> con m\u00e1s de 35 vi\u00f1edos y productoras de queso.<\/li>\n<li>Haciendas hoy convertidas en hoteles y\/o restaurantes<\/li>\n<li><a href=\"https:\/\/www.de-paseo.com\/queretaro\/item\/vuela-en-globo\/\" target=\"_blank\" rel=\"noreferrer noopener\"><strong>Vuelos en Globo aerost\u00e1tico<\/strong><\/a><\/li>\n<li>Ecoturismo en la <strong><a href=\"https:\/\/www.de-paseo.com\/queretaro\/sierra-gorda-queretana\/\" target=\"_blank\" rel=\"noreferrer noopener\">Sierra Gorda<\/a> <\/strong>donde podr\u00e1s admira desde paisajes del semidesierto y bosques de con\u00edferas hasta clima y vegetaci\u00f3n tropical.<\/li>\n<li>Misiones franciscanas tambi\u00e9n consideradas Patrimonio Cultural de la Humanidad.<\/li>\n<\/ul>\n<p>Por su privilegiada ubicaci\u00f3n, volar a Quer\u00e9taro tambi\u00e9n te permitir\u00e1 conocer ciudades de otros estados con gran atractivo tur\u00edstico, como <strong><a href=\"https:\/\/www.de-paseo.com\/san-miguel-de-allende\/\" target=\"_blank\" rel=\"noreferrer noopener\">San Miguel de Allende<\/a><\/strong>, a s\u00f3lo 45 minutos de la ciudad capital.<\/p>\n<p>Ahora ya sabes que es mucho lo que puedes vivir, experimentar y disfrutar si vuelas a cualquiera de estas dos ciudades.<\/p>\n<p>No esperes m\u00e1s para reservar tu vuelo (<strong><a href=\"https:\/\/www.vivaaerobus.com\/\" target=\"_blank\" rel=\"noreferrer noopener\">click aqu\u00ed<\/a><\/strong>). Recuerda que si planeas con anticipaci\u00f3n podr\u00e1s encontrar los mejores precios.<\/p>\n<\/div>\n<p><script type='text\/javascript'> !function(f,b,e,v,n,t,s){if(f.fbq)return;n=f.fbq=function(){n.callMethod?\nn.callMethod.apply(n,arguments):n.queue.push(arguments)};if(!f._fbq)f._fbq=n;\nn.push=n;n.loaded=!0;n.version='2.0';n.queue=[];t=b.createElement(e);t.async=!0;\nt.src=v;s=b.getElementsByTagName(e)[0];s.parentNode.insertBefore(t,s)}(window,\ndocument,'script','https:\/\/connect.facebook.net\/en_US\/fbevents.js'); <\/script><\/p>\n","protected":false},"excerpt":{"rendered":"<p>Dos ciudades hermosas e hist\u00f3ricas con un sin fin de atractivos, ya que adem\u00e1s de recorrer sus calles, disfrutar de su arquitectura, museos y gastronom\u00eda, son punto de partida para conocer y vivir grandes experiencias en sus respectivos estados. \u00bfPor qu\u00e9 te platicamos esto? Pues porque ahora hay un nuevo vuelo de Viva Aerob\u00fas que [&hellip;]<\/p>\n","protected":false},"author":2,"featured_media":1882,"comment_status":"","ping_status":"","sticky":false,"template":"","format":"standard","meta":{"_monsterinsights_skip_tracking":false,"_monsterinsights_sitenote_active":false,"_monsterinsights_sitenote_note":"","_monsterinsights_sitenote_category":0,"footnotes":""},"categories":[10],"tags":[],"class_list":["post-1881","post","type-post","status-publish","format-standard","has-post-thumbnail","hentry","category-cultura"],"_links":{"self":[{"href":"https:\/\/informebajio.com.mx\/index.php?rest_route=\/wp\/v2\/posts\/1881","targetHints":{"allow":["GET"]}}],"collection":[{"href":"https:\/\/informebajio.com.mx\/index.php?rest_route=\/wp\/v2\/posts"}],"about":[{"href":"https:\/\/informebajio.com.mx\/index.php?rest_route=\/wp\/v2\/types\/post"}],"author":[{"embeddable":true,"href":"https:\/\/informebajio.com.mx\/index.php?rest_route=\/wp\/v2\/users\/2"}],"replies":[{"embeddable":true,"href":"https:\/\/informebajio.com.mx\/index.php?rest_route=%2Fwp%2Fv2%2Fcomments&post=1881"}],"version-history":[{"count":0,"href":"https:\/\/informebajio.com.mx\/index.php?rest_route=\/wp\/v2\/posts\/1881\/revisions"}],"wp:featuredmedia":[{"embeddable":true,"href":"https:\/\/informebajio.com.mx\/index.php?rest_route=\/wp\/v2\/media\/1882"}],"wp:attachment":[{"href":"https:\/\/informebajio.com.mx\/index.php?rest_route=%2Fwp%2Fv2%2Fmedia&parent=1881"}],"wp:term":[{"taxonomy":"category","embeddable":true,"href":"https:\/\/informebajio.com.mx\/index.php?rest_route=%2Fwp%2Fv2%2Fcategories&post=1881"},{"taxonomy":"post_tag","embeddable":true,"href":"https:\/\/informebajio.com.mx\/index.php?rest_route=%2Fwp%2Fv2%2Ftags&post=1881"}],"curies":[{"name":"wp","href":"https:\/\/api.w.org\/{rel}","templated":true}]}}