{"id":1921,"date":"2023-01-19T17:39:44","date_gmt":"2023-01-19T23:39:44","guid":{"rendered":"https:\/\/informebajio.com.mx\/?p=1921"},"modified":"2023-01-19T17:39:44","modified_gmt":"2023-01-19T23:39:44","slug":"competencia-de-la-unam-decidir-si-ministra-cometio-un-acto-ilicito-senala-la-sep","status":"publish","type":"post","link":"https:\/\/informebajio.com.mx\/?p=1921","title":{"rendered":"Competencia de la UNAM, decidir si ministra cometi\u00f3 un acto il\u00edcito, se\u00f1ala la SEP"},"content":{"rendered":"<div id=\"article-content-tts\">\n<div id=\"content_nitf\">\n<p>La SEP se\u00f1al\u00f3 en un documento al rector de la UNAM, Enrique Graue, que, en respeto a la autonom\u00eda universitaria, corresponde a la instituci\u00f3n que encabeza resolver si la ministra Yasm\u00edn Esquivel cometi\u00f3 un acto il\u00edcito en la obtenci\u00f3n de su t\u00edtulo de licenciatura y, en caso de confirmarse, lo procedente ser\u00eda presentar una denuncia. Aclar\u00f3 que mientras ese t\u00edtulo no sea declarado inv\u00e1lido, la Direcci\u00f3n General de Profesiones carece de facultades para proceder.<\/p>\n<p>Leticia Ram\u00edrez, titular de la SEP, transcribi\u00f3 el art\u00edculo tercero fracci\u00f3n VII de la Constituci\u00f3n, en el que se habla de la autonom\u00eda universitaria, y se refiri\u00f3 a que el Comit\u00e9 de Integridad Acad\u00e9mica y Cient\u00edfica de la FES Arag\u00f3n consider\u00f3 que el asunto deb\u00eda ser valorado por las instancias universitarias competentes para que \u201cproceda conforme a la legislaci\u00f3n universitaria\u201d.<\/p>\n<p>\u201cEn consecuencia \u2013agreg\u00f3\u2013, en respeto a la autonom\u00eda universitaria&#8230;, las instancias universitarias competentes para emitir una resoluci\u00f3n sobre el tema son aquellas establecidas en la Ley Org\u00e1nica de la UNAM y su estatuto general\u201d, y son \u00e9stas las que deben realizar el procedimiento \u201cconforme a las reglas generales del derecho procesal\u201d.<\/p>\n<p>Dijo que \u201cen el supuesto de que la autoridad universitaria competente resuelva que la conducta que se impute a la C. Yasm\u00edn Esquivel Mossaes susceptible de ser considerada como constitutiva de un acto il\u00edcito, lo procedente ser\u00e1 ejercer la acci\u00f3n correspondiente ante el \u00f3rgano de procuraci\u00f3n de justicia o autoridad jurisdiccional competentes\u201d.<\/p>\n<p>Precis\u00f3 que, en tanto no sea declarado inv\u00e1lido el t\u00edtulo expedido en su momento por la UNAM a Esquivel Mossa por la autoridad jurisdiccional competente, la Direcci\u00f3n General de Profesiones carece de facultades para intervenir de acuerdo con la normatividad aplicable.<\/p>\n<\/div>\n<\/div>\n<p><script>\n      !function(f,b,e,v,n,t,s)\n      {if(f.fbq)return;n=f.fbq=function(){n.callMethod?\n      n.callMethod.apply(n,arguments):n.queue.push(arguments)};\n      if(!f._fbq)f._fbq=n;n.push=n;n.loaded=!0;n.version='2.0';\n      n.queue=[];t=b.createElement(e);t.async=!0;\n      t.src=v;s=b.getElementsByTagName(e)[0];\n      s.parentNode.insertBefore(t,s)}(window, document,'script',\n      'https:\/\/connect.facebook.net\/en_US\/fbevents.js');\n      fbq('init', '133913093805922');\n      fbq('track', 'PageView');\n      fbq('track', 'Contact');\n      fbq('track', 'Donate');\n      fbq('track', 'FindLocation');\n      fbq('track', 'Lead');\n      fbq('track', 'Search');\n      fbq('track', 'Subscribe', {value: '0.00', currency: 'MXN', predicted_ltv: '0.00'});\n      fbq('track', 'ViewContent');\n    <\/script><script type=\"text\/javascript\">(function(d, s, id) {\n\t  var js, fjs = d.getElementsByTagName(s)[0];\n\t  if (d.getElementById(id)) return;\n\t  js = d.createElement(s); js.id = id;\n\t  js.src = \"\/\/connect.facebook.net\/es_LA\/sdk.js#xfbml=1&amp;version=v3.3&amp;appId=774389309362880\";\n\t  fjs.parentNode.insertBefore(js, fjs);\n\t}(document, 'script', 'facebook-jssdk'));<\/script><\/p>\n","protected":false},"excerpt":{"rendered":"<p>La SEP se\u00f1al\u00f3 en un documento al rector de la UNAM, Enrique Graue, que, en respeto a la autonom\u00eda universitaria, corresponde a la instituci\u00f3n que encabeza resolver si la ministra Yasm\u00edn Esquivel cometi\u00f3 un acto il\u00edcito en la obtenci\u00f3n de su t\u00edtulo de licenciatura y, en caso de confirmarse, lo procedente ser\u00eda presentar una denuncia. [&hellip;]<\/p>\n","protected":false},"author":2,"featured_media":1922,"comment_status":"","ping_status":"","sticky":false,"template":"","format":"standard","meta":{"_monsterinsights_skip_tracking":false,"_monsterinsights_sitenote_active":false,"_monsterinsights_sitenote_note":"","_monsterinsights_sitenote_category":0,"footnotes":""},"categories":[9],"tags":[],"class_list":["post-1921","post","type-post","status-publish","format-standard","has-post-thumbnail","hentry","category-deportes"],"_links":{"self":[{"href":"https:\/\/informebajio.com.mx\/index.php?rest_route=\/wp\/v2\/posts\/1921","targetHints":{"allow":["GET"]}}],"collection":[{"href":"https:\/\/informebajio.com.mx\/index.php?rest_route=\/wp\/v2\/posts"}],"about":[{"href":"https:\/\/informebajio.com.mx\/index.php?rest_route=\/wp\/v2\/types\/post"}],"author":[{"embeddable":true,"href":"https:\/\/informebajio.com.mx\/index.php?rest_route=\/wp\/v2\/users\/2"}],"replies":[{"embeddable":true,"href":"https:\/\/informebajio.com.mx\/index.php?rest_route=%2Fwp%2Fv2%2Fcomments&post=1921"}],"version-history":[{"count":0,"href":"https:\/\/informebajio.com.mx\/index.php?rest_route=\/wp\/v2\/posts\/1921\/revisions"}],"wp:featuredmedia":[{"embeddable":true,"href":"https:\/\/informebajio.com.mx\/index.php?rest_route=\/wp\/v2\/media\/1922"}],"wp:attachment":[{"href":"https:\/\/informebajio.com.mx\/index.php?rest_route=%2Fwp%2Fv2%2Fmedia&parent=1921"}],"wp:term":[{"taxonomy":"category","embeddable":true,"href":"https:\/\/informebajio.com.mx\/index.php?rest_route=%2Fwp%2Fv2%2Fcategories&post=1921"},{"taxonomy":"post_tag","embeddable":true,"href":"https:\/\/informebajio.com.mx\/index.php?rest_route=%2Fwp%2Fv2%2Ftags&post=1921"}],"curies":[{"name":"wp","href":"https:\/\/api.w.org\/{rel}","templated":true}]}}