{"id":19785,"date":"2023-10-12T02:55:47","date_gmt":"2023-10-12T07:55:47","guid":{"rendered":"https:\/\/informebajio.com.mx\/?p=19785"},"modified":"2023-10-12T02:55:47","modified_gmt":"2023-10-12T07:55:47","slug":"asi-se-vivio-el-festival-del-vino-queretano","status":"publish","type":"post","link":"https:\/\/informebajio.com.mx\/?p=19785","title":{"rendered":"As\u00ed se vivi\u00f3 el Festival del Vino Queretano"},"content":{"rendered":"<div>\n<p>Para aquellos que no pudieron disfrutar las vendimias del a\u00f1o, o que si pudieron, pero quer\u00edan aprovechar para conocer todas las etiquetas y vi\u00f1edos que hay en nuestro estado, que pertenecen al Cluster Vitivin\u00edcola de Quer\u00e9taro, esta fue una gran oportunidad.<\/p>\n<p>El clima hizo de las suyas, pero esto no fue motivo para no disfrutar de la gran variedad de vinos, acompa\u00f1ados de ricos quesos de la regi\u00f3n y platillos de la zona gourmet. Al contrario, \u00a1se disfrut\u00f3 m\u00e1s!<\/p>\n<p>Tambi\u00e9n fue una gran oportunidad para asistir a talleres y catas especiales.<\/p>\n<p>Si no pudiste asistir a esta Tercera Edici\u00f3n, no olvides que el ciclo de vendimias de Quer\u00e9taro, cierra con este gran evento que tiene lugar en el bello Centro de la Artes de Quer\u00e9taro<\/p>\n<p>Mientras tanto, aqu\u00ed te compartimos una probadita de lo que se vivi\u00f3:<\/p>\n<figure class=\"wp-block-gallery has-nested-images columns-2 is-cropped wp-block-gallery-1 is-layout-flex wp-block-gallery-is-layout-flex\">\n<figure class=\"wp-block-image size-full\"><a href=\"https:\/\/www.de-paseo.com\/queretaro\/wp-content\/uploads\/2023\/10\/festival-del-vino-queretano-2023-blog1.jpg\" target=\"_blank\" rel=\"noopener\"><img decoding=\"async\" fetchpriority=\"high\" width=\"800\" height=\"533\" data-id=\"63129\" src=\"https:\/\/www.de-paseo.com\/queretaro\/wp-content\/uploads\/2023\/10\/festival-del-vino-queretano-2023-blog1.jpg\" alt=\"\" class=\"wp-image-63129\" srcset=\"https:\/\/www.de-paseo.com\/queretaro\/wp-content\/uploads\/2023\/10\/festival-del-vino-queretano-2023-blog1.jpg 800w, https:\/\/www.de-paseo.com\/queretaro\/wp-content\/uploads\/2023\/10\/festival-del-vino-queretano-2023-blog1-300x200.jpg 300w, https:\/\/www.de-paseo.com\/queretaro\/wp-content\/uploads\/2023\/10\/festival-del-vino-queretano-2023-blog1-768x512.jpg 768w\" sizes=\"(max-width: 800px) 100vw, 800px\"\/><\/a><\/figure>\n<figure class=\"wp-block-image size-full\"><a href=\"https:\/\/www.de-paseo.com\/queretaro\/wp-content\/uploads\/2023\/10\/festival-del-vino-queretano-2023-blog2.jpg\" target=\"_blank\" rel=\"noopener\"><img loading=\"lazy\" decoding=\"async\" width=\"800\" height=\"533\" data-id=\"63120\" src=\"https:\/\/www.de-paseo.com\/queretaro\/wp-content\/uploads\/2023\/10\/festival-del-vino-queretano-2023-blog2.jpg\" alt=\"\" class=\"wp-image-63120\" srcset=\"https:\/\/www.de-paseo.com\/queretaro\/wp-content\/uploads\/2023\/10\/festival-del-vino-queretano-2023-blog2.jpg 800w, https:\/\/www.de-paseo.com\/queretaro\/wp-content\/uploads\/2023\/10\/festival-del-vino-queretano-2023-blog2-300x200.jpg 300w, https:\/\/www.de-paseo.com\/queretaro\/wp-content\/uploads\/2023\/10\/festival-del-vino-queretano-2023-blog2-768x512.jpg 768w\" sizes=\"auto, (max-width: 800px) 100vw, 800px\"\/><\/a><\/figure>\n<figure class=\"wp-block-image size-full\"><a href=\"https:\/\/www.de-paseo.com\/queretaro\/wp-content\/uploads\/2023\/10\/festival-del-vino-queretano-2023-blog3.jpg\" target=\"_blank\" rel=\"noopener\"><img loading=\"lazy\" decoding=\"async\" width=\"800\" height=\"533\" data-id=\"63119\" src=\"https:\/\/www.de-paseo.com\/queretaro\/wp-content\/uploads\/2023\/10\/festival-del-vino-queretano-2023-blog3.jpg\" alt=\"\" class=\"wp-image-63119\" srcset=\"https:\/\/www.de-paseo.com\/queretaro\/wp-content\/uploads\/2023\/10\/festival-del-vino-queretano-2023-blog3.jpg 800w, https:\/\/www.de-paseo.com\/queretaro\/wp-content\/uploads\/2023\/10\/festival-del-vino-queretano-2023-blog3-300x200.jpg 300w, https:\/\/www.de-paseo.com\/queretaro\/wp-content\/uploads\/2023\/10\/festival-del-vino-queretano-2023-blog3-768x512.jpg 768w\" sizes=\"auto, (max-width: 800px) 100vw, 800px\"\/><\/a><\/figure>\n<figure class=\"wp-block-image size-full\"><a href=\"https:\/\/www.de-paseo.com\/queretaro\/wp-content\/uploads\/2023\/10\/festival-del-vino-queretano-2023-blog4.jpg\" target=\"_blank\" rel=\"noopener\"><img decoding=\"async\" loading=\"lazy\" width=\"800\" height=\"533\" data-id=\"63127\" src=\"https:\/\/www.de-paseo.com\/queretaro\/wp-content\/uploads\/2023\/10\/festival-del-vino-queretano-2023-blog4.jpg\" alt=\"\" class=\"wp-image-63127\" srcset=\"https:\/\/www.de-paseo.com\/queretaro\/wp-content\/uploads\/2023\/10\/festival-del-vino-queretano-2023-blog4.jpg 800w, https:\/\/www.de-paseo.com\/queretaro\/wp-content\/uploads\/2023\/10\/festival-del-vino-queretano-2023-blog4-300x200.jpg 300w, https:\/\/www.de-paseo.com\/queretaro\/wp-content\/uploads\/2023\/10\/festival-del-vino-queretano-2023-blog4-768x512.jpg 768w\" sizes=\"auto, (max-width: 800px) 100vw, 800px\"\/><\/a><\/figure>\n<figure class=\"wp-block-image size-full\"><a href=\"https:\/\/www.de-paseo.com\/queretaro\/wp-content\/uploads\/2023\/10\/festival-del-vino-queretano-2023-blog5.jpg\" target=\"_blank\" rel=\"noopener\"><img decoding=\"async\" loading=\"lazy\" width=\"800\" height=\"533\" data-id=\"63121\" src=\"https:\/\/www.de-paseo.com\/queretaro\/wp-content\/uploads\/2023\/10\/festival-del-vino-queretano-2023-blog5.jpg\" alt=\"\" class=\"wp-image-63121\" srcset=\"https:\/\/www.de-paseo.com\/queretaro\/wp-content\/uploads\/2023\/10\/festival-del-vino-queretano-2023-blog5.jpg 800w, https:\/\/www.de-paseo.com\/queretaro\/wp-content\/uploads\/2023\/10\/festival-del-vino-queretano-2023-blog5-300x200.jpg 300w, https:\/\/www.de-paseo.com\/queretaro\/wp-content\/uploads\/2023\/10\/festival-del-vino-queretano-2023-blog5-768x512.jpg 768w\" sizes=\"auto, (max-width: 800px) 100vw, 800px\"\/><\/a><\/figure>\n<figure class=\"wp-block-image size-full\"><a href=\"https:\/\/www.de-paseo.com\/queretaro\/wp-content\/uploads\/2023\/10\/festival-del-vino-queretano-2023-blog6.jpg\" target=\"_blank\" rel=\"noopener\"><img decoding=\"async\" loading=\"lazy\" width=\"800\" height=\"533\" data-id=\"63123\" src=\"https:\/\/www.de-paseo.com\/queretaro\/wp-content\/uploads\/2023\/10\/festival-del-vino-queretano-2023-blog6.jpg\" alt=\"\" class=\"wp-image-63123\" srcset=\"https:\/\/www.de-paseo.com\/queretaro\/wp-content\/uploads\/2023\/10\/festival-del-vino-queretano-2023-blog6.jpg 800w, https:\/\/www.de-paseo.com\/queretaro\/wp-content\/uploads\/2023\/10\/festival-del-vino-queretano-2023-blog6-300x200.jpg 300w, https:\/\/www.de-paseo.com\/queretaro\/wp-content\/uploads\/2023\/10\/festival-del-vino-queretano-2023-blog6-768x512.jpg 768w\" sizes=\"auto, (max-width: 800px) 100vw, 800px\"\/><\/a><\/figure>\n<figure class=\"wp-block-image size-full\"><a href=\"https:\/\/www.de-paseo.com\/queretaro\/wp-content\/uploads\/2023\/10\/festival-del-vino-queretano-2023-blog7.jpg\" target=\"_blank\" rel=\"noopener\"><img decoding=\"async\" loading=\"lazy\" width=\"800\" height=\"533\" data-id=\"63126\" src=\"https:\/\/www.de-paseo.com\/queretaro\/wp-content\/uploads\/2023\/10\/festival-del-vino-queretano-2023-blog7.jpg\" alt=\"\" class=\"wp-image-63126\" srcset=\"https:\/\/www.de-paseo.com\/queretaro\/wp-content\/uploads\/2023\/10\/festival-del-vino-queretano-2023-blog7.jpg 800w, https:\/\/www.de-paseo.com\/queretaro\/wp-content\/uploads\/2023\/10\/festival-del-vino-queretano-2023-blog7-300x200.jpg 300w, https:\/\/www.de-paseo.com\/queretaro\/wp-content\/uploads\/2023\/10\/festival-del-vino-queretano-2023-blog7-768x512.jpg 768w\" sizes=\"auto, (max-width: 800px) 100vw, 800px\"\/><\/a><\/figure>\n<figure class=\"wp-block-image size-full\"><a href=\"https:\/\/www.de-paseo.com\/queretaro\/wp-content\/uploads\/2023\/10\/festival-del-vino-queretano-2023-blog8.jpg\" target=\"_blank\" rel=\"noopener\"><img decoding=\"async\" loading=\"lazy\" width=\"800\" height=\"533\" data-id=\"63125\" src=\"https:\/\/www.de-paseo.com\/queretaro\/wp-content\/uploads\/2023\/10\/festival-del-vino-queretano-2023-blog8.jpg\" alt=\"\" class=\"wp-image-63125\" srcset=\"https:\/\/www.de-paseo.com\/queretaro\/wp-content\/uploads\/2023\/10\/festival-del-vino-queretano-2023-blog8.jpg 800w, https:\/\/www.de-paseo.com\/queretaro\/wp-content\/uploads\/2023\/10\/festival-del-vino-queretano-2023-blog8-300x200.jpg 300w, https:\/\/www.de-paseo.com\/queretaro\/wp-content\/uploads\/2023\/10\/festival-del-vino-queretano-2023-blog8-768x512.jpg 768w\" sizes=\"auto, (max-width: 800px) 100vw, 800px\"\/><\/a><\/figure>\n<figure class=\"wp-block-image size-full\"><a href=\"https:\/\/www.de-paseo.com\/queretaro\/wp-content\/uploads\/2023\/10\/festival-del-vino-queretano-2023-blog9.jpg\" target=\"_blank\" rel=\"noopener\"><img decoding=\"async\" loading=\"lazy\" width=\"800\" height=\"533\" data-id=\"63128\" src=\"https:\/\/www.de-paseo.com\/queretaro\/wp-content\/uploads\/2023\/10\/festival-del-vino-queretano-2023-blog9.jpg\" alt=\"\" class=\"wp-image-63128\" srcset=\"https:\/\/www.de-paseo.com\/queretaro\/wp-content\/uploads\/2023\/10\/festival-del-vino-queretano-2023-blog9.jpg 800w, https:\/\/www.de-paseo.com\/queretaro\/wp-content\/uploads\/2023\/10\/festival-del-vino-queretano-2023-blog9-300x200.jpg 300w, https:\/\/www.de-paseo.com\/queretaro\/wp-content\/uploads\/2023\/10\/festival-del-vino-queretano-2023-blog9-768x512.jpg 768w\" sizes=\"auto, (max-width: 800px) 100vw, 800px\"\/><\/a><\/figure>\n<figure class=\"wp-block-image size-full\"><a href=\"https:\/\/www.de-paseo.com\/queretaro\/wp-content\/uploads\/2023\/10\/festival-del-vino-queretano-2023-blog10.jpg\" target=\"_blank\" rel=\"noopener\"><img decoding=\"async\" loading=\"lazy\" width=\"800\" height=\"533\" data-id=\"63118\" src=\"https:\/\/www.de-paseo.com\/queretaro\/wp-content\/uploads\/2023\/10\/festival-del-vino-queretano-2023-blog10.jpg\" alt=\"\" class=\"wp-image-63118\" srcset=\"https:\/\/www.de-paseo.com\/queretaro\/wp-content\/uploads\/2023\/10\/festival-del-vino-queretano-2023-blog10.jpg 800w, https:\/\/www.de-paseo.com\/queretaro\/wp-content\/uploads\/2023\/10\/festival-del-vino-queretano-2023-blog10-300x200.jpg 300w, https:\/\/www.de-paseo.com\/queretaro\/wp-content\/uploads\/2023\/10\/festival-del-vino-queretano-2023-blog10-768x512.jpg 768w\" sizes=\"auto, (max-width: 800px) 100vw, 800px\"\/><\/a><\/figure>\n<figure class=\"wp-block-image size-full\"><a href=\"https:\/\/www.de-paseo.com\/queretaro\/wp-content\/uploads\/2023\/10\/festival-del-vino-queretano-2023-blog11.jpg\" target=\"_blank\" rel=\"noopener\"><img decoding=\"async\" loading=\"lazy\" width=\"800\" height=\"533\" data-id=\"63124\" src=\"https:\/\/www.de-paseo.com\/queretaro\/wp-content\/uploads\/2023\/10\/festival-del-vino-queretano-2023-blog11.jpg\" alt=\"\" class=\"wp-image-63124\" srcset=\"https:\/\/www.de-paseo.com\/queretaro\/wp-content\/uploads\/2023\/10\/festival-del-vino-queretano-2023-blog11.jpg 800w, https:\/\/www.de-paseo.com\/queretaro\/wp-content\/uploads\/2023\/10\/festival-del-vino-queretano-2023-blog11-300x200.jpg 300w, https:\/\/www.de-paseo.com\/queretaro\/wp-content\/uploads\/2023\/10\/festival-del-vino-queretano-2023-blog11-768x512.jpg 768w\" sizes=\"auto, (max-width: 800px) 100vw, 800px\"\/><\/a><\/figure>\n<figure class=\"wp-block-image size-full\"><a href=\"https:\/\/www.de-paseo.com\/queretaro\/wp-content\/uploads\/2023\/10\/festival-del-vino-queretano-2023-blog12.jpg\" target=\"_blank\" rel=\"noopener\"><img decoding=\"async\" loading=\"lazy\" width=\"800\" height=\"533\" data-id=\"63131\" src=\"https:\/\/www.de-paseo.com\/queretaro\/wp-content\/uploads\/2023\/10\/festival-del-vino-queretano-2023-blog12.jpg\" alt=\"\" class=\"wp-image-63131\" srcset=\"https:\/\/www.de-paseo.com\/queretaro\/wp-content\/uploads\/2023\/10\/festival-del-vino-queretano-2023-blog12.jpg 800w, https:\/\/www.de-paseo.com\/queretaro\/wp-content\/uploads\/2023\/10\/festival-del-vino-queretano-2023-blog12-300x200.jpg 300w, https:\/\/www.de-paseo.com\/queretaro\/wp-content\/uploads\/2023\/10\/festival-del-vino-queretano-2023-blog12-768x512.jpg 768w\" sizes=\"auto, (max-width: 800px) 100vw, 800px\"\/><\/a><\/figure>\n<figure class=\"wp-block-image size-full\"><a href=\"https:\/\/www.de-paseo.com\/queretaro\/wp-content\/uploads\/2023\/10\/festival-del-vino-queretano-2023-blog13.jpg\" target=\"_blank\" rel=\"noopener\"><img decoding=\"async\" loading=\"lazy\" width=\"800\" height=\"533\" data-id=\"63122\" src=\"https:\/\/www.de-paseo.com\/queretaro\/wp-content\/uploads\/2023\/10\/festival-del-vino-queretano-2023-blog13.jpg\" alt=\"\" class=\"wp-image-63122\" srcset=\"https:\/\/www.de-paseo.com\/queretaro\/wp-content\/uploads\/2023\/10\/festival-del-vino-queretano-2023-blog13.jpg 800w, https:\/\/www.de-paseo.com\/queretaro\/wp-content\/uploads\/2023\/10\/festival-del-vino-queretano-2023-blog13-300x200.jpg 300w, https:\/\/www.de-paseo.com\/queretaro\/wp-content\/uploads\/2023\/10\/festival-del-vino-queretano-2023-blog13-768x512.jpg 768w\" sizes=\"auto, (max-width: 800px) 100vw, 800px\"\/><\/a><\/figure>\n<figure class=\"wp-block-image size-full\"><a href=\"https:\/\/www.de-paseo.com\/queretaro\/wp-content\/uploads\/2023\/10\/festival-del-vino-queretano-2023-blog14.jpg\" target=\"_blank\" rel=\"noopener\"><img decoding=\"async\" loading=\"lazy\" width=\"800\" height=\"533\" data-id=\"63130\" src=\"https:\/\/www.de-paseo.com\/queretaro\/wp-content\/uploads\/2023\/10\/festival-del-vino-queretano-2023-blog14.jpg\" alt=\"\" class=\"wp-image-63130\" srcset=\"https:\/\/www.de-paseo.com\/queretaro\/wp-content\/uploads\/2023\/10\/festival-del-vino-queretano-2023-blog14.jpg 800w, https:\/\/www.de-paseo.com\/queretaro\/wp-content\/uploads\/2023\/10\/festival-del-vino-queretano-2023-blog14-300x200.jpg 300w, https:\/\/www.de-paseo.com\/queretaro\/wp-content\/uploads\/2023\/10\/festival-del-vino-queretano-2023-blog14-768x512.jpg 768w\" sizes=\"auto, (max-width: 800px) 100vw, 800px\"\/><\/a><\/figure>\n<\/figure><\/div>\n<p><script type='text\/javascript'>\n!function(f,b,e,v,n,t,s){if(f.fbq)return;n=f.fbq=function(){n.callMethod?\nn.callMethod.apply(n,arguments):n.queue.push(arguments)};if(!f._fbq)f._fbq=n;\nn.push=n;n.loaded=!0;n.version='2.0';n.queue=[];t=b.createElement(e);t.async=!0;\nt.src=v;s=b.getElementsByTagName(e)[0];s.parentNode.insertBefore(t,s)}(window,\ndocument,'script','https:\/\/connect.facebook.net\/en_US\/fbevents.js?v=next');\n<\/script><\/p>\n","protected":false},"excerpt":{"rendered":"<p>Para aquellos que no pudieron disfrutar las vendimias del a\u00f1o, o que si pudieron, pero quer\u00edan aprovechar para conocer todas las etiquetas y vi\u00f1edos que hay en nuestro estado, que pertenecen al Cluster Vitivin\u00edcola de Quer\u00e9taro, esta fue una gran oportunidad. El clima hizo de las suyas, pero esto no fue motivo para no disfrutar [&hellip;]<\/p>\n","protected":false},"author":2,"featured_media":19786,"comment_status":"","ping_status":"","sticky":false,"template":"","format":"standard","meta":{"_monsterinsights_skip_tracking":false,"_monsterinsights_sitenote_active":false,"_monsterinsights_sitenote_note":"","_monsterinsights_sitenote_category":0,"footnotes":""},"categories":[10],"tags":[],"class_list":["post-19785","post","type-post","status-publish","format-standard","has-post-thumbnail","hentry","category-cultura"],"_links":{"self":[{"href":"https:\/\/informebajio.com.mx\/index.php?rest_route=\/wp\/v2\/posts\/19785","targetHints":{"allow":["GET"]}}],"collection":[{"href":"https:\/\/informebajio.com.mx\/index.php?rest_route=\/wp\/v2\/posts"}],"about":[{"href":"https:\/\/informebajio.com.mx\/index.php?rest_route=\/wp\/v2\/types\/post"}],"author":[{"embeddable":true,"href":"https:\/\/informebajio.com.mx\/index.php?rest_route=\/wp\/v2\/users\/2"}],"replies":[{"embeddable":true,"href":"https:\/\/informebajio.com.mx\/index.php?rest_route=%2Fwp%2Fv2%2Fcomments&post=19785"}],"version-history":[{"count":0,"href":"https:\/\/informebajio.com.mx\/index.php?rest_route=\/wp\/v2\/posts\/19785\/revisions"}],"wp:featuredmedia":[{"embeddable":true,"href":"https:\/\/informebajio.com.mx\/index.php?rest_route=\/wp\/v2\/media\/19786"}],"wp:attachment":[{"href":"https:\/\/informebajio.com.mx\/index.php?rest_route=%2Fwp%2Fv2%2Fmedia&parent=19785"}],"wp:term":[{"taxonomy":"category","embeddable":true,"href":"https:\/\/informebajio.com.mx\/index.php?rest_route=%2Fwp%2Fv2%2Fcategories&post=19785"},{"taxonomy":"post_tag","embeddable":true,"href":"https:\/\/informebajio.com.mx\/index.php?rest_route=%2Fwp%2Fv2%2Ftags&post=19785"}],"curies":[{"name":"wp","href":"https:\/\/api.w.org\/{rel}","templated":true}]}}