{"id":22393,"date":"2023-11-21T21:36:40","date_gmt":"2023-11-22T03:36:40","guid":{"rendered":"https:\/\/informebajio.com.mx\/?p=22393"},"modified":"2023-11-21T21:36:40","modified_gmt":"2023-11-22T03:36:40","slug":"castellers-de-vilafranca-en-vinedos-freixenet-mexico","status":"publish","type":"post","link":"https:\/\/informebajio.com.mx\/?p=22393","title":{"rendered":"Castellers de Vilafranca en  Vi\u00f1edos Freixenet M\u00e9xico"},"content":{"rendered":"<div>\n<h4 class=\"wp-block-heading\">Los castillos humanos por primera vez en M\u00e9xico<\/h4>\n<p>Tuvimos la fortuna de poder disfrutar en Quer\u00e9taro, espec\u00edficamente en los Vi\u00f1edos <strong><a href=\"https:\/\/www.de-paseo.com\/queretaro\/item\/cavas-freixenet-mexico\/\" target=\"_blank\" rel=\"noreferrer noopener\">Freixenet M\u00e9xico<\/a><\/strong> de el espect\u00e1culo de los castillos humanos conocidos como Castellers, que son una expresi\u00f3n de la cultura catalana y forman parte del Patrimonio Inmaterial de la Humanidad.<\/p>\n<p>En el evento se presentaron los Catellers de Vilafranca. Esta <em>Colla<\/em> (nombre que se le da a un grupo que hace \u00abcastells\u00bb) se fund\u00f3 hace 75 a\u00f1os y decidieron venir a M\u00e9xico a celebrar su aniversario. Los Castellers de Vilafranca son una de las entidades m\u00e1s importantes y con m\u00e1s proyecci\u00f3n de Villafranca del Panad\u00e9s (municipio de la Provincia de Barcelona) y han representado a esta localidad en numerosas ocasiones en el extranjero.<\/p>\n<p>Las collas est\u00e1n formadas por m\u00e1s m\u00e1s de cuatrocientos <em>castellers<\/em> y <em>castelleres<\/em> (persona que participa en una actividad castellera), de todas las edades. A todos les une la misma afici\u00f3n por levantar <em>castells<\/em>, los valores democr\u00e1ticos, la cooperaci\u00f3n y el trabajo en equipo, el esp\u00edritu de superaci\u00f3n constante, as\u00ed como la esperanza de continuar en la cima del \u00abm\u00f3n casteller\u00bb<\/p>\n<p>Los diferentes grupos de Castellers se distinguen por el color de su camisa. La de los Catellers de Vilafranca es de color verde.<\/p>\n<p>Aproximadamente unos\u00a0 200 Castellers se presentaron en <strong><a href=\"https:\/\/www.de-paseo.com\/queretaro\/item\/cavas-freixenet-mexico\/\" target=\"_blank\" rel=\"noreferrer noopener\">Freixenet M\u00e9xico<\/a><\/strong>, entre ni\u00f1os, j\u00f3venes \u00a0y adultos y deleitaron al p\u00fablico presente con diferentes castillos donde pudimos aprender m\u00e1s de esta extraordinaria tradici\u00f3n.<\/p>\n<p><strong>L<\/strong>A PREPARACI\u00d3N<\/p>\n<figure class=\"wp-block-gallery has-nested-images columns-2 is-cropped wp-block-gallery-1 is-layout-flex wp-block-gallery-is-layout-flex\">\n<figure class=\"wp-block-image size-full\"><a href=\"https:\/\/www.de-paseo.com\/queretaro\/wp-content\/uploads\/2023\/11\/castellers-vilafranca-blog-p1.jpg\" target=\"_blank\" rel=\"noopener\"><img fetchpriority=\"high\" decoding=\"async\" width=\"800\" height=\"533\" data-id=\"63645\" src=\"https:\/\/www.de-paseo.com\/queretaro\/wp-content\/uploads\/2023\/11\/castellers-vilafranca-blog-p1.jpg\" alt=\"\" class=\"wp-image-63645\" srcset=\"https:\/\/www.de-paseo.com\/queretaro\/wp-content\/uploads\/2023\/11\/castellers-vilafranca-blog-p1.jpg 800w, https:\/\/www.de-paseo.com\/queretaro\/wp-content\/uploads\/2023\/11\/castellers-vilafranca-blog-p1-300x200.jpg 300w, https:\/\/www.de-paseo.com\/queretaro\/wp-content\/uploads\/2023\/11\/castellers-vilafranca-blog-p1-768x512.jpg 768w\" sizes=\"(max-width: 800px) 100vw, 800px\"\/><\/a><\/figure>\n<figure class=\"wp-block-image size-full\"><a href=\"https:\/\/www.de-paseo.com\/queretaro\/wp-content\/uploads\/2023\/11\/castellers-vilafranca-blog-p2.jpg\" target=\"_blank\" rel=\"noopener\"><img loading=\"lazy\" decoding=\"async\" width=\"800\" height=\"533\" data-id=\"63644\" src=\"https:\/\/www.de-paseo.com\/queretaro\/wp-content\/uploads\/2023\/11\/castellers-vilafranca-blog-p2.jpg\" alt=\"\" class=\"wp-image-63644\" srcset=\"https:\/\/www.de-paseo.com\/queretaro\/wp-content\/uploads\/2023\/11\/castellers-vilafranca-blog-p2.jpg 800w, https:\/\/www.de-paseo.com\/queretaro\/wp-content\/uploads\/2023\/11\/castellers-vilafranca-blog-p2-300x200.jpg 300w, https:\/\/www.de-paseo.com\/queretaro\/wp-content\/uploads\/2023\/11\/castellers-vilafranca-blog-p2-768x512.jpg 768w\" sizes=\"auto, (max-width: 800px) 100vw, 800px\"\/><\/a><\/figure>\n<figure class=\"wp-block-image size-full\"><a href=\"https:\/\/www.de-paseo.com\/queretaro\/wp-content\/uploads\/2023\/11\/castellers-vilafranca-blog-p3.jpg\" target=\"_blank\" rel=\"noopener\"><img loading=\"lazy\" decoding=\"async\" width=\"800\" height=\"533\" data-id=\"63646\" src=\"https:\/\/www.de-paseo.com\/queretaro\/wp-content\/uploads\/2023\/11\/castellers-vilafranca-blog-p3.jpg\" alt=\"\" class=\"wp-image-63646\" srcset=\"https:\/\/www.de-paseo.com\/queretaro\/wp-content\/uploads\/2023\/11\/castellers-vilafranca-blog-p3.jpg 800w, https:\/\/www.de-paseo.com\/queretaro\/wp-content\/uploads\/2023\/11\/castellers-vilafranca-blog-p3-300x200.jpg 300w, https:\/\/www.de-paseo.com\/queretaro\/wp-content\/uploads\/2023\/11\/castellers-vilafranca-blog-p3-768x512.jpg 768w\" sizes=\"auto, (max-width: 800px) 100vw, 800px\"\/><\/a><\/figure>\n<figure class=\"wp-block-image size-full\"><a href=\"https:\/\/www.de-paseo.com\/queretaro\/wp-content\/uploads\/2023\/11\/castellers-vilafranca-blog-p4.jpg\" target=\"_blank\" rel=\"noopener\"><img loading=\"lazy\" decoding=\"async\" width=\"800\" height=\"533\" data-id=\"63647\" src=\"https:\/\/www.de-paseo.com\/queretaro\/wp-content\/uploads\/2023\/11\/castellers-vilafranca-blog-p4.jpg\" alt=\"\" class=\"wp-image-63647\" srcset=\"https:\/\/www.de-paseo.com\/queretaro\/wp-content\/uploads\/2023\/11\/castellers-vilafranca-blog-p4.jpg 800w, https:\/\/www.de-paseo.com\/queretaro\/wp-content\/uploads\/2023\/11\/castellers-vilafranca-blog-p4-300x200.jpg 300w, https:\/\/www.de-paseo.com\/queretaro\/wp-content\/uploads\/2023\/11\/castellers-vilafranca-blog-p4-768x512.jpg 768w\" sizes=\"auto, (max-width: 800px) 100vw, 800px\"\/><\/a><\/figure>\n<figure class=\"wp-block-image size-full\"><a href=\"https:\/\/www.de-paseo.com\/queretaro\/wp-content\/uploads\/2023\/11\/castellers-vilafrancca-blog-p5.jpg\" target=\"_blank\" rel=\"noopener\"><img loading=\"lazy\" decoding=\"async\" width=\"800\" height=\"533\" data-id=\"63648\" src=\"https:\/\/www.de-paseo.com\/queretaro\/wp-content\/uploads\/2023\/11\/castellers-vilafrancca-blog-p5.jpg\" alt=\"\" class=\"wp-image-63648\" srcset=\"https:\/\/www.de-paseo.com\/queretaro\/wp-content\/uploads\/2023\/11\/castellers-vilafrancca-blog-p5.jpg 800w, https:\/\/www.de-paseo.com\/queretaro\/wp-content\/uploads\/2023\/11\/castellers-vilafrancca-blog-p5-300x200.jpg 300w, https:\/\/www.de-paseo.com\/queretaro\/wp-content\/uploads\/2023\/11\/castellers-vilafrancca-blog-p5-768x512.jpg 768w\" sizes=\"auto, (max-width: 800px) 100vw, 800px\"\/><\/a><\/figure>\n<figure class=\"wp-block-image size-full\"><a href=\"https:\/\/www.de-paseo.com\/queretaro\/wp-content\/uploads\/2023\/11\/castellers-vilafrancca-blog-p6.jpg\" target=\"_blank\" rel=\"noopener\"><img loading=\"lazy\" decoding=\"async\" width=\"800\" height=\"533\" data-id=\"63649\" src=\"https:\/\/www.de-paseo.com\/queretaro\/wp-content\/uploads\/2023\/11\/castellers-vilafrancca-blog-p6.jpg\" alt=\"\" class=\"wp-image-63649\" srcset=\"https:\/\/www.de-paseo.com\/queretaro\/wp-content\/uploads\/2023\/11\/castellers-vilafrancca-blog-p6.jpg 800w, https:\/\/www.de-paseo.com\/queretaro\/wp-content\/uploads\/2023\/11\/castellers-vilafrancca-blog-p6-300x200.jpg 300w, https:\/\/www.de-paseo.com\/queretaro\/wp-content\/uploads\/2023\/11\/castellers-vilafrancca-blog-p6-768x512.jpg 768w\" sizes=\"auto, (max-width: 800px) 100vw, 800px\"\/><\/a><\/figure>\n<\/figure>\n<p>Una peculiaridad de los castells es que cada construcci\u00f3n tiene su propio nombre, formado por la combinaci\u00f3n de la anchura del castillo y su altura.<\/p>\n<p>Un castell se compone de las siguientes partes:<\/p>\n<ul>\n<li>La <strong>pi\u00f1a<\/strong>: formada por un grupo numeroso de castellers que dotan al castillo de una s\u00f3lida base.<\/li>\n<li>El <strong>tronco<\/strong>: la parte central del castillo, que puede ser de altura variable; y en la que cada piso toma el nombre seg\u00fan el nivel: los bajos, segundos, tercios, cuartos, quintos o sextos.<\/li>\n<li>El <strong>pomo<\/strong>: formado por cuatro ni\u00f1os, configura los tres \u00faltimos pisos del castillo.<\/li>\n<li>Los <strong>doses<\/strong>: el primer nivel del pomo, formado por dos ni\u00f1os.<\/li>\n<li><strong>Aixecador<\/strong>: tambi\u00e9n llamado acotxador o cassoleta, es un ni\u00f1o que se coloca sobre los doses agachado.<\/li>\n<li><strong>Enxaneta<\/strong>: el \u00faltimo piso de un castell, el ni\u00f1o que corona la torre y que al levantar su brazo certifica que la construcci\u00f3n ha sido finalizada correctamente.<\/li>\n<\/ul>\n<p>La m\u00fasica juega tambi\u00e9n un papel importante: El \u201cToque de castillos\u201d que indica el levantamiento del mismo. El \u201cToque de vermut\u201d es el que finalmente pone el punto y final a la actuaci\u00f3n e invita a romper filas.<\/p>\n<p>Como los lectores podr\u00e1n imaginar, es dif\u00edcil ver a los Castellers fuera de su pa\u00eds, por lo complicado de trastadar a tantas personas. Pero para todos aquellos que no tuvieron la fortuna de disfrutarlos en M\u00e9xico, aqu\u00ed les compartimos algunas im\u00e1genes.<\/p>\n<figure class=\"wp-block-gallery has-nested-images columns-2 is-cropped wp-block-gallery-2 is-layout-flex wp-block-gallery-is-layout-flex\">\n<figure class=\"wp-block-image size-full\"><a href=\"https:\/\/www.de-paseo.com\/queretaro\/wp-content\/uploads\/2023\/11\/castellers-vilafranca-blog-1.jpg\" target=\"_blank\" rel=\"noopener\"><img loading=\"lazy\" decoding=\"async\" width=\"800\" height=\"533\" data-id=\"63655\" src=\"https:\/\/www.de-paseo.com\/queretaro\/wp-content\/uploads\/2023\/11\/castellers-vilafranca-blog-1.jpg\" alt=\"\" class=\"wp-image-63655\" srcset=\"https:\/\/www.de-paseo.com\/queretaro\/wp-content\/uploads\/2023\/11\/castellers-vilafranca-blog-1.jpg 800w, https:\/\/www.de-paseo.com\/queretaro\/wp-content\/uploads\/2023\/11\/castellers-vilafranca-blog-1-300x200.jpg 300w, https:\/\/www.de-paseo.com\/queretaro\/wp-content\/uploads\/2023\/11\/castellers-vilafranca-blog-1-768x512.jpg 768w\" sizes=\"auto, (max-width: 800px) 100vw, 800px\"\/><\/a><\/figure>\n<figure class=\"wp-block-image size-full\"><a href=\"https:\/\/www.de-paseo.com\/queretaro\/wp-content\/uploads\/2023\/11\/castellers-vilafranca-blog-2.jpg\" target=\"_blank\" rel=\"noopener\"><img loading=\"lazy\" decoding=\"async\" width=\"800\" height=\"533\" data-id=\"63652\" src=\"https:\/\/www.de-paseo.com\/queretaro\/wp-content\/uploads\/2023\/11\/castellers-vilafranca-blog-2.jpg\" alt=\"\" class=\"wp-image-63652\" srcset=\"https:\/\/www.de-paseo.com\/queretaro\/wp-content\/uploads\/2023\/11\/castellers-vilafranca-blog-2.jpg 800w, https:\/\/www.de-paseo.com\/queretaro\/wp-content\/uploads\/2023\/11\/castellers-vilafranca-blog-2-300x200.jpg 300w, https:\/\/www.de-paseo.com\/queretaro\/wp-content\/uploads\/2023\/11\/castellers-vilafranca-blog-2-768x512.jpg 768w\" sizes=\"auto, (max-width: 800px) 100vw, 800px\"\/><\/a><\/figure>\n<figure class=\"wp-block-image size-full\"><a href=\"https:\/\/www.de-paseo.com\/queretaro\/wp-content\/uploads\/2023\/11\/castellers-vilafranca-blog-3.jpg\" target=\"_blank\" rel=\"noopener\"><img loading=\"lazy\" decoding=\"async\" width=\"800\" height=\"533\" data-id=\"63653\" src=\"https:\/\/www.de-paseo.com\/queretaro\/wp-content\/uploads\/2023\/11\/castellers-vilafranca-blog-3.jpg\" alt=\"\" class=\"wp-image-63653\" srcset=\"https:\/\/www.de-paseo.com\/queretaro\/wp-content\/uploads\/2023\/11\/castellers-vilafranca-blog-3.jpg 800w, https:\/\/www.de-paseo.com\/queretaro\/wp-content\/uploads\/2023\/11\/castellers-vilafranca-blog-3-300x200.jpg 300w, https:\/\/www.de-paseo.com\/queretaro\/wp-content\/uploads\/2023\/11\/castellers-vilafranca-blog-3-768x512.jpg 768w\" sizes=\"auto, (max-width: 800px) 100vw, 800px\"\/><\/a><\/figure>\n<figure class=\"wp-block-image size-full\"><a href=\"https:\/\/www.de-paseo.com\/queretaro\/wp-content\/uploads\/2023\/11\/castellers-vilafranca-blog-4.jpg\" target=\"_blank\" rel=\"noopener\"><img loading=\"lazy\" decoding=\"async\" width=\"800\" height=\"533\" data-id=\"63650\" src=\"https:\/\/www.de-paseo.com\/queretaro\/wp-content\/uploads\/2023\/11\/castellers-vilafranca-blog-4.jpg\" alt=\"\" class=\"wp-image-63650\" srcset=\"https:\/\/www.de-paseo.com\/queretaro\/wp-content\/uploads\/2023\/11\/castellers-vilafranca-blog-4.jpg 800w, https:\/\/www.de-paseo.com\/queretaro\/wp-content\/uploads\/2023\/11\/castellers-vilafranca-blog-4-300x200.jpg 300w, https:\/\/www.de-paseo.com\/queretaro\/wp-content\/uploads\/2023\/11\/castellers-vilafranca-blog-4-768x512.jpg 768w\" sizes=\"auto, (max-width: 800px) 100vw, 800px\"\/><\/a><\/figure>\n<figure class=\"wp-block-image size-full\"><a href=\"https:\/\/www.de-paseo.com\/queretaro\/wp-content\/uploads\/2023\/11\/castellers-vilafranca-blog-5.jpg\" target=\"_blank\" rel=\"noopener\"><img loading=\"lazy\" decoding=\"async\" width=\"800\" height=\"533\" data-id=\"63651\" src=\"https:\/\/www.de-paseo.com\/queretaro\/wp-content\/uploads\/2023\/11\/castellers-vilafranca-blog-5.jpg\" alt=\"\" class=\"wp-image-63651\" srcset=\"https:\/\/www.de-paseo.com\/queretaro\/wp-content\/uploads\/2023\/11\/castellers-vilafranca-blog-5.jpg 800w, https:\/\/www.de-paseo.com\/queretaro\/wp-content\/uploads\/2023\/11\/castellers-vilafranca-blog-5-300x200.jpg 300w, https:\/\/www.de-paseo.com\/queretaro\/wp-content\/uploads\/2023\/11\/castellers-vilafranca-blog-5-768x512.jpg 768w\" sizes=\"auto, (max-width: 800px) 100vw, 800px\"\/><\/a><\/figure>\n<figure class=\"wp-block-image size-full\"><a href=\"https:\/\/www.de-paseo.com\/queretaro\/wp-content\/uploads\/2023\/11\/castellers-vilafranca-blog-6.jpg\" target=\"_blank\" rel=\"noopener\"><img loading=\"lazy\" decoding=\"async\" width=\"800\" height=\"533\" data-id=\"63656\" src=\"https:\/\/www.de-paseo.com\/queretaro\/wp-content\/uploads\/2023\/11\/castellers-vilafranca-blog-6.jpg\" alt=\"\" class=\"wp-image-63656\" srcset=\"https:\/\/www.de-paseo.com\/queretaro\/wp-content\/uploads\/2023\/11\/castellers-vilafranca-blog-6.jpg 800w, https:\/\/www.de-paseo.com\/queretaro\/wp-content\/uploads\/2023\/11\/castellers-vilafranca-blog-6-300x200.jpg 300w, https:\/\/www.de-paseo.com\/queretaro\/wp-content\/uploads\/2023\/11\/castellers-vilafranca-blog-6-768x512.jpg 768w\" sizes=\"auto, (max-width: 800px) 100vw, 800px\"\/><\/a><\/figure>\n<figure class=\"wp-block-image size-full\"><a href=\"https:\/\/www.de-paseo.com\/queretaro\/wp-content\/uploads\/2023\/11\/castellers-vilafranca-blog-7.jpg\" target=\"_blank\" rel=\"noopener\"><img loading=\"lazy\" decoding=\"async\" width=\"800\" height=\"533\" data-id=\"63654\" src=\"https:\/\/www.de-paseo.com\/queretaro\/wp-content\/uploads\/2023\/11\/castellers-vilafranca-blog-7.jpg\" alt=\"\" class=\"wp-image-63654\" srcset=\"https:\/\/www.de-paseo.com\/queretaro\/wp-content\/uploads\/2023\/11\/castellers-vilafranca-blog-7.jpg 800w, https:\/\/www.de-paseo.com\/queretaro\/wp-content\/uploads\/2023\/11\/castellers-vilafranca-blog-7-300x200.jpg 300w, https:\/\/www.de-paseo.com\/queretaro\/wp-content\/uploads\/2023\/11\/castellers-vilafranca-blog-7-768x512.jpg 768w\" sizes=\"auto, (max-width: 800px) 100vw, 800px\"\/><\/a><\/figure>\n<figure class=\"wp-block-image size-full\"><a href=\"https:\/\/www.de-paseo.com\/queretaro\/wp-content\/uploads\/2023\/11\/castellers-vilafranca-blog-8.jpg\" target=\"_blank\" rel=\"noopener\"><img loading=\"lazy\" decoding=\"async\" width=\"800\" height=\"533\" data-id=\"63657\" src=\"https:\/\/www.de-paseo.com\/queretaro\/wp-content\/uploads\/2023\/11\/castellers-vilafranca-blog-8.jpg\" alt=\"\" class=\"wp-image-63657\" srcset=\"https:\/\/www.de-paseo.com\/queretaro\/wp-content\/uploads\/2023\/11\/castellers-vilafranca-blog-8.jpg 800w, https:\/\/www.de-paseo.com\/queretaro\/wp-content\/uploads\/2023\/11\/castellers-vilafranca-blog-8-300x200.jpg 300w, https:\/\/www.de-paseo.com\/queretaro\/wp-content\/uploads\/2023\/11\/castellers-vilafranca-blog-8-768x512.jpg 768w\" sizes=\"auto, (max-width: 800px) 100vw, 800px\"\/><\/a><\/figure>\n<figure class=\"wp-block-image size-full\"><a href=\"https:\/\/www.de-paseo.com\/queretaro\/wp-content\/uploads\/2023\/11\/castellers-vilafranca-blog-9.jpg\" target=\"_blank\" rel=\"noopener\"><img loading=\"lazy\" decoding=\"async\" width=\"800\" height=\"533\" data-id=\"63658\" src=\"https:\/\/www.de-paseo.com\/queretaro\/wp-content\/uploads\/2023\/11\/castellers-vilafranca-blog-9.jpg\" alt=\"\" class=\"wp-image-63658\" srcset=\"https:\/\/www.de-paseo.com\/queretaro\/wp-content\/uploads\/2023\/11\/castellers-vilafranca-blog-9.jpg 800w, https:\/\/www.de-paseo.com\/queretaro\/wp-content\/uploads\/2023\/11\/castellers-vilafranca-blog-9-300x200.jpg 300w, https:\/\/www.de-paseo.com\/queretaro\/wp-content\/uploads\/2023\/11\/castellers-vilafranca-blog-9-768x512.jpg 768w\" sizes=\"auto, (max-width: 800px) 100vw, 800px\"\/><\/a><\/figure>\n<\/figure>\n<p>Aprovechamos para agrader a los Catellers de Vilafranca su visita a nuestro pa\u00eds y a Freixenet M\u00e9xico encabezada por Meritxell Ricarte y Luis Ravent\u00f3s, por abrirle sus puertas y permitirnos disfrutar de esta maravillosa tradici\u00f3n.<\/p>\n<figure class=\"wp-block-gallery has-nested-images columns-default is-cropped wp-block-gallery-3 is-layout-flex wp-block-gallery-is-layout-flex\">\n<figure class=\"wp-block-image size-full\"><a href=\"https:\/\/www.de-paseo.com\/queretaro\/wp-content\/uploads\/2023\/11\/castellers-vilafranca-blog-10.jpg\" target=\"_blank\" rel=\"noopener\"><img loading=\"lazy\" decoding=\"async\" width=\"800\" height=\"533\" data-id=\"63659\" src=\"https:\/\/www.de-paseo.com\/queretaro\/wp-content\/uploads\/2023\/11\/castellers-vilafranca-blog-10.jpg\" alt=\"\" class=\"wp-image-63659\" srcset=\"https:\/\/www.de-paseo.com\/queretaro\/wp-content\/uploads\/2023\/11\/castellers-vilafranca-blog-10.jpg 800w, https:\/\/www.de-paseo.com\/queretaro\/wp-content\/uploads\/2023\/11\/castellers-vilafranca-blog-10-300x200.jpg 300w, https:\/\/www.de-paseo.com\/queretaro\/wp-content\/uploads\/2023\/11\/castellers-vilafranca-blog-10-768x512.jpg 768w\" sizes=\"auto, (max-width: 800px) 100vw, 800px\"\/><\/a><\/figure>\n<figure class=\"wp-block-image size-full\"><a href=\"https:\/\/www.de-paseo.com\/queretaro\/wp-content\/uploads\/2023\/11\/castellers-vilafranca-blog-meritxell-luis.jpg\" target=\"_blank\" rel=\"noopener\"><img loading=\"lazy\" decoding=\"async\" width=\"800\" height=\"533\" data-id=\"63660\" src=\"https:\/\/www.de-paseo.com\/queretaro\/wp-content\/uploads\/2023\/11\/castellers-vilafranca-blog-meritxell-luis.jpg\" alt=\"\" class=\"wp-image-63660\" srcset=\"https:\/\/www.de-paseo.com\/queretaro\/wp-content\/uploads\/2023\/11\/castellers-vilafranca-blog-meritxell-luis.jpg 800w, https:\/\/www.de-paseo.com\/queretaro\/wp-content\/uploads\/2023\/11\/castellers-vilafranca-blog-meritxell-luis-300x200.jpg 300w, https:\/\/www.de-paseo.com\/queretaro\/wp-content\/uploads\/2023\/11\/castellers-vilafranca-blog-meritxell-luis-768x512.jpg 768w\" sizes=\"auto, (max-width: 800px) 100vw, 800px\"\/><\/a><\/figure>\n<\/figure><\/div>\n<p><script type='text\/javascript'>\n!function(f,b,e,v,n,t,s){if(f.fbq)return;n=f.fbq=function(){n.callMethod?\nn.callMethod.apply(n,arguments):n.queue.push(arguments)};if(!f._fbq)f._fbq=n;\nn.push=n;n.loaded=!0;n.version='2.0';n.queue=[];t=b.createElement(e);t.async=!0;\nt.src=v;s=b.getElementsByTagName(e)[0];s.parentNode.insertBefore(t,s)}(window,\ndocument,'script','https:\/\/connect.facebook.net\/en_US\/fbevents.js?v=next');\n<\/script><\/p>\n","protected":false},"excerpt":{"rendered":"<p>Los castillos humanos por primera vez en M\u00e9xico Tuvimos la fortuna de poder disfrutar en Quer\u00e9taro, espec\u00edficamente en los Vi\u00f1edos Freixenet M\u00e9xico de el espect\u00e1culo de los castillos humanos conocidos como Castellers, que son una expresi\u00f3n de la cultura catalana y forman parte del Patrimonio Inmaterial de la Humanidad. En el evento se presentaron los [&hellip;]<\/p>\n","protected":false},"author":2,"featured_media":22394,"comment_status":"","ping_status":"","sticky":false,"template":"","format":"standard","meta":{"_monsterinsights_skip_tracking":false,"_monsterinsights_sitenote_active":false,"_monsterinsights_sitenote_note":"","_monsterinsights_sitenote_category":0,"footnotes":""},"categories":[10],"tags":[],"class_list":["post-22393","post","type-post","status-publish","format-standard","has-post-thumbnail","hentry","category-cultura"],"_links":{"self":[{"href":"https:\/\/informebajio.com.mx\/index.php?rest_route=\/wp\/v2\/posts\/22393","targetHints":{"allow":["GET"]}}],"collection":[{"href":"https:\/\/informebajio.com.mx\/index.php?rest_route=\/wp\/v2\/posts"}],"about":[{"href":"https:\/\/informebajio.com.mx\/index.php?rest_route=\/wp\/v2\/types\/post"}],"author":[{"embeddable":true,"href":"https:\/\/informebajio.com.mx\/index.php?rest_route=\/wp\/v2\/users\/2"}],"replies":[{"embeddable":true,"href":"https:\/\/informebajio.com.mx\/index.php?rest_route=%2Fwp%2Fv2%2Fcomments&post=22393"}],"version-history":[{"count":0,"href":"https:\/\/informebajio.com.mx\/index.php?rest_route=\/wp\/v2\/posts\/22393\/revisions"}],"wp:featuredmedia":[{"embeddable":true,"href":"https:\/\/informebajio.com.mx\/index.php?rest_route=\/wp\/v2\/media\/22394"}],"wp:attachment":[{"href":"https:\/\/informebajio.com.mx\/index.php?rest_route=%2Fwp%2Fv2%2Fmedia&parent=22393"}],"wp:term":[{"taxonomy":"category","embeddable":true,"href":"https:\/\/informebajio.com.mx\/index.php?rest_route=%2Fwp%2Fv2%2Fcategories&post=22393"},{"taxonomy":"post_tag","embeddable":true,"href":"https:\/\/informebajio.com.mx\/index.php?rest_route=%2Fwp%2Fv2%2Ftags&post=22393"}],"curies":[{"name":"wp","href":"https:\/\/api.w.org\/{rel}","templated":true}]}}