{"id":2282,"date":"2023-01-24T20:54:55","date_gmt":"2023-01-25T02:54:55","guid":{"rendered":"https:\/\/informebajio.com.mx\/?p=2282"},"modified":"2023-01-24T20:54:55","modified_gmt":"2023-01-25T02:54:55","slug":"alemania-y-francia-60-anos-cooperando-y-apostando-juntos-por-el-futuro","status":"publish","type":"post","link":"https:\/\/informebajio.com.mx\/?p=2282","title":{"rendered":"Alemania y Francia \u2013 60 a\u00f1os cooperando y apostando juntos por el futuro"},"content":{"rendered":"<div id=\"content_nitf\">\n<p>Hace 60 a\u00f1os, Francia y Alemania sellaron su reconciliaci\u00f3n y su compromiso con la paz mundial, con la firma del Tratado del El\u00edseo el 22 de enero de 1963. Cerrando una p\u00e1gina dolorosa de su historia, y con la mirada puesta resolutamente hacia el futuro, los pueblos alem\u00e1n y franc\u00e9s se volvieron aliados, socios y amigos. Nuestros gobiernos y sociedades trabajaron con total convicci\u00f3n hacia este objetivo. Estamos convencidos de que la paz puede y debe ser el \u00fanico camino hacia el futuro, luego de que nuestros pueblos hayan vivido y sufrido la guerra demasiadas veces. Este concepto es hoy la base de la convivencia europea, una convicci\u00f3n fundamental que fue reafirmada recientemente con el Tratado de Aquisgr\u00e1n en 2019.<\/p>\n<p>Europa est\u00e1 en camino hacia una mayor integraci\u00f3n, donde la responsabilidad com\u00fan viene a completar y a enriquecer la soberan\u00eda nacional. Aquellos que respetan a su vecino, que dialogan, que gu\u00edan sus acciones en torno al derecho y la justicia, ya no est\u00e1n en pie de guerra. Nosotros, autores de esta tribuna, nos acordamos de los tiempos \u2013no tan lejanos\u2013 en que una visita al otro lado del r\u00edo Rin requer\u00eda horas de espera en la estaci\u00f3n fronteriza; de las casas de cambio que todav\u00eda entregaban marcos alemanes o francos, divisas que perd\u00edan su utilidad una vez la frontera cruzada. Uno pensar\u00eda que son detalles, pero tanto la creaci\u00f3n del espacio Schengen como la Uni\u00f3n monetaria europea fueron medidas hist\u00f3ricas que significaron un gran paso adelante. Adem\u00e1s, programas como Erasmus+ permiten a j\u00f3venes de toda Europa y del mundo viajar, conocerse, convivir. Como modelo econ\u00f3mico, pol\u00edtico y social, la Uni\u00f3n Europea ha sido y contin\u00faa siendo una historia de \u00e9xito.<\/p>\n<p>La amistad franco-alemana est\u00e1 basada en el entendimiento de que la reconciliaci\u00f3n, el equilibrio y la confianza son fundamentales para una convivencia pac\u00edfica. Est\u00e1 basada en valores comunes: elecciones libres y democr\u00e1ticas, divisi\u00f3n de poderes, acceso a la justicia, a la educaci\u00f3n, a la salud, igualdad de todos ante la ley, libertad de expresi\u00f3n y de los medios de comunicaci\u00f3n, inclusi\u00f3n social. Estos valores no son solo franco-alemanas o europeos, tambi\u00e9n los compartimos con M\u00e9xico. En el \u00e1mbito de los temas globales, trabajamos de la mano en el seno de las Naciones Unidas para proteger el medio ambiente, luchar contra el cambio clim\u00e1tico y garantizar la igualdad de g\u00e9nero.<\/p>\n<p>Nos comprometemos con la defensa exigente del amplio abanico de los derechos humanos. Desde hace diez a\u00f1os, nuestras Embajadas en M\u00e9xico otorgan el Premio Franco-Alem\u00e1n de Derechos Humanos Gilberto Bosques, que recompensa a personas u organizaciones mexicanas por su desempe\u00f1o ejemplar en la defensa de los derechos humanos. Ayer, tuvimos el placer de reconocer la inmensa labor del galardonado para 2023: la Casa de las Mu\u00f1ecas Tiresias, un refugio fundado por Kenya Cuevas que brinda apoyo a las personas trans y lucha por una sociedad m\u00e1s tolerante hacia las poblaciones LGBTIQ+.<\/p>\n<p>Al conmemorar el 60\u00ba Aniversario del Tratado del El\u00edseo, estos valores comunes adquieren un sentido a\u00fan m\u00e1s profundo para nosotros en un contexto marcado por el retorno de la guerra al continente europeo. Desde hace casi un a\u00f1o, el pueblo ucraniano sufre las devastadoras consecuencias de la guerra de agresi\u00f3n de Rusia contra su libre naci\u00f3n. Este conflicto, que es la continuaci\u00f3n de la invasi\u00f3n del este de Ucrania y de la pen\u00ednsula de Crimea en el 2014, viola el derecho internacional y la soberan\u00eda de los Estados, con el que tanto nuestros dos pa\u00edses como M\u00e9xico y la gran mayor\u00eda de la comunidad internacional est\u00e1n firmemente comprometidos. Reafirmamos nuestro apoyo a Ucrania. Esta guerra plante\u00f3 grandes retos europeos y mundiales en los \u00e1mbitos de la seguridad alimentaria, la soberan\u00eda energ\u00e9tica y la migraci\u00f3n. Estos desaf\u00edos se est\u00e1n asumiendo gracias a una mayor cooperaci\u00f3n \u2013tanto europea como mundial\u2013 que hasta ahora nos ha fortalecido; continuaremos trabajando en este sentido.<\/p>\n<p>Seguimos creyendo y apostando por un futuro social, inclusivo y pac\u00edfico, siguiendo la ruta trazada por los autores del Tratado del El\u00edseo. Esta ruta la eligi\u00f3 una gran mayor\u00eda de los pa\u00edses en el mundo, entre ellos M\u00e9xico. Hoy, franceses y alemanes, s\u00f3lo deseamos que la ruta que emprendimos juntos y con la que sellamos nuestra amistad el 22 de enero de 1963 est\u00e9 tambi\u00e9n abierta a otros pueblos que aspiran a la libertad y a la democracia. Incluso a la Ucrania soberana.<\/p>\n<ul>\n<li>\n<p>Je an-Pierre Asvazadourian, Embajador de Francia<\/p>\n<\/li>\n<li>\n<p>Wo lfgang Dold, Embajador de Alemania<\/p>\n<\/li>\n<\/ul>\n<\/div>\n<p><script>\n      !function(f,b,e,v,n,t,s)\n      {if(f.fbq)return;n=f.fbq=function(){n.callMethod?\n      n.callMethod.apply(n,arguments):n.queue.push(arguments)};\n      if(!f._fbq)f._fbq=n;n.push=n;n.loaded=!0;n.version='2.0';\n      n.queue=[];t=b.createElement(e);t.async=!0;\n      t.src=v;s=b.getElementsByTagName(e)[0];\n      s.parentNode.insertBefore(t,s)}(window, document,'script',\n      'https:\/\/connect.facebook.net\/en_US\/fbevents.js');\n      fbq('init', '133913093805922');\n      fbq('track', 'PageView');\n      fbq('track', 'Contact');\n      fbq('track', 'Donate');\n      fbq('track', 'FindLocation');\n      fbq('track', 'Lead');\n      fbq('track', 'Search');\n      fbq('track', 'Subscribe', {value: '0.00', currency: 'MXN', predicted_ltv: '0.00'});\n      fbq('track', 'ViewContent');\n    <\/script><script type=\"text\/javascript\">(function(d, s, id) {\n\t  var js, fjs = d.getElementsByTagName(s)[0];\n\t  if (d.getElementById(id)) return;\n\t  js = d.createElement(s); js.id = id;\n\t  js.src = \"\/\/connect.facebook.net\/es_LA\/sdk.js#xfbml=1&amp;version=v3.3&amp;appId=774389309362880\";\n\t  fjs.parentNode.insertBefore(js, fjs);\n\t}(document, 'script', 'facebook-jssdk'));<\/script><\/p>\n","protected":false},"excerpt":{"rendered":"<p>Hace 60 a\u00f1os, Francia y Alemania sellaron su reconciliaci\u00f3n y su compromiso con la paz mundial, con la firma del Tratado del El\u00edseo el 22 de enero de 1963. Cerrando una p\u00e1gina dolorosa de su historia, y con la mirada puesta resolutamente hacia el futuro, los pueblos alem\u00e1n y franc\u00e9s se volvieron aliados, socios y [&hellip;]<\/p>\n","protected":false},"author":2,"featured_media":2283,"comment_status":"","ping_status":"","sticky":false,"template":"","format":"standard","meta":{"_monsterinsights_skip_tracking":false,"_monsterinsights_sitenote_active":false,"_monsterinsights_sitenote_note":"","_monsterinsights_sitenote_category":0,"footnotes":""},"categories":[9],"tags":[],"class_list":["post-2282","post","type-post","status-publish","format-standard","has-post-thumbnail","hentry","category-deportes"],"_links":{"self":[{"href":"https:\/\/informebajio.com.mx\/index.php?rest_route=\/wp\/v2\/posts\/2282","targetHints":{"allow":["GET"]}}],"collection":[{"href":"https:\/\/informebajio.com.mx\/index.php?rest_route=\/wp\/v2\/posts"}],"about":[{"href":"https:\/\/informebajio.com.mx\/index.php?rest_route=\/wp\/v2\/types\/post"}],"author":[{"embeddable":true,"href":"https:\/\/informebajio.com.mx\/index.php?rest_route=\/wp\/v2\/users\/2"}],"replies":[{"embeddable":true,"href":"https:\/\/informebajio.com.mx\/index.php?rest_route=%2Fwp%2Fv2%2Fcomments&post=2282"}],"version-history":[{"count":0,"href":"https:\/\/informebajio.com.mx\/index.php?rest_route=\/wp\/v2\/posts\/2282\/revisions"}],"wp:featuredmedia":[{"embeddable":true,"href":"https:\/\/informebajio.com.mx\/index.php?rest_route=\/wp\/v2\/media\/2283"}],"wp:attachment":[{"href":"https:\/\/informebajio.com.mx\/index.php?rest_route=%2Fwp%2Fv2%2Fmedia&parent=2282"}],"wp:term":[{"taxonomy":"category","embeddable":true,"href":"https:\/\/informebajio.com.mx\/index.php?rest_route=%2Fwp%2Fv2%2Fcategories&post=2282"},{"taxonomy":"post_tag","embeddable":true,"href":"https:\/\/informebajio.com.mx\/index.php?rest_route=%2Fwp%2Fv2%2Ftags&post=2282"}],"curies":[{"name":"wp","href":"https:\/\/api.w.org\/{rel}","templated":true}]}}