{"id":32728,"date":"2024-05-05T07:46:47","date_gmt":"2024-05-05T12:46:47","guid":{"rendered":"https:\/\/informebajio.com.mx\/?p=32728"},"modified":"2024-05-05T07:46:47","modified_gmt":"2024-05-05T12:46:47","slug":"anuncian-jornada-agrobiodiversidad","status":"publish","type":"post","link":"https:\/\/informebajio.com.mx\/?p=32728","title":{"rendered":"Anuncian jornada agrobiodiversidad"},"content":{"rendered":"<div id=\"content-body-5851641-11847690\">\n<p>Con el objetivo de generar mayor inter\u00e9s entre las nuevas generaciones y en cambio que est\u00e1n teniendo algunas especies se llevar\u00e1 a cabo la<b> jornada agrobiodiversidad <\/b>en la Universidad Aut\u00f3noma de Quer\u00e9taro (UAQ) campus Amealco de Bonfil el pr\u00f3ximo 6 de mayo a partir de las 9 de la ma\u00f1ana. <\/p>\n<p>En sus actividades se tienen contempladas algunas ponencias que ser\u00e1n encabezadas por expertos especialistas sobre el clima y los <b>impactos de la sequ\u00eda,<\/b> adem\u00e1s habr\u00e1 algunos conversatorios en los que los estudiantes podr\u00e1n dispersar algunas de sus dudas. <\/p>\n<p>Una de las m\u00e1s interesantes ser\u00e1<i> \u201cla importancia de los frijoles y su diversidad en Amealco\u201d, \u201cla producci\u00f3n del nopal agroecol\u00f3gico\u201d,<\/i> este, por parte de la productora Juanita Gonz\u00e1lez de Santiago Mexquititl\u00e1n, seguido de Sendith\u00f6, bebida fermentada de manera tradicional a cargo del maestro Daniel L\u00f3pez, coordinador de Derecho Ind\u00edgena de la UAQ.<\/p>\n<p>En otro orden de ideas tambi\u00e9n se estar\u00e1n<b> orientando los cuidados que se deben de tener para los huertos de traspatio,<\/b> ponencias que ser\u00e1n impartidas por expertos quienes ya han experimentado esta alternativa para crear los propios alimentos, adem\u00e1s de que en la galer\u00eda del campus se estar\u00e1 inaugurando la exposici\u00f3n &#8220;agrobiodiversidad: fibras, medicinas, alimentos, s\u00edmbolos&#8221;.<\/p>\n<p>Otro de los temas que estar\u00e1 teniendo ponencia ser\u00e1 <b>&#8220;flores comestibles del Estado de Quer\u00e9taro y del municipio de Amealco&#8221;,<\/b> seguido de la diversidad funci\u00f3n y aplicaci\u00f3n de las algas, para darle paso al ma\u00edz y ritualidad de San Miguel Tlaxcaltepec, en donde habr\u00e1 diferente intercambio de ideas por la importancia que tiene la feria que se realiza anualmente en esta localidad ind\u00edgena.<\/p>\n<p><b id=\"docs-internal-guid-2930709d-7fff-519a-9a0c-459fae978a13\"><b>\u27a1\ufe0f<\/b><a href=\"https:\/\/oem.us16.list-manage.com\/subscribe?u=c04a811ee61dc85305bf7133b&amp;id=f1b85ee5bb\"><b> <\/b><b><u>Suscr\u00edbete a nuestro Newsletter y recibe las notas m\u00e1s relevantes en tu correo<\/u><\/b><\/a><\/b><\/p>\n<p>Uno de los eventos m\u00e1s esperados es la <b>proyecci\u00f3n de la c\u00e1psula sobre los hongos de Amealco y la importancia como regi\u00f3n biocultural seguido de la proyecci\u00f3n<\/b>, \u201cvoces de ma\u00edz\u201d y del documental &#8220;flores del atardecer&#8221;, raz\u00f3n por la cual los estudiantes convocan a la poblaci\u00f3n en general a que se sumen a este tipo de eventos que fortalecen la cultura y hacen conciencia sobre el cambio clim\u00e1tico y metodolog\u00eda para hacer ajustes en la vida cotidiana.<\/p>\n<\/div>\n<p><\/p>\n","protected":false},"excerpt":{"rendered":"<p>Con el objetivo de generar mayor inter\u00e9s entre las nuevas generaciones y en cambio que est\u00e1n teniendo algunas especies se llevar\u00e1 a cabo la jornada agrobiodiversidad en la Universidad Aut\u00f3noma de Quer\u00e9taro (UAQ) campus Amealco de Bonfil el pr\u00f3ximo 6 de mayo a partir de las 9 de la ma\u00f1ana. En sus actividades se tienen [&hellip;]<\/p>\n","protected":false},"author":2,"featured_media":32729,"comment_status":"","ping_status":"","sticky":false,"template":"","format":"standard","meta":{"_monsterinsights_skip_tracking":false,"_monsterinsights_sitenote_active":false,"_monsterinsights_sitenote_note":"","_monsterinsights_sitenote_category":0,"footnotes":""},"categories":[6],"tags":[],"class_list":["post-32728","post","type-post","status-publish","format-standard","has-post-thumbnail","hentry","category-san-juan-del-rio"],"_links":{"self":[{"href":"https:\/\/informebajio.com.mx\/index.php?rest_route=\/wp\/v2\/posts\/32728","targetHints":{"allow":["GET"]}}],"collection":[{"href":"https:\/\/informebajio.com.mx\/index.php?rest_route=\/wp\/v2\/posts"}],"about":[{"href":"https:\/\/informebajio.com.mx\/index.php?rest_route=\/wp\/v2\/types\/post"}],"author":[{"embeddable":true,"href":"https:\/\/informebajio.com.mx\/index.php?rest_route=\/wp\/v2\/users\/2"}],"replies":[{"embeddable":true,"href":"https:\/\/informebajio.com.mx\/index.php?rest_route=%2Fwp%2Fv2%2Fcomments&post=32728"}],"version-history":[{"count":0,"href":"https:\/\/informebajio.com.mx\/index.php?rest_route=\/wp\/v2\/posts\/32728\/revisions"}],"wp:featuredmedia":[{"embeddable":true,"href":"https:\/\/informebajio.com.mx\/index.php?rest_route=\/wp\/v2\/media\/32729"}],"wp:attachment":[{"href":"https:\/\/informebajio.com.mx\/index.php?rest_route=%2Fwp%2Fv2%2Fmedia&parent=32728"}],"wp:term":[{"taxonomy":"category","embeddable":true,"href":"https:\/\/informebajio.com.mx\/index.php?rest_route=%2Fwp%2Fv2%2Fcategories&post=32728"},{"taxonomy":"post_tag","embeddable":true,"href":"https:\/\/informebajio.com.mx\/index.php?rest_route=%2Fwp%2Fv2%2Ftags&post=32728"}],"curies":[{"name":"wp","href":"https:\/\/api.w.org\/{rel}","templated":true}]}}