{"id":32744,"date":"2024-05-05T13:47:56","date_gmt":"2024-05-05T18:47:56","guid":{"rendered":"https:\/\/informebajio.com.mx\/?p=32744"},"modified":"2024-05-05T13:47:56","modified_gmt":"2024-05-05T18:47:56","slug":"hasta-40oc-durante-la-segunda-ola-de-calor-en-queretaro","status":"publish","type":"post","link":"https:\/\/informebajio.com.mx\/?p=32744","title":{"rendered":"Hasta 40\u00baC durante la segunda ola de calor, en Quer\u00e9taro"},"content":{"rendered":"<div id=\"content-body-5851641-11861176\">\n<p>La Comisi\u00f3n Nacional del Agua (Conagua) ha anunciado el inicio de la <b>segunda ola de calor en Quer\u00e9taro<\/b>, as\u00ed como en diversas partes de M\u00e9xico, a partir de este 3 de mayo. Se prev\u00e9 que las <b>temperaturas alcancen entre 35 y 40 grados en el estado.<\/b><\/p>\n<p>Ante estas condiciones clim\u00e1ticas, las autoridades federales recomiendan a la poblaci\u00f3n tomar medidas preventivas para evitar problemas de salud relacionados con el calor.<\/p>\n<p><b id=\"docs-internal-guid-ffb473d6-7fff-409e-3a38-e8c29e1b3f42\"><b>\u27a1\ufe0f<\/b><a href=\"https:\/\/oem.us16.list-manage.com\/subscribe?u=c04a811ee61dc85305bf7133b&amp;id=f1b85ee5bb\"><b> <\/b><b><u>Suscr\u00edbete a nuestro Newsletter y recibe las notas m\u00e1s relevantes en tu correo<\/u><\/b><\/a><\/b><\/p>\n<p>Entre estas medidas se incluye la <b>hidrataci\u00f3n adecuada, evitar la exposici\u00f3n prolongada al sol durante las horas de mayor intensidad,<\/b> especialmente para grupos vulnerables como enfermos cr\u00f3nicos, ni\u00f1os y adultos mayores, y seguir las indicaciones y recomendaciones emitidas por el Sector Salud y de Protecci\u00f3n Civil.<\/p>\n<p>Adem\u00e1s del calor, se prev\u00e9n vientos con rachas de 40 a 60 km\/h en Campeche, Quintana Roo, Tabasco y Yucat\u00e1n, con la posibilidad de tolvaneras en Aguascalientes, Guanajuato, Hidalgo, Jalisco, Oaxaca, Quer\u00e9taro y Veracruz.<\/p>\n<p>En cuanto a las condiciones del tiempo en la regi\u00f3n central del pa\u00eds, <b>se espera un ambiente matutino de fresco a templado<\/b> y la presencia de bancos de niebla en zonas monta\u00f1osas de Hidalgo, norte de Puebla y <b>norte de Quer\u00e9taro.<\/b><\/p>\n<h2><b>ALMACENAMIENTO DE PRESAS QUERETANAS<\/b><\/h2>\n<p>De acuerdo al reporte de las presas, al 3 de mayo de este a\u00f1o, la presa El Centenario, en el municipio de Tequisquiapan; La Llave, en el municipio de San Juan del R\u00edo, y La Venta, en Pedro Escobedo, se encuentran pr\u00e1cticamente vac\u00edas, con el 0% de su nivel de almacenamiento.<\/p>\n<p><b id=\"docs-internal-guid-0469575d-7fff-55ee-32cc-949849f66d9b\"><b>\u27a1\ufe0f <\/b><a href=\"https:\/\/whatsapp.com\/channel\/0029VaS1XM43mFXwgUqPJz26\"><b><u>\u00danete al canal de Diario de Quer\u00e9taro en WhatsApp para no perderte la informaci\u00f3n m\u00e1s importante<\/u><\/b><\/a><\/b><\/p>\n<p>La <b>presa Constituci\u00f3n de 1917,<\/b> en San Juan del R\u00edo, y la<b> presa de San Ildefonso, <\/b>en el municipio de Amealco de Bonfil, cuentan con el 2% de su nivel de almacenamiento. <\/p>\n<p>La <b>presa de Jalpan, <\/b>ubicada en el municipio serrano de Jalpan de Serra, tiene un nivel de almacenamiento del 29%, lo que la convierte en la presa con mayor capacidad en la regi\u00f3n. Por otro lado, la presa de El Bat\u00e1n, localizada en el municipio de Corregidora, registra un nivel de almacenamiento del 7%.<\/p>\n<\/div>\n<p><\/p>\n","protected":false},"excerpt":{"rendered":"<p>La Comisi\u00f3n Nacional del Agua (Conagua) ha anunciado el inicio de la segunda ola de calor en Quer\u00e9taro, as\u00ed como en diversas partes de M\u00e9xico, a partir de este 3 de mayo. Se prev\u00e9 que las temperaturas alcancen entre 35 y 40 grados en el estado. Ante estas condiciones clim\u00e1ticas, las autoridades federales recomiendan a [&hellip;]<\/p>\n","protected":false},"author":2,"featured_media":32745,"comment_status":"","ping_status":"","sticky":false,"template":"","format":"standard","meta":{"_monsterinsights_skip_tracking":false,"_monsterinsights_sitenote_active":false,"_monsterinsights_sitenote_note":"","_monsterinsights_sitenote_category":0,"footnotes":""},"categories":[6],"tags":[],"class_list":["post-32744","post","type-post","status-publish","format-standard","has-post-thumbnail","hentry","category-san-juan-del-rio"],"_links":{"self":[{"href":"https:\/\/informebajio.com.mx\/index.php?rest_route=\/wp\/v2\/posts\/32744","targetHints":{"allow":["GET"]}}],"collection":[{"href":"https:\/\/informebajio.com.mx\/index.php?rest_route=\/wp\/v2\/posts"}],"about":[{"href":"https:\/\/informebajio.com.mx\/index.php?rest_route=\/wp\/v2\/types\/post"}],"author":[{"embeddable":true,"href":"https:\/\/informebajio.com.mx\/index.php?rest_route=\/wp\/v2\/users\/2"}],"replies":[{"embeddable":true,"href":"https:\/\/informebajio.com.mx\/index.php?rest_route=%2Fwp%2Fv2%2Fcomments&post=32744"}],"version-history":[{"count":0,"href":"https:\/\/informebajio.com.mx\/index.php?rest_route=\/wp\/v2\/posts\/32744\/revisions"}],"wp:featuredmedia":[{"embeddable":true,"href":"https:\/\/informebajio.com.mx\/index.php?rest_route=\/wp\/v2\/media\/32745"}],"wp:attachment":[{"href":"https:\/\/informebajio.com.mx\/index.php?rest_route=%2Fwp%2Fv2%2Fmedia&parent=32744"}],"wp:term":[{"taxonomy":"category","embeddable":true,"href":"https:\/\/informebajio.com.mx\/index.php?rest_route=%2Fwp%2Fv2%2Fcategories&post=32744"},{"taxonomy":"post_tag","embeddable":true,"href":"https:\/\/informebajio.com.mx\/index.php?rest_route=%2Fwp%2Fv2%2Ftags&post=32744"}],"curies":[{"name":"wp","href":"https:\/\/api.w.org\/{rel}","templated":true}]}}