{"id":32810,"date":"2024-05-07T00:12:50","date_gmt":"2024-05-07T05:12:50","guid":{"rendered":"https:\/\/informebajio.com.mx\/?p=32810"},"modified":"2024-05-07T00:12:50","modified_gmt":"2024-05-07T05:12:50","slug":"educacion-de-soledad-recomienda-fortalecer-medidas-preventivas-ante-altas-temperaturas-en-escuelas","status":"publish","type":"post","link":"https:\/\/informebajio.com.mx\/?p=32810","title":{"rendered":"EDUCACI\u00d3N DE SOLEDAD RECOMIENDA FORTALECER MEDIDAS PREVENTIVAS ANTE ALTAS TEMPERATURAS EN ESCUELAS"},"content":{"rendered":"<div>\n<ul>\n<li>Es crucial que padres, madres de familia y docentes est\u00e9n atento a los signos de deshidrataci\u00f3n, golpe de calor o agravamiento de condiciones m\u00e9dicas preexistentes en las y los alumnos.<\/li>\n<\/ul>\n<p>Por las altas temperaturas que se registran en el municipio, cuyos efectos pueden ser da\u00f1inos para las y los estudiantes del nivel b\u00e1sico, el Gobierno Municipal de Soledad de Graciano S\u00e1nchez, a trav\u00e9s de la Direcci\u00f3n de Educaci\u00f3n, insiste a padres y madres de familia a acatar medidas preventivas y consejos para evitar que haya afectaciones a su salud.<\/p>\n<p>Ante las olas de calor que, recientemente han provocado temperaturas por encima de los 35\u00b0C en el municipio, se insta a las autoridades de las instituciones educativas a tomar precauciones y permitir a al alumnado el uso de prendas adecuadas para protegerse del sol, como camisetas de manga larga o gorras. Asimismo, se recomienda reubicar las actividades de Educaci\u00f3n F\u00edsica dentro de las aulas para evitar exposici\u00f3n prolongada al sol.<\/p>\n<p>Adem\u00e1s, se hace un llamado a las y los padres de familia para que proporcionen a sus hijos e hijas bloqueadores solares como parte esencial del cuidado diario de la piel, con el fin de prevenir da\u00f1os cut\u00e1neos que puedan afectar la salud de los ni\u00f1os; la hidrataci\u00f3n constante tambi\u00e9n es fundamental, por lo que se recomienda que los ni\u00f1os lleven consigo una botella de agua para asegurar que est\u00e9n bien hidratados.<\/p>\n<figure class=\"wp-block-image size-large\"><img fetchpriority=\"high\" decoding=\"async\" width=\"748\" height=\"950\" src=\"https:\/\/b559124.smushcdn.com\/559124\/wp-content\/uploads\/2024\/05\/46355bf6-941c-4cc8-895d-2e1cfc3d9bf8-748x950.jpeg?lossy=1&amp;strip=1&amp;webp=1\" alt=\"\" class=\"wp-image-180906\" srcset=\"https:\/\/b559124.smushcdn.com\/559124\/wp-content\/uploads\/2024\/05\/46355bf6-941c-4cc8-895d-2e1cfc3d9bf8-118x150.jpeg?lossy=1&amp;strip=1&amp;webp=1 118w, https:\/\/b559124.smushcdn.com\/559124\/wp-content\/uploads\/2024\/05\/46355bf6-941c-4cc8-895d-2e1cfc3d9bf8.jpeg?size=320x406&amp;lossy=1&amp;strip=1&amp;webp=1 320w, https:\/\/b559124.smushcdn.com\/559124\/wp-content\/uploads\/2024\/05\/46355bf6-941c-4cc8-895d-2e1cfc3d9bf8-473x600.jpeg?lossy=1&amp;strip=1&amp;webp=1 473w, https:\/\/b559124.smushcdn.com\/559124\/wp-content\/uploads\/2024\/05\/46355bf6-941c-4cc8-895d-2e1cfc3d9bf8.jpeg?size=640x813&amp;lossy=1&amp;strip=1&amp;webp=1 640w, https:\/\/b559124.smushcdn.com\/559124\/wp-content\/uploads\/2024\/05\/46355bf6-941c-4cc8-895d-2e1cfc3d9bf8-748x950.jpeg?lossy=1&amp;strip=1&amp;webp=1 748w, https:\/\/b559124.smushcdn.com\/559124\/wp-content\/uploads\/2024\/05\/46355bf6-941c-4cc8-895d-2e1cfc3d9bf8-1210x1536.jpeg?lossy=1&amp;strip=1&amp;webp=1 1210w, https:\/\/b559124.smushcdn.com\/559124\/wp-content\/uploads\/2024\/05\/46355bf6-941c-4cc8-895d-2e1cfc3d9bf8.jpeg?lossy=1&amp;strip=1&amp;webp=1 1260w\" sizes=\"(max-width: 748px) 100vw, 748px\"\/><\/figure>\n<p>Se solicita al personal docente estar atentos ante s\u00edntomas de deshidrataci\u00f3n, golpe de calor o malestares preexistentes en los ni\u00f1os como: sudor excesivo, fiebre alta, piel caliente y seca, dolor de cabeza intenso, mareos, confusi\u00f3n e incluso p\u00e9rdida del conocimiento, adem\u00e1s las altas temperaturas pueden empeorar condiciones m\u00e9dicas preexistentes en los ni\u00f1os, como enfermedades card\u00edacas, respiratorias o neurol\u00f3gicas.<\/p>\n<\/p><\/div>\n<p><\/p>\n","protected":false},"excerpt":{"rendered":"<p>Es crucial que padres, madres de familia y docentes est\u00e9n atento a los signos de deshidrataci\u00f3n, golpe de calor o agravamiento de condiciones m\u00e9dicas preexistentes en las y los alumnos. Por las altas temperaturas que se registran en el municipio, cuyos efectos pueden ser da\u00f1inos para las y los estudiantes del nivel b\u00e1sico, el Gobierno [&hellip;]<\/p>\n","protected":false},"author":2,"featured_media":32811,"comment_status":"","ping_status":"","sticky":false,"template":"","format":"standard","meta":{"_monsterinsights_skip_tracking":false,"_monsterinsights_sitenote_active":false,"_monsterinsights_sitenote_note":"","_monsterinsights_sitenote_category":0,"footnotes":""},"categories":[5],"tags":[],"class_list":["post-32810","post","type-post","status-publish","format-standard","has-post-thumbnail","hentry","category-san-luis-potosi"],"_links":{"self":[{"href":"https:\/\/informebajio.com.mx\/index.php?rest_route=\/wp\/v2\/posts\/32810","targetHints":{"allow":["GET"]}}],"collection":[{"href":"https:\/\/informebajio.com.mx\/index.php?rest_route=\/wp\/v2\/posts"}],"about":[{"href":"https:\/\/informebajio.com.mx\/index.php?rest_route=\/wp\/v2\/types\/post"}],"author":[{"embeddable":true,"href":"https:\/\/informebajio.com.mx\/index.php?rest_route=\/wp\/v2\/users\/2"}],"replies":[{"embeddable":true,"href":"https:\/\/informebajio.com.mx\/index.php?rest_route=%2Fwp%2Fv2%2Fcomments&post=32810"}],"version-history":[{"count":0,"href":"https:\/\/informebajio.com.mx\/index.php?rest_route=\/wp\/v2\/posts\/32810\/revisions"}],"wp:featuredmedia":[{"embeddable":true,"href":"https:\/\/informebajio.com.mx\/index.php?rest_route=\/wp\/v2\/media\/32811"}],"wp:attachment":[{"href":"https:\/\/informebajio.com.mx\/index.php?rest_route=%2Fwp%2Fv2%2Fmedia&parent=32810"}],"wp:term":[{"taxonomy":"category","embeddable":true,"href":"https:\/\/informebajio.com.mx\/index.php?rest_route=%2Fwp%2Fv2%2Fcategories&post=32810"},{"taxonomy":"post_tag","embeddable":true,"href":"https:\/\/informebajio.com.mx\/index.php?rest_route=%2Fwp%2Fv2%2Ftags&post=32810"}],"curies":[{"name":"wp","href":"https:\/\/api.w.org\/{rel}","templated":true}]}}