{"id":32846,"date":"2024-05-07T08:02:45","date_gmt":"2024-05-07T13:02:45","guid":{"rendered":"https:\/\/informebajio.com.mx\/?p=32846"},"modified":"2024-05-07T08:02:45","modified_gmt":"2024-05-07T13:02:45","slug":"realizaran-feria-del-autocuidado","status":"publish","type":"post","link":"https:\/\/informebajio.com.mx\/?p=32846","title":{"rendered":"Realizar\u00e1n feria del autocuidado"},"content":{"rendered":"<div id=\"content-body-5851641-11840181\">\n<p>Los pr\u00f3ximos<b> 4 y 5 de mayo <\/b>se llevar\u00e1 a cabo una edici\u00f3n m\u00e1s de la <b>Feria de Autocuidado \u201cConsentirte\u201d<\/b> en el municipio de San Juan del R\u00edo. El evento se realizar\u00e1 en el Parque de Las Gazas en la zona oriente de la ciudad y en \u00e9l habr\u00e1 talleres, conferencias y algunas muestras art\u00edsticas, dio a conocer Samantha Zepeda, integrante del grupo de organizadores.<\/p>\n<p>Se\u00f1al\u00f3 que este proyecto naci\u00f3 con la intenci\u00f3n de generar una cultura del autocuidado desde diferentes perspectivas, <b>desde la salud f\u00edsica hasta el \u00e1mbito psico-emocional.<\/b> Destac\u00f3 uno de los prop\u00f3sitos es guiar a las personas hacia su bienestar. Adem\u00e1s, dijo que en el evento participan instituciones que llevan a cabo talleres y conferencias, as\u00ed como emprendedores que se dedican a la elaboraci\u00f3n del cuidado personal. <\/p>\n<p><i>\u201cNosotros buscamos proyectos que tengan que ver con esta cuesti\u00f3n del autocuidado (\u2026). El ser humano siempre est\u00e1 dispuesto a resolverlos y a enfrentarse a nuevos desaf\u00edos. Entonces, es importante no nada m\u00e1s cubrir esta parte de cuidado personal f\u00edsico, sino tambi\u00e9n intelectual y psicol\u00f3gico, es una parte muy integral. Eso es a grandes rasgos como surgi\u00f3, el querer fusionar todos estos proyectos para un bien com\u00fan\u201d<\/i>, coment\u00f3. <\/p>\n<p>Destac\u00f3 que la Feria de Autocuidado \u201cConsentirte\u201d se realiza en alianza con otras instituciones como <b>\u201cToco Madera\u201d y el Centro Interdisciplinario con Perspectiva de G\u00e9nero \u201cSomos Lila\u201d<\/b>, agrupaci\u00f3n que se dedica a generar estudios, talleres y redes para las mujeres del municipio de San Juan del R\u00edo. <\/p>\n<p>En ese sentido, la activista y representante de \u201cSomos Lila\u201d, Ana Karen Gonz\u00e1lez Solano, se\u00f1al\u00f3 que la agrupaci\u00f3n participa dentro de esta feria co<b>n charlas y talleres con perspectiva de g\u00e9nero cr\u00edtica.<\/b> Explic\u00f3 que la intenci\u00f3n es deconstruir los roles que prevalecen en la sociedad y los cuales establecen a la mujer como un agente dedicado a los cuidados de los dem\u00e1s, a costa de dejar a un lado su propio bienestar. <\/p>\n<p><i>\u201cPor parte de Somos Lila estamos dedicadas a la parte de perspectiva de g\u00e9nero y la creaci\u00f3n de redes en el \u00e1rea de vulnerabilidad, discriminaciones, v\u00edctimas de violencias de g\u00e9nero. Justamente en esta parte de los autocuidados, con la perspectiva de g\u00e9nero, se habla del hecho de la deconstrucci\u00f3n acerca de los roles en espec\u00edfico. Siempre se ha entendido a las mujeres, a las madres desde esta parte como las cuidadoras (\u2026), dej\u00e1ndose de lado para brindar sus cuidados a una persona y generar un desarrollo\u201d,<\/i> apunt\u00f3.<\/p>\n<p><b id=\"docs-internal-guid-240493ad-7fff-4c44-156a-19744e6d7f37\"><b>\u27a1\ufe0f<\/b><a href=\"https:\/\/oem.us16.list-manage.com\/subscribe?u=c04a811ee61dc85305bf7133b&amp;id=f1b85ee5bb\"><b> <\/b><b><u>Suscr\u00edbete a nuestro Newsletter y recibe las notas m\u00e1s relevantes en tu correo<\/u><\/b><\/a><\/b><\/p>\n<p>Finalmente, Samantha Zepeda mencion\u00f3 que se prev\u00e9 la participaci\u00f3n de entre <b>25 y 20 expositores<\/b>, as\u00ed como la asistencia de alrededor de<b> 300 personas<\/b>. Dijo que el horario de la Feria de Autocuidado \u201cConsentirte\u201d ser\u00e1 de<b> 12:00 a 19:00 horas. <\/b><\/p>\n<\/div>\n<p><\/p>\n","protected":false},"excerpt":{"rendered":"<p>Los pr\u00f3ximos 4 y 5 de mayo se llevar\u00e1 a cabo una edici\u00f3n m\u00e1s de la Feria de Autocuidado \u201cConsentirte\u201d en el municipio de San Juan del R\u00edo. El evento se realizar\u00e1 en el Parque de Las Gazas en la zona oriente de la ciudad y en \u00e9l habr\u00e1 talleres, conferencias y algunas muestras art\u00edsticas, [&hellip;]<\/p>\n","protected":false},"author":2,"featured_media":32847,"comment_status":"","ping_status":"","sticky":false,"template":"","format":"standard","meta":{"_monsterinsights_skip_tracking":false,"_monsterinsights_sitenote_active":false,"_monsterinsights_sitenote_note":"","_monsterinsights_sitenote_category":0,"footnotes":""},"categories":[6],"tags":[],"class_list":["post-32846","post","type-post","status-publish","format-standard","has-post-thumbnail","hentry","category-san-juan-del-rio"],"_links":{"self":[{"href":"https:\/\/informebajio.com.mx\/index.php?rest_route=\/wp\/v2\/posts\/32846","targetHints":{"allow":["GET"]}}],"collection":[{"href":"https:\/\/informebajio.com.mx\/index.php?rest_route=\/wp\/v2\/posts"}],"about":[{"href":"https:\/\/informebajio.com.mx\/index.php?rest_route=\/wp\/v2\/types\/post"}],"author":[{"embeddable":true,"href":"https:\/\/informebajio.com.mx\/index.php?rest_route=\/wp\/v2\/users\/2"}],"replies":[{"embeddable":true,"href":"https:\/\/informebajio.com.mx\/index.php?rest_route=%2Fwp%2Fv2%2Fcomments&post=32846"}],"version-history":[{"count":0,"href":"https:\/\/informebajio.com.mx\/index.php?rest_route=\/wp\/v2\/posts\/32846\/revisions"}],"wp:featuredmedia":[{"embeddable":true,"href":"https:\/\/informebajio.com.mx\/index.php?rest_route=\/wp\/v2\/media\/32847"}],"wp:attachment":[{"href":"https:\/\/informebajio.com.mx\/index.php?rest_route=%2Fwp%2Fv2%2Fmedia&parent=32846"}],"wp:term":[{"taxonomy":"category","embeddable":true,"href":"https:\/\/informebajio.com.mx\/index.php?rest_route=%2Fwp%2Fv2%2Fcategories&post=32846"},{"taxonomy":"post_tag","embeddable":true,"href":"https:\/\/informebajio.com.mx\/index.php?rest_route=%2Fwp%2Fv2%2Ftags&post=32846"}],"curies":[{"name":"wp","href":"https:\/\/api.w.org\/{rel}","templated":true}]}}