{"id":32986,"date":"2024-05-09T12:20:09","date_gmt":"2024-05-09T17:20:09","guid":{"rendered":"https:\/\/informebajio.com.mx\/?p=32986"},"modified":"2024-05-09T12:20:09","modified_gmt":"2024-05-09T17:20:09","slug":"gobierno-estatal-lleva-movilidad-sostenible-a-rayon-con-nueva-ciclovia","status":"publish","type":"post","link":"https:\/\/informebajio.com.mx\/?p=32986","title":{"rendered":"GOBIERNO ESTATAL LLEVA MOVILIDAD SOSTENIBLE A RAY\u00d3N CON NUEVA CICLOV\u00cdA"},"content":{"rendered":"<div>\n<p>\u2022 La obra que inici\u00f3 el Gobernador del Estado brindar\u00e1 mayor movilidad y seguridad a la poblaci\u00f3n para transportarse a sus actividades, en una pista confinada, en \u00f3ptimas condiciones.<\/p>\n<p>M\u00e1s de 6 mil 240 personas beneficiarias de la regi\u00f3n Media, contar\u00e1n con una mejor movilidad sostenible y seguridad para transportarse en bicicleta, luego de que este mi\u00e9rcoles, el Titular del Poder Ejecutivo del Estado, Ricardo Gallardo Cardona, inici\u00f3 la construcci\u00f3n de la ciclov\u00eda en la calle Francisco A. Rivas, en la cabecera municipal de Ray\u00f3n, donde se construir\u00e1n mil 460 metros lineales, con una inversi\u00f3n p\u00fablica de 13.11 millones de pesos.<\/p>\n<p>Frente a familias Gallardo Cardona, coment\u00f3 que al interior del Estado tambi\u00e9n se necesitan opciones de comunicaci\u00f3n saludables y amigables con el medio ambiente, por lo que hoy se atiende la demanda de miles de personas que siguen apostando a la bicicleta como el mejor medio de transporte.<\/p>\n<figure class=\"wp-block-image size-large\"><img fetchpriority=\"high\" decoding=\"async\" width=\"950\" height=\"633\" src=\"https:\/\/b559124.smushcdn.com\/559124\/wp-content\/uploads\/2024\/05\/obras-ciclovia-rayon--950x633.jpeg?lossy=1&amp;strip=1&amp;webp=1\" alt=\"\" class=\"wp-image-181215\" srcset=\"https:\/\/b559124.smushcdn.com\/559124\/wp-content\/uploads\/2024\/05\/obras-ciclovia-rayon--150x100.jpeg?lossy=1&amp;strip=1&amp;webp=1 150w, https:\/\/b559124.smushcdn.com\/559124\/wp-content\/uploads\/2024\/05\/obras-ciclovia-rayon-.jpeg?size=320x213&amp;lossy=1&amp;strip=1&amp;webp=1 320w, https:\/\/b559124.smushcdn.com\/559124\/wp-content\/uploads\/2024\/05\/obras-ciclovia-rayon-.jpeg?size=480x320&amp;lossy=1&amp;strip=1&amp;webp=1 480w, https:\/\/b559124.smushcdn.com\/559124\/wp-content\/uploads\/2024\/05\/obras-ciclovia-rayon--600x400.jpeg?lossy=1&amp;strip=1&amp;webp=1 600w, https:\/\/b559124.smushcdn.com\/559124\/wp-content\/uploads\/2024\/05\/obras-ciclovia-rayon-.jpeg?size=800x533&amp;lossy=1&amp;strip=1&amp;webp=1 800w, https:\/\/b559124.smushcdn.com\/559124\/wp-content\/uploads\/2024\/05\/obras-ciclovia-rayon--950x633.jpeg?lossy=1&amp;strip=1&amp;webp=1 950w, https:\/\/b559124.smushcdn.com\/559124\/wp-content\/uploads\/2024\/05\/obras-ciclovia-rayon-.jpeg?lossy=1&amp;strip=1&amp;webp=1 1280w\" sizes=\"(max-width: 800px) 100vw, 800px\"\/><\/figure>\n<p>Agreg\u00f3 que, en Ray\u00f3n, continuar\u00e1 la transformaci\u00f3n del Estado, con la modernizaci\u00f3n de caminos que est\u00e1n por iniciar, como los que llevan a Tortugas, El Pajarito y la carretera hacia Santa Catarina, porque ahora si se invierte en obras para que el municipio acceda al desarrollo del que les priv\u00f3 la herencia maldita.<\/p>\n<p>El proyecto de la ciclov\u00eda abarca 1.46 kil\u00f3metros, m\u00e1s de mil 600 metros de guarniciones, 2 mil 409 metros cuadrados de banquetas y 3 mil 372.6 de concreto hidr\u00e1ulico, adem\u00e1s de que se instalar\u00e1 red de drenaje, cunetas, paraderos de autobuses, 59 luminarias viales de led y se\u00f1al\u00e9tica.<\/p>\n<p>Esta informaci\u00f3n es p\u00fablica, ajena a cualquier inter\u00e9s particular o de alg\u00fan partido pol\u00edtico.<\/p>\n<\/p><\/div>\n<p><\/p>\n","protected":false},"excerpt":{"rendered":"<p>\u2022 La obra que inici\u00f3 el Gobernador del Estado brindar\u00e1 mayor movilidad y seguridad a la poblaci\u00f3n para transportarse a sus actividades, en una pista confinada, en \u00f3ptimas condiciones. M\u00e1s de 6 mil 240 personas beneficiarias de la regi\u00f3n Media, contar\u00e1n con una mejor movilidad sostenible y seguridad para transportarse en bicicleta, luego de que [&hellip;]<\/p>\n","protected":false},"author":2,"featured_media":32987,"comment_status":"","ping_status":"","sticky":false,"template":"","format":"standard","meta":{"_monsterinsights_skip_tracking":false,"_monsterinsights_sitenote_active":false,"_monsterinsights_sitenote_note":"","_monsterinsights_sitenote_category":0,"footnotes":""},"categories":[5],"tags":[],"class_list":["post-32986","post","type-post","status-publish","format-standard","has-post-thumbnail","hentry","category-san-luis-potosi"],"_links":{"self":[{"href":"https:\/\/informebajio.com.mx\/index.php?rest_route=\/wp\/v2\/posts\/32986","targetHints":{"allow":["GET"]}}],"collection":[{"href":"https:\/\/informebajio.com.mx\/index.php?rest_route=\/wp\/v2\/posts"}],"about":[{"href":"https:\/\/informebajio.com.mx\/index.php?rest_route=\/wp\/v2\/types\/post"}],"author":[{"embeddable":true,"href":"https:\/\/informebajio.com.mx\/index.php?rest_route=\/wp\/v2\/users\/2"}],"replies":[{"embeddable":true,"href":"https:\/\/informebajio.com.mx\/index.php?rest_route=%2Fwp%2Fv2%2Fcomments&post=32986"}],"version-history":[{"count":0,"href":"https:\/\/informebajio.com.mx\/index.php?rest_route=\/wp\/v2\/posts\/32986\/revisions"}],"wp:featuredmedia":[{"embeddable":true,"href":"https:\/\/informebajio.com.mx\/index.php?rest_route=\/wp\/v2\/media\/32987"}],"wp:attachment":[{"href":"https:\/\/informebajio.com.mx\/index.php?rest_route=%2Fwp%2Fv2%2Fmedia&parent=32986"}],"wp:term":[{"taxonomy":"category","embeddable":true,"href":"https:\/\/informebajio.com.mx\/index.php?rest_route=%2Fwp%2Fv2%2Fcategories&post=32986"},{"taxonomy":"post_tag","embeddable":true,"href":"https:\/\/informebajio.com.mx\/index.php?rest_route=%2Fwp%2Fv2%2Ftags&post=32986"}],"curies":[{"name":"wp","href":"https:\/\/api.w.org\/{rel}","templated":true}]}}