{"id":44041,"date":"2024-10-29T09:34:56","date_gmt":"2024-10-29T15:34:56","guid":{"rendered":"https:\/\/informebajio.com.mx\/?p=44041"},"modified":"2024-10-29T09:34:56","modified_gmt":"2024-10-29T15:34:56","slug":"votacion-para-elegir-al-rector-de-la-umsnh-que-opina-la-comunidad-nicolaita","status":"publish","type":"post","link":"https:\/\/informebajio.com.mx\/?p=44041","title":{"rendered":"Votaci\u00f3n para elegir al rector de la UMSNH; \u00bfqu\u00e9 opina la comunidad nicolaita?"},"content":{"rendered":"<div id=\"content-body-5851641-12770813\">\n<p>Morelia, Michoac\u00e1n.- Una forma de hacer valer la autonom\u00eda, inclusi\u00f3n y democracia, es como consider\u00f3 la comunidad nicolaita la iniciativa de reforma para elegir a la pr\u00f3xima rectora o rector de la Universidad Michoacana de San Nicol\u00e1s de Hidalgo (UMSNH) a trav\u00e9s del voto popular.<\/p>\n<p>En entrevista con El Sol de Morelia, la reci\u00e9n egresada de la maestr\u00eda en Filosof\u00eda de la Cultura, Guadalupe Arreola Pedraza, indic\u00f3 que es una propuesta importante para la toma de decisiones institucionales, para hacer valer la voluntad universitaria.<\/p>\n<p>Sin embargo, tambi\u00e9n consider\u00f3 que ser\u00e1 necesario contar con varios filtros para evitar la politizaci\u00f3n de la elecci\u00f3n, ya que los candidatos podr\u00edan contar con el apoyo de fuerzas extra universitarias para darse legitimidad.<\/p>\n<p><span class=\"quote\">La voluntad universitaria ha sido representada por la antes Junta de Gobierno y ahora por Comisi\u00f3n de Rector\u00eda; \u00e9sta nunca nos ha brindado transparencia o claridad en c\u00f3mo es que ellos hacen esta elecci\u00f3n<\/span><\/p>\n<p>Para contextualizar, dijo que en 1986 la UMSNH elimin\u00f3 la Junta de Gobierno y se quiso elegir al rector a trav\u00e9s del Consejo Universitario. En ese momento se encontraba en la rector\u00eda interina Ra\u00fal Arreola Cort\u00e9s y en el gobierno estatal Carlos Sol\u00f3rzano <\/p>\n<p>&#8220;Tampoco se pudo llevar a cabalidad porque hubo muchos problemas durante esas elecciones, tanto que hasta el gobierno del Estado falsific\u00f3 una fe de erratas, hubo un amparo federal para la universidad para tratar de respetar su autonom\u00eda universitaria; al final de cuentas termin\u00f3 por politizarse todo, como casi siempre se hace&#8221;. <\/p>\n<p><b>Tambi\u00e9n te podr\u00eda interesar: <a href=\"https:\/\/www.elsoldezamora.com.mx\/deportes\/estudiantes-de-la-umsnh-son-convocados-a-la-seleccion-regional-sub-18-de-la-liga-tdp-12669452.html\" target=\"_blank\" rel=\"Follow noopener\">Estudiantes de la UMSNH son convocados a la Selecci\u00f3n Regional Sub-18 de la Liga TDP<\/a><\/b><\/p>\n<h2>Buena iniciativa para la inclusi\u00f3n<\/h2>\n<p>Por su parte, la estudiante de la Facultad de Letras, Tamara, dijo que la propuesta del gobernador Alfredo Ram\u00edrez Bedolla es un puente para la inclusi\u00f3n hacia la comunidad estudiantil, acad\u00e9mica y administrativa.<\/p>\n<p>Otra de las estudiantes, Diana, de la carrera de Comunicaci\u00f3n, coment\u00f3 que es una manera de incitar a la democracia participativa dentro de la universidad.<\/p>\n<p><b>Tambi\u00e9n te podr\u00eda interesar: <a href=\"https:\/\/www.elsoldezamora.com.mx\/local\/expounis-2024-la-orientacion-vocacional-que-llegara-a-michoacan-12680587.html\" target=\"_blank\" rel=\"Follow noopener\">ExpoUnis 2024, la orientaci\u00f3n vocacional que llegar\u00e1 a Michoac\u00e1n<\/a><\/b><\/p>\n<p><span class=\"quote\">Me parece oportuno abrir espacios para que las y los estudiantes de la universidad y dependencias de preparatoria tengan alternativas de elecci\u00f3n y que no solo est\u00e9 en manos del Consejo<\/span><\/p>\n<h2>\n<\/h2>\n<h2>Y los profesores<\/h2>\n<p>El maestro y bi\u00f3logo Ramiro S\u00e1nchez, tambi\u00e9n coincidi\u00f3 en que la elecci\u00f3n del rector o rectora debe ser por elecci\u00f3n de los propios universitarios y a trav\u00e9s de reglas claras y democr\u00e1ticas.<\/p>\n<p>&#8220;Y que exista un proceso previo de auscultaci\u00f3n, debate por parte de todos para hacer propuestas en concreto a la normatividad&#8221;.<\/p>\n<\/div>\n<p><\/p>\n","protected":false},"excerpt":{"rendered":"<p>Morelia, Michoac\u00e1n.- Una forma de hacer valer la autonom\u00eda, inclusi\u00f3n y democracia, es como consider\u00f3 la comunidad nicolaita la iniciativa de reforma para elegir a la pr\u00f3xima rectora o rector de la Universidad Michoacana de San Nicol\u00e1s de Hidalgo (UMSNH) a trav\u00e9s del voto popular. En entrevista con El Sol de Morelia, la reci\u00e9n egresada [&hellip;]<\/p>\n","protected":false},"author":2,"featured_media":44042,"comment_status":"","ping_status":"","sticky":false,"template":"","format":"standard","meta":{"_monsterinsights_skip_tracking":false,"_monsterinsights_sitenote_active":false,"_monsterinsights_sitenote_note":"","_monsterinsights_sitenote_category":0,"footnotes":""},"categories":[7],"tags":[],"class_list":["post-44041","post","type-post","status-publish","format-standard","has-post-thumbnail","hentry","category-michoacan"],"_links":{"self":[{"href":"https:\/\/informebajio.com.mx\/index.php?rest_route=\/wp\/v2\/posts\/44041","targetHints":{"allow":["GET"]}}],"collection":[{"href":"https:\/\/informebajio.com.mx\/index.php?rest_route=\/wp\/v2\/posts"}],"about":[{"href":"https:\/\/informebajio.com.mx\/index.php?rest_route=\/wp\/v2\/types\/post"}],"author":[{"embeddable":true,"href":"https:\/\/informebajio.com.mx\/index.php?rest_route=\/wp\/v2\/users\/2"}],"replies":[{"embeddable":true,"href":"https:\/\/informebajio.com.mx\/index.php?rest_route=%2Fwp%2Fv2%2Fcomments&post=44041"}],"version-history":[{"count":0,"href":"https:\/\/informebajio.com.mx\/index.php?rest_route=\/wp\/v2\/posts\/44041\/revisions"}],"wp:featuredmedia":[{"embeddable":true,"href":"https:\/\/informebajio.com.mx\/index.php?rest_route=\/wp\/v2\/media\/44042"}],"wp:attachment":[{"href":"https:\/\/informebajio.com.mx\/index.php?rest_route=%2Fwp%2Fv2%2Fmedia&parent=44041"}],"wp:term":[{"taxonomy":"category","embeddable":true,"href":"https:\/\/informebajio.com.mx\/index.php?rest_route=%2Fwp%2Fv2%2Fcategories&post=44041"},{"taxonomy":"post_tag","embeddable":true,"href":"https:\/\/informebajio.com.mx\/index.php?rest_route=%2Fwp%2Fv2%2Ftags&post=44041"}],"curies":[{"name":"wp","href":"https:\/\/api.w.org\/{rel}","templated":true}]}}