{"id":44366,"date":"2024-11-03T08:45:14","date_gmt":"2024-11-03T14:45:14","guid":{"rendered":"https:\/\/informebajio.com.mx\/?p=44366"},"modified":"2024-11-03T08:45:14","modified_gmt":"2024-11-03T14:45:14","slug":"diputado-pide-que-se-aclaren-dudas-sobre-la-obra-del-teleferico-en-uruapan","status":"publish","type":"post","link":"https:\/\/informebajio.com.mx\/?p=44366","title":{"rendered":"Diputado pide que se aclaren dudas sobre la obra del telef\u00e9rico en Uruapan"},"content":{"rendered":"<div id=\"content-body-5851641-12806650\">\n<p>Morelia, Michoac\u00e1n.- Ante la obra del telef\u00e9rico que se encuentra detenida en Uruapan, el presidente de la Comisi\u00f3n de Comunicaciones y Transportes del Congreso del estado, Hugo Rangel Vargas, <b>solicit\u00f3 una reuni\u00f3n con la secretaria de Desarrollo Urbano y Movilidad,<\/b> Gladys Butanda Mac\u00edas, para el siguiente martes, ya que tambi\u00e9n la empresa contratada presenta irregularidades. <\/p>\n<p>En entrevista colectiva, el diputado del Partido del Trabajo (PT) adelant\u00f3 que este pr\u00f3ximo martes se reunir\u00e1 con la secretaria Butanda Mac\u00edas para obtener informaci\u00f3n puntual de la obra que se lleva a cabo en el municipio de Uruapan, que no ha avanzado y que desde el Congreso se tienen varias dudas ante la falta de informaci\u00f3n hacia la 76 Legislatura. <\/p>\n<p><span class=\"quote\">Apenas van arrancando los trabajos de la Comisi\u00f3n del Transporte y por eso, queremos empezar a tener acercamientos con los funcionarios de este ramo, ya que hay varios cuestionamientos de los propios transportistas<\/span><\/p>\n<p>Rangel Vargas refiri\u00f3 que s\u00ed \u201cllama la atenci\u00f3n\u201d que la obra del Telef\u00e9rico est\u00e9 detenida, ante ello, dijo que solicitar\u00e1 a la secretaria de Desarrollo Urbano y Movilidad los estudios del atraso y tambi\u00e9n<b> conocer los estimados de poblaci\u00f3n beneficiaria, <\/b>as\u00ed como el presupuesto total y lo que se ha invertido. <\/p>\n<p><b>Tambi\u00e9n te podr\u00eda interesar:<a href=\"https:\/\/www.elsoldemorelia.com.mx\/local\/inauguracion-del-teleferico-de-morelia-hasta-octubre-de-2026-12597976.html\" target=\"_blank\" rel=\"Follow noopener\"> Inauguraci\u00f3n del telef\u00e9rico de Morelia hasta octubre de 2026<\/a><\/b><\/p>\n<p>Asimismo, el presidente de la Comisi\u00f3n de Comunicaciones y Transportes del Congreso indic\u00f3 que la \u00fanica informaci\u00f3n que tiene a la mano es que la empresa italiana contratada para la construcci\u00f3n del telef\u00e9rico<b> presenta varias observaciones<\/b> sobre algunos accidentes que ya se han presentado en otros proyectos en Europa, de ah\u00ed la importancia de que se tenga m\u00e1s elementos sobre su construcci\u00f3n en el municipio de Uruapan. <\/p>\n<p>\u201cQueremos que la empresa que se contrat\u00f3 para esta obra,<b> garantice la seguridad de los ciudadanos en Uruapan,<\/b> ya que es una obra en la que no se gastaron dos pesos y necesitamos tener toda la informaci\u00f3n\u201d, reiter\u00f3 el legislador. <\/p>\n<p><b>Tambi\u00e9n te podr\u00eda interesar: <a href=\"https:\/\/www.elsoldemorelia.com.mx\/local\/teleferico-de-morelia-conoce-los-detalles-del-nuevo-transporte-aereo-12608891.html\" target=\"_blank\" rel=\"Follow noopener\">Telef\u00e9rico de Morelia, conoce los detalles del nuevo transporte a\u00e9reo<\/a><\/b><\/p>\n<p>Si bien dijo que todav\u00eda no ha tenido acercamiento con los l\u00edderes del transporte en Morelia, el legislador del PT confirm\u00f3 que despu\u00e9s de reunirse con los funcionarios estatales convocar\u00e1 a un encuentro con los transportistas, a fin de que tambi\u00e9n tengan una mayor certidumbre sobre esta nueva modalidad vial. <\/p>\n<p>Hasta agosto de este a\u00f1o las autoridades estatales informaron que esta obra en Uruapan <b>presenta un avance del 46 por ciento<\/b>, tras el montaje de una torre y siete dados que est\u00e1n concluidos, en tanto, se refiri\u00f3 que hay al menos 21 torres m\u00e1s que se encuentran en proceso de construcci\u00f3n con una inversi\u00f3n superior a los tres mil millones de pesos.<\/p>\n<\/div>\n<p><\/p>\n","protected":false},"excerpt":{"rendered":"<p>Morelia, Michoac\u00e1n.- Ante la obra del telef\u00e9rico que se encuentra detenida en Uruapan, el presidente de la Comisi\u00f3n de Comunicaciones y Transportes del Congreso del estado, Hugo Rangel Vargas, solicit\u00f3 una reuni\u00f3n con la secretaria de Desarrollo Urbano y Movilidad, Gladys Butanda Mac\u00edas, para el siguiente martes, ya que tambi\u00e9n la empresa contratada presenta irregularidades. [&hellip;]<\/p>\n","protected":false},"author":2,"featured_media":44367,"comment_status":"","ping_status":"","sticky":false,"template":"","format":"standard","meta":{"_monsterinsights_skip_tracking":false,"_monsterinsights_sitenote_active":false,"_monsterinsights_sitenote_note":"","_monsterinsights_sitenote_category":0,"footnotes":""},"categories":[7],"tags":[],"class_list":["post-44366","post","type-post","status-publish","format-standard","has-post-thumbnail","hentry","category-michoacan"],"_links":{"self":[{"href":"https:\/\/informebajio.com.mx\/index.php?rest_route=\/wp\/v2\/posts\/44366","targetHints":{"allow":["GET"]}}],"collection":[{"href":"https:\/\/informebajio.com.mx\/index.php?rest_route=\/wp\/v2\/posts"}],"about":[{"href":"https:\/\/informebajio.com.mx\/index.php?rest_route=\/wp\/v2\/types\/post"}],"author":[{"embeddable":true,"href":"https:\/\/informebajio.com.mx\/index.php?rest_route=\/wp\/v2\/users\/2"}],"replies":[{"embeddable":true,"href":"https:\/\/informebajio.com.mx\/index.php?rest_route=%2Fwp%2Fv2%2Fcomments&post=44366"}],"version-history":[{"count":0,"href":"https:\/\/informebajio.com.mx\/index.php?rest_route=\/wp\/v2\/posts\/44366\/revisions"}],"wp:featuredmedia":[{"embeddable":true,"href":"https:\/\/informebajio.com.mx\/index.php?rest_route=\/wp\/v2\/media\/44367"}],"wp:attachment":[{"href":"https:\/\/informebajio.com.mx\/index.php?rest_route=%2Fwp%2Fv2%2Fmedia&parent=44366"}],"wp:term":[{"taxonomy":"category","embeddable":true,"href":"https:\/\/informebajio.com.mx\/index.php?rest_route=%2Fwp%2Fv2%2Fcategories&post=44366"},{"taxonomy":"post_tag","embeddable":true,"href":"https:\/\/informebajio.com.mx\/index.php?rest_route=%2Fwp%2Fv2%2Ftags&post=44366"}],"curies":[{"name":"wp","href":"https:\/\/api.w.org\/{rel}","templated":true}]}}