{"id":44558,"date":"2024-11-06T21:00:52","date_gmt":"2024-11-07T03:00:52","guid":{"rendered":"https:\/\/informebajio.com.mx\/?p=44558"},"modified":"2024-11-06T21:00:52","modified_gmt":"2024-11-07T03:00:52","slug":"hasta-diciembre-barragan-definira-si-se-incorpora-al-gobierno-de-sheinbaum","status":"publish","type":"post","link":"https:\/\/informebajio.com.mx\/?p=44558","title":{"rendered":"Hasta diciembre, Barrag\u00e1n definir\u00e1 si se incorpora al gobierno de Sheinbaum\u00a0"},"content":{"rendered":"<div id=\"content-body-5851641-12818481\">\n<p>Morelia, Michoac\u00e1n.- En diciembre, el diputado local de Morena,<b> Juan Carlos Barrag\u00e1n V\u00e9lez, <\/b>definir\u00e1 si se incorpora al gobierno federal de<b> Claudia Sheinbaum Pardo <\/b>tras recibir la invitaci\u00f3n para adherirse o si continuar\u00e1 como legislador en Michoac\u00e1n.<\/p>\n<p>As\u00ed fue adelantado por el propio diputado morenista en entrevista con El Sol de Morelia, quien se\u00f1al\u00f3 que hay una propuesta puntual del equipo de la actual presidenta de M\u00e9xico para <b>formar parte de la administraci\u00f3n federal,<\/b> aunque a\u00fan no hay una dependencia o un \u00e1rea definida, por ello, dijo que est\u00e1 en ese an\u00e1lisis con funcionarios federales. <\/p>\n<p>\u201cLos que estamos en Morena, no llegamos por cargos, sino por encargos y si la presidenta de M\u00e9xico me ocupa en el gobierno federal estar\u00e9 pidiendo licencia como diputado\u201d, revel\u00f3 el legislador morenista. <\/p>\n<p>\u23e9<b> Te puede interesar: <a href=\"https:\/\/www.elsoldemorelia.com.mx\/local\/prd-michoacan-necesita-60-mdp-para-liquidar-a-trabajadores-12767241.html\" target=\"_self\" rel=\"Follow noopener\">PRD Michoac\u00e1n necesita 60 mdp para liquidar a trabajadores<\/a><\/b><\/p>\n<p>Hasta diciembre, seg\u00fan, Barrag\u00e1n V\u00e9lez, tomar\u00e1 la decisi\u00f3n final sobre dejar la diputaci\u00f3n y que su suplente, C\u00e9sar Osuna Belmonte sea quien se quede con la curul en la 76 Legislatura para poder estar al frente de alguna dependencia federal. <\/p>\n<p>El fundador de la organizaci\u00f3n <b>\u201cMano a Mano\u201d<\/b> y quien forma parte del llamado <b>\u201cBloque\u201d al interior de Morena, <\/b>grupo contrario al gobierno del estado, se\u00f1al\u00f3 que tiene experiencia en el gobierno, ya que tambi\u00e9n ha sido funcionario tanto en lo federal como en Michoac\u00e1n en los gobiernos perredistas, el \u00faltimo cargo fue al frente de Desarrollo Social, con el ex mandatario, Silvano Aureoles Conejo. <\/p>\n<p>\u23e9<b> Te puede interesar: <a href=\"https:\/\/www.elsoldemorelia.com.mx\/local\/carlos-quintana-el-unico-candidato-a-la-dirigencia-estatal-del-pan-12774201.html\" target=\"_self\" rel=\"Follow noopener\">Carlos Quintana, el \u00fanico candidato a la dirigencia estatal del PAN<\/a><\/b><\/p>\n<p>Al ser cuestionado sobre si dejar\u00e1 su aspiraci\u00f3n por la presidencia municipal de Morelia para el 2027, Barrag\u00e1n V\u00e9lez respondi\u00f3 que seguir\u00e1 con el mismo proyecto para llegar a la alcald\u00eda de la capital michoacana. <\/p>\n<p>Reiter\u00f3 que su aspiraci\u00f3n para llegar a Morelia sigue en pie, porque todas las encuestas las ha ganado en otros procesos internos en Morena, pero el problema es que en el partido pol\u00edtico se han impuesto a perfiles para contender por Morelia que no han logrado el triunfo en la capital.<\/p>\n<\/div>\n<p><\/p>\n","protected":false},"excerpt":{"rendered":"<p>Morelia, Michoac\u00e1n.- En diciembre, el diputado local de Morena, Juan Carlos Barrag\u00e1n V\u00e9lez, definir\u00e1 si se incorpora al gobierno federal de Claudia Sheinbaum Pardo tras recibir la invitaci\u00f3n para adherirse o si continuar\u00e1 como legislador en Michoac\u00e1n. As\u00ed fue adelantado por el propio diputado morenista en entrevista con El Sol de Morelia, quien se\u00f1al\u00f3 que [&hellip;]<\/p>\n","protected":false},"author":2,"featured_media":44559,"comment_status":"","ping_status":"","sticky":false,"template":"","format":"standard","meta":{"_monsterinsights_skip_tracking":false,"_monsterinsights_sitenote_active":false,"_monsterinsights_sitenote_note":"","_monsterinsights_sitenote_category":0,"footnotes":""},"categories":[7],"tags":[],"class_list":["post-44558","post","type-post","status-publish","format-standard","has-post-thumbnail","hentry","category-michoacan"],"_links":{"self":[{"href":"https:\/\/informebajio.com.mx\/index.php?rest_route=\/wp\/v2\/posts\/44558","targetHints":{"allow":["GET"]}}],"collection":[{"href":"https:\/\/informebajio.com.mx\/index.php?rest_route=\/wp\/v2\/posts"}],"about":[{"href":"https:\/\/informebajio.com.mx\/index.php?rest_route=\/wp\/v2\/types\/post"}],"author":[{"embeddable":true,"href":"https:\/\/informebajio.com.mx\/index.php?rest_route=\/wp\/v2\/users\/2"}],"replies":[{"embeddable":true,"href":"https:\/\/informebajio.com.mx\/index.php?rest_route=%2Fwp%2Fv2%2Fcomments&post=44558"}],"version-history":[{"count":0,"href":"https:\/\/informebajio.com.mx\/index.php?rest_route=\/wp\/v2\/posts\/44558\/revisions"}],"wp:featuredmedia":[{"embeddable":true,"href":"https:\/\/informebajio.com.mx\/index.php?rest_route=\/wp\/v2\/media\/44559"}],"wp:attachment":[{"href":"https:\/\/informebajio.com.mx\/index.php?rest_route=%2Fwp%2Fv2%2Fmedia&parent=44558"}],"wp:term":[{"taxonomy":"category","embeddable":true,"href":"https:\/\/informebajio.com.mx\/index.php?rest_route=%2Fwp%2Fv2%2Fcategories&post=44558"},{"taxonomy":"post_tag","embeddable":true,"href":"https:\/\/informebajio.com.mx\/index.php?rest_route=%2Fwp%2Fv2%2Ftags&post=44558"}],"curies":[{"name":"wp","href":"https:\/\/api.w.org\/{rel}","templated":true}]}}