{"id":44600,"date":"2024-11-07T11:40:23","date_gmt":"2024-11-07T17:40:23","guid":{"rendered":"https:\/\/informebajio.com.mx\/?p=44600"},"modified":"2024-11-07T11:40:23","modified_gmt":"2024-11-07T17:40:23","slug":"el-narcomusical-emilia-perez-pedro-paramo-y-un-homenaje-a-francis-ford-coppola-los-destacados-del-festival-de-cine-de-morelia","status":"publish","type":"post","link":"https:\/\/informebajio.com.mx\/?p=44600","title":{"rendered":"El narcomusical \u2018Emilia P\u00e9rez\u2019, \u2018Pedro P\u00e1ramo\u2019 y un homenaje a Francis Ford Coppola: los destacados del Festival de Cine de Morelia"},"content":{"rendered":"<div data-dtm-region=\"articulo_cuerpo\">\n<p class=\"\">El Festival Internacional de Cine de Morelia (FICM) tiene ya m\u00e1s de dos d\u00e9cadas. Naci\u00f3 con la obsesi\u00f3n de difundir cine mexicano \u2014una filosof\u00eda que no han olvidado\u2014 y si bien sus fundadores no aspiran a que la cita anual en Michoac\u00e1n se convierta en un evento cinematogr\u00e1fico de clase A, como Cannes, San Sebasti\u00e1n o Venecia, es innegable la proyecci\u00f3n internacional y prestigio que ha obtenido con el paso de los a\u00f1os, al punto de convertirse en el certamen cinematogr\u00e1fico de M\u00e9xico por antonomasia. Esta edici\u00f3n, que tendr\u00e1 lugar como de costumbre en la cabecera del municipio hom\u00f3nimo \u2014del 18 al 27 de octubre\u2014, no ser\u00e1 la excepci\u00f3n en cuanto al balance y lo atractivo de su oferta cinematogr\u00e1fica.<\/p>\n<p class=\"\">El FICM dar\u00e1 inicio a casi 10 d\u00edas de cine con el <i>narcomusical<\/i> <i>Emilia P\u00e9rez<\/i>, del director Jacques Audiard, que galardon\u00f3 en Cannes a <a href=\"https:\/\/elpais.com\/mexico\/2024-07-28\/adriana-paz-actriz-ser-madre-y-poder-seguir-mi-sueno-no-ha-sido-facil.html\">la mexicana Adriana Paz<\/a> y a sus coprotagonistas <a href=\"https:\/\/elpais.com\/gente\/2023-01-28\/zoe-saldana-la-actriz-que-bate-records-en-taquilla-y-no-da-que-hablar.html\">Zoe Salda\u00f1a<\/a>, <a href=\"https:\/\/elpais.com\/us\/2024-09-09\/selena-gomez-desvela-que-no-puede-tener-hijos-a-causa-de-sus-problemas-de-salud.html\">Selena Gomez<\/a> y la espa\u00f1ola Karla Sof\u00eda Gasc\u00f3n con <a href=\"https:\/\/elpais.com\/mexico\/2024-05-25\/la-mexicana-adriana-paz-premio-a-mejor-actriz-en-cannes-junto-a-sus-coprotagonist\">el premio a Mejor Actriz<\/a>, adem\u00e1s del Premio del Jurado. En su m\u00e1s reciente pel\u00edcula, Audiard da el salto de las torres blancas y negras del barrio parisino en <i>Las Olimpiadas <\/i>(2021) y se sumergi\u00f3 en el mundo ultraviolento de los narcotraficantes mexicanos, con un elenco latino-espa\u00f1ol.<\/p>\n<aside class=\"a_ei\">\n<header class=\"a_ei_h _db\">M\u00e1s informaci\u00f3n<\/header>\n<\/aside>\n<p class=\"\">Sobrecualificada y sobreexplotada, Rita (Salda\u00f1a) utiliza sus talentos como abogada al servicio de una gran firma m\u00e1s inclinada a blanquear criminales que a hacer justicia. Pero se le abre una puerta de salida inesperada, que ayuda al l\u00edder del c\u00e1rtel Manitas (Gasc\u00f3n) a salir del negocio y llevar a cabo el plan que ha estado perfeccionando en secreto durante a\u00f1os: convertirse finalmente en la mujer que siempre so\u00f1\u00f3 ser, seg\u00fan cuenta la sinopsis.<\/p>\n<p class=\"\">Otros t\u00edtulos internacionales que forman parte de la cartelera ser\u00e1n <i>La habitaci\u00f3n de al lado<\/i>, del cineasta espa\u00f1ol Pedro Almod\u00f3var, una pel\u00edcula que trata de la muerte como lecci\u00f3n de vida y de la amistad como refugio final, que recientemente <a href=\"https:\/\/elpais.com\/expres\/2024-09-08\/almodovar-se-hace-con-el-leon-de-oro-en-venecia-por-la-habitacion-de-al-lado.html\" target=\"_blank\" rel=\"noopener\">se hizo<\/a> con el Le\u00f3n de Oro en el Festival de Venecia. <a href=\"https:\/\/elpais.com\/eps\/2024-09-01\/dentro-de-la-aventura-americana-de-pedro-almodovar-asi-se-gesto-la-habitacion-de-al-lado.html\">El debut en ingl\u00e9s<\/a> del tambi\u00e9n autor de <i>Todo sobre mi madre<\/i> cuenta en sus cr\u00e9ditos con nombres como el de <a href=\"https:\/\/elpais.com\/cultura\/2024-01-25\/tilda-swinton-y-julianne-moore-protagonizaran-la-habitacion-de-al-lado-nueva-pelicula-de-pedro-almodovar.html\">Julianne Moore y Tilda Swinton<\/a> en los protag\u00f3nicos.<\/p>\n<p class=\"\">Asimismo, la organizaci\u00f3n de Morelia presentar\u00e1, como ya es costumbre, a la Palma de Oro del pasado Festival de Cannes, ganada este a\u00f1o por <a href=\"https:\/\/elpais.com\/cultura\/2024-05-25\/la-pelicula-anora-de-sean-baker-gana-la-palma-de-oro-del-festival-de-cannes.html\"><i>Anora<\/i><\/a>, del realizador Sean Baker, sobre una joven prostituta de Brooklyn que tiene la oportunidad de vivir una historia de Cenicienta cuando conoce e impulsivamente se casa con el hijo de un oligarca ruso. Cuando la noticia llega a Rusia, su cuento de hadas se ve amenazado, ya que los padres parten hacia Nueva York para intentar conseguir la anulaci\u00f3n del matrimonio. Otros t\u00edtulos a tomar en cuenta son <a href=\"https:\/\/elpais.com\/cultura\/2024-10-11\/the-apprentice-la-historia-de-trump-la-forja-de-un-tipo-despreciable-que-ni-siquiera-es-autentico-en-su-ideario.html\" target=\"_blank\" rel=\"noopener\"><i>The Apprentice<\/i><\/a>, de Ali Abbasi, que <a href=\"https:\/\/elpais.com\/cultura\/2024-05-21\/el-equipo-de-la-pelicula-the-apprentice-ante-la-amenaza-de-trump-de-demandarles-se-la-proyectamos-donde-quiera.html\">despert\u00f3 el enojo<\/a> y la indignaci\u00f3n del entorno del expresidente y candidato republicano Donald Trump; as\u00ed como <a href=\"https:\/\/elpais.com\/cultura\/2024-09-01\/brad-pitt-y-george-clooney-resuelven-casi-todos-los-problemas-en-el-festival-de-venecia.html\"><i>The Brutalist<\/i><\/a>, de Brady Corbet, quien se hizo con el Le\u00f3n de Oro a mejor direcci\u00f3n, por mencionar algunos.<\/p>\n<h3 class=\"\">La novela cumbre de Rulfo, en la pantalla grande<\/h3>\n<p class=\"\">Murmullos del pasado, historias de vivos que se entrelazan con muertos, una b\u00fasqueda disfrazada de condena y un pueblo fantasmag\u00f3rico llamado Comala. Uno de los platos fuertes mexicanos en Morelia ser\u00e1 la presentaci\u00f3n y estreno nacional de <a href=\"https:\/\/elpais.com\/eps\/2023-12-17\/garcia-marquez-y-otros-clasicos-del-boom-literario-latinoamericano-se-convierten-en-series.html\"><i>Pedro P\u00e1ramo<\/i><\/a>, la cuarta adaptaci\u00f3n al cine de la novela cumbre de Juan Rulfo, que en esta ocasi\u00f3n marca el debut de Rodrigo Prieto en la silla de realizador. El cinefot\u00f3grafo, oriundo de Ciudad de M\u00e9xico, se dio a conocer por su trabajo como director de fotograf\u00eda, por el cual fue <a href=\"https:\/\/elpais.com\/mexico\/2024-01-23\/el-mexicano-rodrigo-prieto-nominado-a-mejor-direccion-de-fotografia-en-los-oscar-por-los-asesinos-de-la-luna.html\" target=\"_blank\" rel=\"noopener\">cuatro veces nominado al Oscar<\/a> y se convirti\u00f3 en un <a href=\"https:\/\/verne.elpais.com\/verne\/2020\/01\/13\/mexico\/1578933211_230159.html\">colaborador habitual<\/a> de la filmograf\u00eda del cineasta estadounidense Martin Scorsese.<\/p>\n<figure class=\"a_m a_m-h \"><span class=\"_db a_m_w _pr lb_btn\"><img alt=\"Still de la cinta 'Pedro P\u00e1ramo'.\" decoding=\"auto\" class=\"_re lazyload a_m-h\" height=\"207\" srcset=\"https:\/\/imagenes.elpais.com\/resizer\/v2\/W4EBVUYPVZH2FAD5ZUK27WW4HA.jpg?auth=1b45b235103b58c087ae7f9a290c51235e3edef48b294e76aa0a880bb35d8f81&amp;width=414 414w,https:\/\/imagenes.elpais.com\/resizer\/v2\/W4EBVUYPVZH2FAD5ZUK27WW4HA.jpg?auth=1b45b235103b58c087ae7f9a290c51235e3edef48b294e76aa0a880bb35d8f81&amp;width=828 640w,https:\/\/imagenes.elpais.com\/resizer\/v2\/W4EBVUYPVZH2FAD5ZUK27WW4HA.jpg?auth=1b45b235103b58c087ae7f9a290c51235e3edef48b294e76aa0a880bb35d8f81&amp;width=980 1000w,https:\/\/imagenes.elpais.com\/resizer\/v2\/W4EBVUYPVZH2FAD5ZUK27WW4HA.jpg?auth=1b45b235103b58c087ae7f9a290c51235e3edef48b294e76aa0a880bb35d8f81&amp;width=1960 1960w\" width=\"414\" sizes=\"auto, (min-width:1199px) 1155px,(min-width:1001px) calc(100vw - 44px),(min-width:768px) 767px, 100vw\" src=\"https:\/\/imagenes.elpais.com\/resizer\/v2\/W4EBVUYPVZH2FAD5ZUK27WW4HA.jpg?auth=1b45b235103b58c087ae7f9a290c51235e3edef48b294e76aa0a880bb35d8f81&amp;width=414\" loading=\"lazy\"\/><svg class=\"icon_multimedia_ampliar | _pa a_m_i a_m_i-a _dn\" viewbox=\"0 0 40 40\"><use xlink:href=\"#svg-ampliar\"\/><\/svg><\/span><figcaption class=\"a_m_p\"><span>Still de la cinta &#8216;Pedro P\u00e1ramo&#8217;.<\/span><span class=\"a_m_m\">CORTES\u00cdA<\/span><\/figcaption><\/figure>\n<p class=\"\">La pel\u00edcula narra el viaje cargado de ilusiones de Juan Preciado buscando la riqueza de un padre a quien no conoce. Pero al llegar a Comala, el lugar donde le dijeron que viv\u00eda, solo encuentra los atroces recuerdos de un pueblo sometido durante d\u00e9cadas por ese hombre, Pedro P\u00e1ramo, condenado por su violenta cruzada en pos del poder y por la furia que despert\u00f3 en \u00e9l su frustrado amor por Susana San Juan.<\/p>\n<p class=\"\">\u201cCasi 70 a\u00f1os despu\u00e9s de su publicaci\u00f3n, el impacto de la novela sigue resonando, marc\u00e1ndola como una de las piezas m\u00e1s significativas de la literatura mexicana. Dirigir esta adaptaci\u00f3n cinematogr\u00e1fica ha sido un reto apasionante y un viaje profundamente personal que me ha llevado a explorar mis propias conexiones con los fantasmas de generaciones anteriores de mi familia\u201d, afirm\u00f3 Prieto en un comunicado de prensa, quien estar\u00e1 presente en Morelia para presentar la pel\u00edcula.<\/p>\n<aside class=\"a_ei\">\n<header class=\"a_ei_h _db\">M\u00e1s informaci\u00f3n<\/header>\n<\/aside>\n<p class=\"\">Otra pel\u00edcula y que, en este caso, forma parte de la competencia en la categor\u00eda de Mejor Largometraje mexicano es lo m\u00e1s nuevo del director Alonso Ruizpalacios. Tras estrenarse internacionalmente en la <i>Berlinale<\/i>, en su cuarto largometraje realiza un tributo tragic\u00f3mico a los invisibles indocumentados que trabajan entre fogones en un restaurante que es una trampa de turistas en Times Square, en Nueva York. Para esta nueva producci\u00f3n, cuenta con <a href=\"https:\/\/elpais.com\/mexico\/2023-09-10\/los-premios-ariel-consagran-a-la-masculinidad-amenazada-de-el-norte-sobre-el-vacio-y-enaltecen-el-gran-momento-de-las-mujeres-en-el-cine-mexicano.html\">Ra\u00fal Briones<\/a>, quien ya trabaj\u00f3 anteriormente con el director en <i>Una pel\u00edcula de polic\u00edas<\/i>, as\u00ed como con la int\u00e9rprete estadounidense <a href=\"https:\/\/elpais.com\/smoda\/famosos\/rooney-mara-actriz-estrella-enigmatica-joaquin-phoenix.html\">Rooney Mara<\/a> \u2014nominada al Oscar por la pel\u00edcula <a href=\"https:\/\/elpais.com\/cultura\/2016\/02\/04\/actualidad\/1454582934_775912.html\"><i>Carol<\/i><\/a> y por la que recibi\u00f3 el galard\u00f3n a mejor actriz en Cannes\u2014.<\/p>\n<p class=\"\">Otra pel\u00edcula mexicana en la competencia de largometraje es <a href=\"https:\/\/elpais.com\/mexico\/2024-02-05\/sujo-la-inocencia-condenada-a-muerte.html\" target=\"_blank\" rel=\"noopener\"><i>Sujo<\/i><\/a>, de las mexicanas Astrid Rondero y Fernanda Valadez, que previamente <a href=\"https:\/\/elpais.com\/mexico\/2024-01-26\/sujo-de-las-mexicanas-astrid-rondero-y-fernanda-valadez-gana-el-premio-a-mejor-pelicula-internacional-en-sundance.html\" target=\"_blank\" rel=\"noopener\">fue la ganadora<\/a> del Gran Premio del Jurado en la categor\u00eda <i>World Cinema Dramatic <\/i>(Pel\u00edcula dram\u00e1tica internacional) en el <a href=\"https:\/\/elpais.com\/smoda\/2024-01-26\/la-sororidad-de-la-sauna-de-humo-confesiones-femeninas-bajo-el-vapor-para-uno-de-los-fenomenos-cinematograficos-del-ano.html\">Festival de Sundance<\/a>. El filme, que se enfrenta a la obra de Ruizpalacios y otros siete filmes, cuenta que cuando matan a un sicario del cartel, este deja atr\u00e1s a Sujo, su amado hijo de 4 a\u00f1os. La sombra de la violencia lo rodea durante cada etapa de su vida en el aislado campo mexicano. A medida que se convierte en hombre, este descubre que cumplir el destino de su padre puede ser ineludible. La secci\u00f3n tendr\u00e1 como jurados al cineasta y guionista ganador del Oscar <a href=\"https:\/\/elpais.com\/cultura\/2024-01-12\/alexander-payne-cineasta-de-estudiante-en-espana-descubri-viridiana-nunca-pense-que-una-pelicula-pudiera-ser-tan-bella-y-subversiva.html\" target=\"_blank\" rel=\"noopener\">Alexander Payne<\/a>, la actriz <a href=\"https:\/\/elpais.com\/smoda\/famosos\/liv-tyler-por-que-desaparecio-la-actriz-destinada-a-ser-estrella-que-se-nego-a-ser-ciudadana-de-segunda-en-hollywood.html\" target=\"_blank\" rel=\"noopener\">Liv Tyler<\/a>; y al realizador <a href=\"https:\/\/elpais.com\/cultura\/2023-09-01\/ira-sachs-los-superheroes-no-tienen-sexo-asi-que-no-representan-la-experiencia-humana.html\" target=\"_blank\" rel=\"noopener\">Ira Sachs<\/a>.<\/p>\n<p class=\"\">Este a\u00f1o <a href=\"https:\/\/moreliafilmfest.com\/el-ficm-da-conocer-la-seleccion-oficial-de-su-22a-edicion\" target=\"_blank\" rel=\"noopener\">la participaci\u00f3n nacional<\/a> ser\u00e1 de 52 cortometrajes, 14 largometrajes documentales, 18 obras michoacanas y 9 largometrajes de ficci\u00f3n<b> <\/b>de cineastas de distintos estados de la Rep\u00fablica.<\/p>\n<h3 class=\"\">Francis Ford Coppola y Bertha Navarro, homenajeados<\/h3>\n<p class=\"\">La organizaci\u00f3n del FICM ha anunciado tambi\u00e9n que Francis Ford Coppola, cinco veces ganador del Oscar, ser\u00e1 galardonado con la Medalla Filmoteca de la UNAM, \u201cpor sus invaluables contribuciones a la cinematograf\u00eda universal\u201d, y se suma as\u00ed al homenaje que le prepara la organizaci\u00f3n con la entrega del Premio a la Excelencia Art\u00edstica. El director, reconocido por obras fundamentales de la historia del cine como <i>El padrino <\/i>o <i>Apocalypse Now<\/i>, presentar\u00e1 su m\u00e1s reciente pel\u00edcula,<i> Megal\u00f3polis<\/i>, un proyecto con el que ha so\u00f1ado <a href=\"https:\/\/elpais.com\/cultura\/2024-05-16\/megalopolis-la-caida-del-imperio-coppola.html\" target=\"_blank\" rel=\"noopener\">durante 40 a\u00f1os<\/a> y que <a href=\"https:\/\/elpais.com\/cultura\/2024-05-17\/francis-ford-coppola-sobre-los-120-millones-que-ha-gastado-en-megalopolis-el-dinero-no-importa.html\" target=\"_blank\" rel=\"noopener\">le cost\u00f3 120 millones de d\u00f3lares<\/a> de su propio bolsillo. Coppola despliega una historia que equipara el presente con la ca\u00edda del imperio romano a trav\u00e9s de un personaje central, el arquitecto Caesar Catilina (<a href=\"https:\/\/elpais.com\/cultura\/2024-02-09\/ferrari-michael-mann-no-recupera-su-antiguo-arte.html\" target=\"_blank\" rel=\"noopener\">Adam Driver<\/a>), obsesionado con dominar el tiempo.<\/p>\n<figure class=\"a_m a_m-h \"><span class=\"_db a_m_w _pr lb_btn\"><img alt=\"Francis Ford Coppola en Telluride, Colorado, en 2021.\" decoding=\"auto\" class=\"_re lazyload a_m-h\" height=\"300\" srcset=\"https:\/\/imagenes.elpais.com\/resizer\/v2\/JRKKAXG7ZRFG5NW2S7X5LXHASA.jpg?auth=2c9ef3b02c5cdfca096c96abbbd012eaa945f67b540d274e4c9bee90a930e955&amp;width=414 414w,https:\/\/imagenes.elpais.com\/resizer\/v2\/JRKKAXG7ZRFG5NW2S7X5LXHASA.jpg?auth=2c9ef3b02c5cdfca096c96abbbd012eaa945f67b540d274e4c9bee90a930e955&amp;width=828 640w,https:\/\/imagenes.elpais.com\/resizer\/v2\/JRKKAXG7ZRFG5NW2S7X5LXHASA.jpg?auth=2c9ef3b02c5cdfca096c96abbbd012eaa945f67b540d274e4c9bee90a930e955&amp;width=980 1000w,https:\/\/imagenes.elpais.com\/resizer\/v2\/JRKKAXG7ZRFG5NW2S7X5LXHASA.jpg?auth=2c9ef3b02c5cdfca096c96abbbd012eaa945f67b540d274e4c9bee90a930e955&amp;width=1960 1960w\" width=\"414\" sizes=\"auto, (min-width:1199px) 1155px,(min-width:1001px) calc(100vw - 44px),(min-width:768px) 767px, 100vw\" src=\"https:\/\/imagenes.elpais.com\/resizer\/v2\/JRKKAXG7ZRFG5NW2S7X5LXHASA.jpg?auth=2c9ef3b02c5cdfca096c96abbbd012eaa945f67b540d274e4c9bee90a930e955&amp;width=414\" loading=\"lazy\"\/><svg class=\"icon_multimedia_ampliar | _pa a_m_i a_m_i-a _dn\" viewbox=\"0 0 40 40\"><use xlink:href=\"#svg-ampliar\"\/><\/svg><\/span><figcaption class=\"a_m_p\"><span>Francis Ford Coppola en Telluride, Colorado, en 2021.<\/span><span class=\"a_m_m\">Vivien Killilea (Getty Images)<\/span><\/figcaption><\/figure>\n<p class=\"\">El festival tambi\u00e9n rendir\u00e1 un homenaje a la productora, realizadora y formadora de cineastas, Bertha Navarro, por sus m\u00e1s de 50 a\u00f1os de trayectoria cinematogr\u00e1fica. Nacida en la Ciudad de M\u00e9xico en 1943, Navarro inici\u00f3 su carrera como realizadora en el cine documental, pero poco a poco orient\u00f3 su trabajo a la producci\u00f3n, por lo que se convirti\u00f3 en la primera mujer productora cinematogr\u00e1fica en M\u00e9xico.<\/p>\n<p class=\"\">El tel\u00f3n se levanta en Morelia. Las alfombras rojas vuelven a desplegarse en la capital del Estado de Michoac\u00e1n y la industria cinematogr\u00e1fica vuelca sus ojos hacia M\u00e9xico.<\/p>\n<\/div>\n<p><\/p>\n","protected":false},"excerpt":{"rendered":"<p>El Festival Internacional de Cine de Morelia (FICM) tiene ya m\u00e1s de dos d\u00e9cadas. Naci\u00f3 con la obsesi\u00f3n de difundir cine mexicano \u2014una filosof\u00eda que no han olvidado\u2014 y si bien sus fundadores no aspiran a que la cita anual en Michoac\u00e1n se convierta en un evento cinematogr\u00e1fico de clase A, como Cannes, San Sebasti\u00e1n [&hellip;]<\/p>\n","protected":false},"author":2,"featured_media":44601,"comment_status":"","ping_status":"","sticky":false,"template":"","format":"standard","meta":{"_monsterinsights_skip_tracking":false,"_monsterinsights_sitenote_active":false,"_monsterinsights_sitenote_note":"","_monsterinsights_sitenote_category":0,"footnotes":""},"categories":[7],"tags":[],"class_list":["post-44600","post","type-post","status-publish","format-standard","has-post-thumbnail","hentry","category-michoacan"],"_links":{"self":[{"href":"https:\/\/informebajio.com.mx\/index.php?rest_route=\/wp\/v2\/posts\/44600","targetHints":{"allow":["GET"]}}],"collection":[{"href":"https:\/\/informebajio.com.mx\/index.php?rest_route=\/wp\/v2\/posts"}],"about":[{"href":"https:\/\/informebajio.com.mx\/index.php?rest_route=\/wp\/v2\/types\/post"}],"author":[{"embeddable":true,"href":"https:\/\/informebajio.com.mx\/index.php?rest_route=\/wp\/v2\/users\/2"}],"replies":[{"embeddable":true,"href":"https:\/\/informebajio.com.mx\/index.php?rest_route=%2Fwp%2Fv2%2Fcomments&post=44600"}],"version-history":[{"count":0,"href":"https:\/\/informebajio.com.mx\/index.php?rest_route=\/wp\/v2\/posts\/44600\/revisions"}],"wp:featuredmedia":[{"embeddable":true,"href":"https:\/\/informebajio.com.mx\/index.php?rest_route=\/wp\/v2\/media\/44601"}],"wp:attachment":[{"href":"https:\/\/informebajio.com.mx\/index.php?rest_route=%2Fwp%2Fv2%2Fmedia&parent=44600"}],"wp:term":[{"taxonomy":"category","embeddable":true,"href":"https:\/\/informebajio.com.mx\/index.php?rest_route=%2Fwp%2Fv2%2Fcategories&post=44600"},{"taxonomy":"post_tag","embeddable":true,"href":"https:\/\/informebajio.com.mx\/index.php?rest_route=%2Fwp%2Fv2%2Ftags&post=44600"}],"curies":[{"name":"wp","href":"https:\/\/api.w.org\/{rel}","templated":true}]}}